{"id":566616,"date":"2025-11-29T12:19:15","date_gmt":"2025-11-29T12:19:15","guid":{"rendered":"https:\/\/www.europesays.com\/fr\/566616\/"},"modified":"2025-11-29T12:19:15","modified_gmt":"2025-11-29T12:19:15","slug":"un-belvedere-a-la-place-de-la-station-service-du-port-de-saint-laurent-du-var","status":"publish","type":"post","link":"https:\/\/www.europesays.com\/fr\/566616\/","title":{"rendered":"un belv\u00e9d\u00e8re \u00e0 la place de la station-service du port de Saint-Laurent-du-Var"},"content":{"rendered":"<p class=\"fs-5 \">La station-service Avia qui, sur la route du Bord-de-Mer, mat\u00e9rialisait l\u2019entr\u00e9e du port de Saint-Laurent-du-Var, a \u00e9t\u00e9 d\u00e9truite.<\/p>\n<p class=\"fs-5 \">\u00c0 la place, un belv\u00e9d\u00e8re doit \u00eatre \u00e9rig\u00e9, au plus tard le 1er juin 2029.<\/p>\n<p class=\"fs-5 \">\u00ab Il agira comme une articulation entre le quai La P\u00e9rouse et la promenade Alain-Gerbault, pr\u00e9sente dans son projet la Chambre de commerce et d\u2019industrie (CCI), concessionnaire du port \u00e0 compter du 1er janvier prochain. Nous avons souhait\u00e9 retravailler l\u2019architecture ext\u00e9rieure de ce b\u00e2timent pour en faire un geste fort, identifiable \u00e0 l\u2019\u00e9chelle de la C\u00f4te d\u2019Azur. L\u2019ensemble des fa\u00e7ades sera envelopp\u00e9 d\u2019une chrysalide de poteaux en b\u00e9ton, \u00e9voquant la m\u00e9taphore des m\u00e2ts des bateaux. \u00bb<\/p>\n<p class=\"fs-5 \">Deux enseignes seront appos\u00e9es sur le b\u00e2timent : \u00ab Saint-Laurent-du-Var \u00bb sur la fa\u00e7ade ouest, et \u00ab Port \u00bb sur la fa\u00e7ade nord.<\/p>\n<p class=\"fs-5 \">\u00ab Nous souhaitons que l\u2019entr\u00e9e de ville soit identifi\u00e9e par toutes les personnes circulant sur la route du Bord-de-Mer et que le b\u00e2timent devienne un signal fort dans un environnement urbain \u00bb, souligne la CCI.<\/p>\n<p>                                                                                Un espace multifonction pour 300 personnes<\/p>\n<p class=\"fs-5 \">Depuis la route du Bord-de-Mer, le niveau -1 (\u00e0 hauteur du quai La P\u00e9rouse) abritera une partie du parking (59 places de stationnements), le bureau du gardien, la salle de r\u00e9union de la capitainerie et d\u2019autres services.<\/p>\n<p class=\"fs-5 \">Le niveau 0 (\u00e0 hauteur de la promenade Alain-Gerbault) desservira 57 places de stationnement.<\/p>\n<p class=\"fs-5 \">Au niveau 1 sera construit un espace multifonction qui pourra accueillir environ 300 personnes.<\/p>\n<p class=\"fs-5 \">\u00ab Trois salles de r\u00e9union seront modulables et \u00e9quip\u00e9es de mat\u00e9riel de vid\u00e9oprojection et de sonorisation. Leur grande taille permettra d\u2019accueillir plus de 25 personnes par salle. Un vaste espace de r\u00e9ception et un salon-bar se prolongeront sur la terrasse, d\u00e9crit la CCI. Une terrasse qui sera utilis\u00e9e pour des \u00e9v\u00e9nements, des expositions artistiques, des projections de films en plein air ou de simples moments de d\u00e9tente. \u00bb<\/p>\n<p class=\"fs-5 \">La chambre de commerce et d\u2019industrie annonce \u00e9galement dans son projet de belv\u00e9d\u00e8re : \u00ab Une sculpture r\u00e9alis\u00e9e par un artiste de talent sera install\u00e9e \u00e0 l\u2019entr\u00e9e du port et sera visible par tous les visiteurs qui entreront ou qui sortiront du port. (\u2026) Une mise en lumi\u00e8re de l\u2019ensemble du b\u00e2timent est pr\u00e9vue pour mettre en sc\u00e8ne l\u2019entr\u00e9e du port et son attractivit\u00e9. \u00bb<\/p>\n","protected":false},"excerpt":{"rendered":"La station-service Avia qui, sur la route du Bord-de-Mer, mat\u00e9rialisait l\u2019entr\u00e9e du port de Saint-Laurent-du-Var, a \u00e9t\u00e9 d\u00e9truite.&hellip;\n","protected":false},"author":2,"featured_media":566617,"comment_status":"","ping_status":"","sticky":false,"template":"","format":"standard","meta":{"footnotes":""},"categories":[2819],"tags":[1111,11,1777,674,1011,27,12,2401,882,25],"class_list":{"0":"post-566616","1":"post","2":"type-post","3":"status-publish","4":"format-standard","5":"has-post-thumbnail","7":"category-nice","8":"tag-actu","9":"tag-actualites","10":"tag-eu","11":"tag-europe","12":"tag-fr","13":"tag-france","14":"tag-news","15":"tag-nice","16":"tag-provence-alpes-cote-dazur","17":"tag-republique-francaise"},"share_on_mastodon":{"url":"https:\/\/pubeurope.com\/@fr\/115632954740773009","error":""},"_links":{"self":[{"href":"https:\/\/www.europesays.com\/fr\/wp-json\/wp\/v2\/posts\/566616","targetHints":{"allow":["GET"]}}],"collection":[{"href":"https:\/\/www.europesays.com\/fr\/wp-json\/wp\/v2\/posts"}],"about":[{"href":"https:\/\/www.europesays.com\/fr\/wp-json\/wp\/v2\/types\/post"}],"author":[{"embeddable":true,"href":"https:\/\/www.europesays.com\/fr\/wp-json\/wp\/v2\/users\/2"}],"replies":[{"embeddable":true,"href":"https:\/\/www.europesays.com\/fr\/wp-json\/wp\/v2\/comments?post=566616"}],"version-history":[{"count":0,"href":"https:\/\/www.europesays.com\/fr\/wp-json\/wp\/v2\/posts\/566616\/revisions"}],"wp:featuredmedia":[{"embeddable":true,"href":"https:\/\/www.europesays.com\/fr\/wp-json\/wp\/v2\/media\/566617"}],"wp:attachment":[{"href":"https:\/\/www.europesays.com\/fr\/wp-json\/wp\/v2\/media?parent=566616"}],"wp:term":[{"taxonomy":"category","embeddable":true,"href":"https:\/\/www.europesays.com\/fr\/wp-json\/wp\/v2\/categories?post=566616"},{"taxonomy":"post_tag","embeddable":true,"href":"https:\/\/www.europesays.com\/fr\/wp-json\/wp\/v2\/tags?post=566616"}],"curies":[{"name":"wp","href":"https:\/\/api.w.org\/{rel}","templated":true}]}}