{"id":566621,"date":"2025-11-29T12:23:11","date_gmt":"2025-11-29T12:23:11","guid":{"rendered":"https:\/\/www.europesays.com\/fr\/566621\/"},"modified":"2025-11-29T12:23:11","modified_gmt":"2025-11-29T12:23:11","slug":"la-revanche-speciale-danthony-lopes-le-vilain-petit-canard-de-lol-devenu-canari-a-nantes","status":"publish","type":"post","link":"https:\/\/www.europesays.com\/fr\/566621\/","title":{"rendered":"La revanche sp\u00e9ciale d\u2019Anthony Lopes, le vilain petit canard de l\u2019OL devenu Canari \u00e0 Nantes"},"content":{"rendered":"<p>En un an, la vie d\u2019Anthony Lopes a bien chang\u00e9. Revenons un peu en arri\u00e8re. Fin novembre 2024, le Portugais \u00e9tait dans une situation particuli\u00e8rement p\u00e9nible \u00e0 l\u2019Olympique Lyonnais. Quelques mois plus t\u00f4t, le club de sa vie lui avait bris\u00e9 le c\u0153ur en lui montrant la porte de sortie lors du mercato d\u2019\u00e9t\u00e9, apr\u00e8s une ultime saison dans la peau d\u2019un titulaire. Les pensionnaires du Groupama Stadium avaient d\u00e9cid\u00e9 de propulser Lucas Perri au poste de num\u00e9ro 1. Un gardien arriv\u00e9 en provenance de Botafogo quelques mois plus t\u00f4t et chaudement recommand\u00e9 par John Textor. <a href=\"https:\/\/www.footmercato.net\/joueur\/anthony-lopes\/\" target=\"_blank\" rel=\"noopener\">Anthony Lopes<\/a> ne pouvait pas lutter. Pour l\u2019enfant du club et l\u2019ex-membre des Bad Gones, le coup \u00e9tait rude. D\u2019autant que la direction lyonnaise lui a envoy\u00e9 un message plut\u00f4t clair en recrutant R\u00e9my Descamps pour occuper le r\u00f4le de doublure du Br\u00e9silien.<\/p>\n<p>            La suite apr\u00e8s cette publicit\u00e9<\/p>\n<p>        Le vilain petit canard de Lyon<\/p>\n<p>Longtemps ferm\u00e9 \u00e0 un d\u00e9part, le Portugais a finalement accept\u00e9 les avances du FC <a href=\"https:\/\/www.footmercato.net\/club\/fc-nantes\/\" target=\"_blank\" rel=\"noopener\">Nantes<\/a> en fin de mercato. Un accord de principe avait m\u00eame \u00e9t\u00e9 trouv\u00e9 entre le joueur et les pensionnaires du stade de La Beaujoire. Mais le transfert avort\u00e9 d\u2019Alban Lafont a tout fait capoter. Lopes est finalement rest\u00e9 entre Rh\u00f4ne et Sa\u00f4ne, sachant pertinemment qu\u2019il serait tr\u00e8s compliqu\u00e9 voire impossible d\u2019avoir sa chance. Cela s\u2019est confirm\u00e9 puisque Pierre Sage, en poste \u00e0 l\u2019\u00e9poque, a accord\u00e9 sa totale confiance \u00e0 Perri, qui le lui a bien rendu sur le terrain. Mis au placard, Anthony Lopes, dont l\u2019important salaire \u00e9tait une \u00e9pine dans le pied des Lyonnais et qui s\u2019est senti exclu comme le vilain petit canard, a continu\u00e9 \u00e0 s\u2019entra\u00eener avec les pros. Il suivait des s\u00e9ances individualis\u00e9es les jours de match, puisqu\u2019il n\u2019\u00e9tait pas convi\u00e9.<\/p>\n<p>En marge du groupe, il a v\u00e9cu une situation peu \u00e9vidente en attendant une opportunit\u00e9. Celle-ci n\u2019est pas venue. R\u00e9sign\u00e9, il a ouvert la porte \u00e0 un d\u00e9part lors du mercato d\u2019hiver 2025. Et c\u2019est au FC Nantes qu\u2019il a d\u00e9cid\u00e9 de poursuivre sa carri\u00e8re. Les Canaris ont officialis\u00e9 son arriv\u00e9e le 30 d\u00e9cembre, apr\u00e8s la r\u00e9siliation du contrat du gardien \u00e0 Lyon. \u00ab Le FC Nantes et Anthony Lopes sont parvenus \u00e0 un accord pour l\u2019arriv\u00e9e du gardien de but pour les six prochains mois plus deux ans en option\u00bb, pouvait-on lire sur le communiqu\u00e9 de presse. Pr\u00eat \u00e0 enfiler les gants, le natif de Givors avait des fourmis dans les jambes apr\u00e8s avoir v\u00e9cu le moment le plus dur de sa carri\u00e8re. C\u2019est ce qu\u2019il avait avou\u00e9 lors de sa pr\u00e9sentation. <\/p>\n<p>            La suite apr\u00e8s cette publicit\u00e9<\/p>\n<p>        Un Canari \u00e9panoui \u00e0 Nantes<\/p>\n<p>\u00abRevanchard, c\u2019est le bon mot. Je ne peux pas revenir sur le pass\u00e9, c\u2019est comme \u00e7a, mais je ne suis pas l\u00e0 pour faire des choses qui d\u00e9passent ma fonction, je suis l\u00e0 pour \u00eatre le plus performant possible. J\u2019ai dig\u00e9r\u00e9 d\u00e9j\u00e0 avant, il a fallu switcher, \u00e7a m\u2019a permis de me conna\u00eetre encore plus apr\u00e8s onze ans \u00e0 45 matches de moyenne par saison. Ne plus jouer du jour au lendemain, c\u2019\u00e9tait tout nouveau et aujourd\u2019hui, je suis pr\u00eat. On en a discut\u00e9 mais le FCN attend surtout que je sois performant, ce que je veux \u00e0 tout prix. Apr\u00e8s, j\u2019ai un leadership naturel, donc je le ferai avec grand plaisir mais je viens d\u2019abord pour encha\u00eener, travailler pour donner le meilleur de nous-m\u00eames.\u00bb La mission a \u00e9t\u00e9 accomplie puisque Nantes a fini en 13e position au classement.<\/p>\n<p>De son c\u00f4t\u00e9, Lopes a particip\u00e9 \u00e0 18 rencontres toutes comp\u00e9titions confondues sous ses nouvelles couleurs. Dans une \u00e9quipe plus expos\u00e9e, il a encaiss\u00e9 26 buts et r\u00e9alis\u00e9 3 clean sheets. Au-del\u00e0 des chiffres, il a apport\u00e9 son exp\u00e9rience et son caract\u00e8re \u00e0 l\u2019\u00e9quipe. C\u2019est toujours le cas cette saison sous les ordres de Luis Castro o\u00f9 il est consid\u00e9r\u00e9 comme un \u00ableader\u00bb nous assure-t-on. Pour le moment, l\u2019ancien de l\u2019OL, qui a refus\u00e9 les avances de Brest durant l\u2019\u00e9t\u00e9, a pris part \u00e0 12 rencontres de <a href=\"https:\/\/www.footmercato.net\/france\/ligue-1\/\" target=\"_blank\" rel=\"noopener\">Ligue 1<\/a>, toutes en tant que titulaire (1079 minutes de jeu). Il n\u2019a manqu\u00e9 qu\u2019un match en raison d\u2019un souci \u00e0 la hanche. C\u2019\u00e9tait face au HAC le 11 novembre dernier. Mis \u00e0 part cela, il est un \u00e9l\u00e9ment important du groupe nantais, lui qui a encaiss\u00e9 18 buts et r\u00e9alis\u00e9 2 clean sheets. <\/p>\n<p>            La suite apr\u00e8s cette publicit\u00e9<\/p>\n<p>        Un avenir qui pose question<\/p>\n<p>Comme toujours, il fait aussi entendre sa voix. C\u2019\u00e9tait le cas r\u00e9cemment apr\u00e8s le nul (1-1) contre Lorient. Le joueur de 35 ans a pouss\u00e9 un coup de gueule contre l\u2019arbitrage. Nul doute qu\u2019il en fera de m\u00eame si une situation du genre se produit dimanche \u00e0 l\u2019occasion du d\u00e9placement de Nantes au Groupama Stadium. Un stade que conna\u00eet parfaitement Lopes, qui s\u2019installera pour la premi\u00e8re fois dans le vestiaire visiteur. En effet, la seule fois qu\u2019il a crois\u00e9 la route des Gones la saison derni\u00e8re c\u2019\u00e9tait le 26 janvier dernier \u00e0 La Beaujoire (1-1). Inutile de dire que son come-back dimanche sera particulier. M\u00eame si un accueil chaleureux de son ancien public lui ferait chaud au c\u0153ur, Lopes restera concentr\u00e9 et professionnel. En effet, Nantes, 15e au <a href=\"https:\/\/www.footmercato.net\/france\/ligue-1\/classement\" target=\"_blank\" rel=\"noopener\">classement<\/a>, reste sur 3 d\u00e9faites. <\/p>\n<p>Malgr\u00e9 cette situation difficile et les probl\u00e8mes qu\u2019il peut y avoir, Lopes, v\u00e9ritable guerrier, ne veut rien l\u00e2cher nous a-t-on fait savoir. Impliqu\u00e9, il arrive aussi \u00e0 un tournant de son aventure nantaise dans les prochains mois puisqu\u2019il est en fin de contrat. Interrog\u00e9 le mois dernier par L\u2019Equipe, il avait confi\u00e9 : \u00ab j\u2019ai un an en option, activ\u00e9 en cas de maintien et selon un nombre de matches effectu\u00e9s. Tout est ouvert. Moi, j\u2019ai besoin de jouer dans des stades pleins. Donc la Beaujoire me pla\u00eet plut\u00f4t bien, il y a toujours une belle ambiance. Je savais qu\u2019en venant ici, \u00e7a allait \u00eatre un point positif. Tant que mon corps r\u00e9pond favorablement \u00e0 l\u2019exigence du haut niveau, je ne me fixe aucune limite. Je suis toujours en mission.\u00bb Aller voir ailleurs n\u2019est pas exclu en fin de saison nous a-t-on fait savoir le concernant. Pour le moment, \u00e7a ne se bouscule pas vraiment au portillon. Mais Anthony Lopes a d\u2019autres chats \u00e0 fouetter. <a href=\"https:\/\/www.footmercato.net\/live\/2661557617406919416-lyon-vs-nantes\" target=\"_blank\" rel=\"noopener\">Dimanche \u00e0 21 heures<\/a>, ce sont des Lyonnais qu\u2019il esp\u00e8re envoyer pour une fois au tapis.<\/p>\n<p>\n    Pub. le 28\/11\/2025 21:00<br \/>\n            &#8211; MAJ le 29\/11\/2025 12:13\n    <\/p>\n","protected":false},"excerpt":{"rendered":"En un an, la vie d\u2019Anthony Lopes a bien chang\u00e9. Revenons un peu en arri\u00e8re. Fin novembre 2024,&hellip;\n","protected":false},"author":2,"featured_media":566622,"comment_status":"","ping_status":"","sticky":false,"template":"","format":"standard","meta":{"footnotes":""},"categories":[2818],"tags":[1111,11,1777,674,1011,27,766,12,2636,25],"class_list":{"0":"post-566621","1":"post","2":"type-post","3":"status-publish","4":"format-standard","5":"has-post-thumbnail","7":"category-nantes","8":"tag-actu","9":"tag-actualites","10":"tag-eu","11":"tag-europe","12":"tag-fr","13":"tag-france","14":"tag-nantes","15":"tag-news","16":"tag-pays-de-la-loire","17":"tag-republique-francaise"},"share_on_mastodon":{"url":"https:\/\/pubeurope.com\/@fr\/115632970529986756","error":""},"_links":{"self":[{"href":"https:\/\/www.europesays.com\/fr\/wp-json\/wp\/v2\/posts\/566621","targetHints":{"allow":["GET"]}}],"collection":[{"href":"https:\/\/www.europesays.com\/fr\/wp-json\/wp\/v2\/posts"}],"about":[{"href":"https:\/\/www.europesays.com\/fr\/wp-json\/wp\/v2\/types\/post"}],"author":[{"embeddable":true,"href":"https:\/\/www.europesays.com\/fr\/wp-json\/wp\/v2\/users\/2"}],"replies":[{"embeddable":true,"href":"https:\/\/www.europesays.com\/fr\/wp-json\/wp\/v2\/comments?post=566621"}],"version-history":[{"count":0,"href":"https:\/\/www.europesays.com\/fr\/wp-json\/wp\/v2\/posts\/566621\/revisions"}],"wp:featuredmedia":[{"embeddable":true,"href":"https:\/\/www.europesays.com\/fr\/wp-json\/wp\/v2\/media\/566622"}],"wp:attachment":[{"href":"https:\/\/www.europesays.com\/fr\/wp-json\/wp\/v2\/media?parent=566621"}],"wp:term":[{"taxonomy":"category","embeddable":true,"href":"https:\/\/www.europesays.com\/fr\/wp-json\/wp\/v2\/categories?post=566621"},{"taxonomy":"post_tag","embeddable":true,"href":"https:\/\/www.europesays.com\/fr\/wp-json\/wp\/v2\/tags?post=566621"}],"curies":[{"name":"wp","href":"https:\/\/api.w.org\/{rel}","templated":true}]}}