{"id":566627,"date":"2025-11-29T12:26:13","date_gmt":"2025-11-29T12:26:13","guid":{"rendered":"https:\/\/www.europesays.com\/fr\/566627\/"},"modified":"2025-11-29T12:26:13","modified_gmt":"2025-11-29T12:26:13","slug":"toulouse-pour-noel-les-boutiques-ephemeres-fleurissent-voici-notre-selection","status":"publish","type":"post","link":"https:\/\/www.europesays.com\/fr\/566627\/","title":{"rendered":"Toulouse. Pour No\u00ebl, les boutiques \u00e9ph\u00e9m\u00e8res fleurissent : voici notre s\u00e9lection"},"content":{"rendered":"<p>                    Par<br \/>\n        <strong><br \/>\n            <a href=\"https:\/\/actu.fr\/auteur\/lucie-2\" title=\"Consulter tous les articles de Lucie Fraisse\" target=\"_blank\" rel=\"noopener\">Lucie Fraisse<\/a><br \/>\n                    <\/strong><\/p>\n<p>        Publi\u00e9 le<\/p>\n<p>            29 nov. 2025 \u00e0 7h52        <\/p>\n<p>Qu\u2019on les appelle \u00ab\u00a0pop-up store\u00a0\u00bb ou boutiques \u00e9ph\u00e9m\u00e8res, le concept cartonne tous les ans \u00e0 <strong><a href=\"https:\/\/actu.fr\/toulouse\/\" target=\"_blank\" rel=\"noopener\">Toulouse<\/a><\/strong>, pendant la p\u00e9riode qui pr\u00e9c\u00e8de No\u00ebl. Voici notre s\u00e9lection d\u2019adresses \u00e0 d\u00e9couvrir avant qu\u2019il ne soit trop tard pour faire des cadeaux qui sortent de l\u2019ordinaire.\u00a0<\/p>\n<p>#1. Craft and Chill<\/p>\n<p class=\" wall-content\"><strong>Craft and Chill<\/strong>, c\u2019est un pop up store qui prend place au 5 rue Kennedy \u00e0 Toulouse, les 29 et 30 novembre.<\/p>\n<p class=\" wall-content\">Les organisateurs promettent un \u00ab\u00a0cocon cr\u00e9atif\u00a0\u00bb pour d\u00e9couvrir des artisanes et cr\u00e9atrices locales. On trouvera ainsi de la c\u00e9ramique, des textiles, des bijoux, des bougies\u2026<\/p>\n<p class=\" wall-content\">En bonus, des ateliers pour les enfants, un atelier calligraphie et un coffee shop.<\/p>\n<p><strong>Infos pratiques :<\/strong><br \/>5 rue Kennedy, samedi et dimanche \u00e0 partir de 10 heures.<\/p>\n<p>Vid\u00e9os : en ce moment sur Actu#2. Pompon sur la Garonne<\/p>\n<p class=\" wall-content\"><strong><a href=\"https:\/\/actu.fr\/occitanie\/toulouse_31555\/pompon-sur-la-garonne-la-marque-made-in-toulouse-ouvre-une-boutique-en-plein-centre-ville_63334292.html\" target=\"_blank\" rel=\"noopener\">Pompon sur la Garonne<\/a><\/strong>, la marque Made in Toulouse imagin\u00e9e par L\u00e9a Gabriel est install\u00e9e dans une boutique \u00e9ph\u00e9m\u00e8re au 12 rue Baour Lormian.<\/p>\n<p>Votre r\u00e9gion, votre actu !<\/p>\n<p>Recevez chaque jour les infos qui comptent pour vous.<\/p>\n<p>\t<a href=\"https:\/\/actu.fr\/newsletter\" class=\"ac-btn ac-btn--corner ac-btn--medium ac-btn--blue800\" target=\"_blank\" rel=\"noopener\">S&rsquo;incrire<\/a><\/p>\n<p class=\" wall-content\">Sweat, t-shirt, bodies, bavoirs\u2026 L\u2019offre est vaste et avec la touche toulousaine qui va bien. On y trouve m\u00eame une bougie \u2026 \u00e0 la chocolatine !<\/p>\n<p><strong>Infos pratiques :<\/strong><br \/>12 rue Baour Lormian, jusqu\u2019au 12 janvier.\u00a0<\/p>\n<p>#3. L\u2019\u00c9choppe du Grand March\u00e9<\/p>\n<p class=\" wall-content\">C\u2019est une boutique \u00e9ph\u00e9m\u00e8re qui ouvre aux Halles de la Cartoucherie et qui devrait ravir les gourmands : <strong>L\u2019\u00c9choppe du Grand March\u00e9<\/strong>. Jusqu\u2019au 31 d\u00e9cembre, les producteurs du Grand March\u00e9 de Toulouse y posent leurs cagettes.<\/p>\n<p><strong>Infos pratiques :\u00a0<\/strong><br \/>Aux Halles de la Cartoucherie jusqu\u2019au 31 d\u00e9cembre.<\/p>\n<p>#4. Pop up de No\u00ebl Kumo Kumo\u00a0<\/p>\n<p class=\" wall-content\">Rendez-vous le 13 d\u00e9cembre pour ce pop up de No\u00ebl d\u00e9di\u00e9 aux cr\u00e9ateurs toulousains, quartier Belfort.<\/p>\n<p class=\" wall-content\">Six cr\u00e9ateurs de la r\u00e9gion pr\u00e9senteront leurs \u0153uvres : bijoux, c\u00e9ramique, illustration, textile, objets fait main\u2026<\/p>\n<p><strong>Infos pratiques :<\/strong><br \/>Samedi 13 d\u00e9cembre de 10 \u00e0 19 heures, 34 rue Denfert-Rochereau.<\/p>\n<p>#5. Impact<\/p>\n<p class=\" wall-content\">La boutique \u00e9ph\u00e9m\u00e8re <strong>Impact<\/strong> est d\u00e9di\u00e9e \u00e0 la mode responsable et locale au 22 rue de la bourse \u00e0 Toulouse du lundi 24 novembre au dimanche 7 d\u00e9cembre, tous les jours de 10h \u00e0 19h.<\/p>\n<p class=\" wall-content\">Avec une s\u00e9lection de marques engag\u00e9es de la r\u00e9gion, qui partagent une m\u00eame vision : proposer une mode \u00e0 la fois esth\u00e9tique, responsable et durable.\u00a0<\/p>\n<p><strong>Infos pratiques :<\/strong><br \/>Au 22 rue de la Bourse.<\/p>\n<p>#6. <strong>Les Patronnes<\/strong><\/p>\n<p class=\" wall-content\"><strong>Les Patronnes<\/strong> sont de retour ! Pour la sixi\u00e8me \u00e9dition, 14 cr\u00e9atrices se retrouvent rue des Paradoux du 29 novembre au 21 d\u00e9cembre.<\/p>\n<p class=\" wall-content\">On trouvera des v\u00eatements, des bijoux, de la d\u00e9co, de la papeterie\u2026 Le tout local, \u00e9coresponsable et upcycl\u00e9 !<\/p>\n<p><strong>Infos pratiques :<\/strong><br \/>23 rue des Paradoux, ouvert tous les jours.\u00a0\u00a0<\/p>\n<p class=\" wall-content\">Personnalisez votre actualit\u00e9 en ajoutant vos villes et m\u00e9dias en favori avec <a href=\"https:\/\/moncompte.actu.fr\" title=\"D\u00e9couvez Mon Actu\" rel=\"nofollow noopener\" data-trk=\"{&quot;cta&quot;:{&quot;action&quot;:&quot;https:\\\/\\\/moncompte.actu.fr&quot;,&quot;category&quot;:&quot;mon compte&quot;,&quot;from&quot;:&quot;article footer&quot;,&quot;name&quot;:&quot;Mon actu&quot;,&quot;type&quot;:&quot;cta&quot;}}\" target=\"_blank\">Mon Actu<\/a>.<\/p>\n","protected":false},"excerpt":{"rendered":"Par Lucie Fraisse Publi\u00e9 le 29 nov. 2025 \u00e0 7h52 Qu\u2019on les appelle \u00ab\u00a0pop-up store\u00a0\u00bb ou boutiques \u00e9ph\u00e9m\u00e8res,&hellip;\n","protected":false},"author":2,"featured_media":566628,"comment_status":"","ping_status":"","sticky":false,"template":"","format":"standard","meta":{"footnotes":""},"categories":[2816],"tags":[1111,11,1777,674,1011,27,12,2849,2680,25,104,2312],"class_list":{"0":"post-566627","1":"post","2":"type-post","3":"status-publish","4":"format-standard","5":"has-post-thumbnail","7":"category-toulouse","8":"tag-actu","9":"tag-actualites","10":"tag-eu","11":"tag-europe","12":"tag-fr","13":"tag-france","14":"tag-news","15":"tag-nouveaux-commerces-a-toulouse","16":"tag-occitanie","17":"tag-republique-francaise","18":"tag-societe","19":"tag-toulouse"},"share_on_mastodon":{"url":"https:\/\/pubeurope.com\/@fr\/115632982265366223","error":""},"_links":{"self":[{"href":"https:\/\/www.europesays.com\/fr\/wp-json\/wp\/v2\/posts\/566627","targetHints":{"allow":["GET"]}}],"collection":[{"href":"https:\/\/www.europesays.com\/fr\/wp-json\/wp\/v2\/posts"}],"about":[{"href":"https:\/\/www.europesays.com\/fr\/wp-json\/wp\/v2\/types\/post"}],"author":[{"embeddable":true,"href":"https:\/\/www.europesays.com\/fr\/wp-json\/wp\/v2\/users\/2"}],"replies":[{"embeddable":true,"href":"https:\/\/www.europesays.com\/fr\/wp-json\/wp\/v2\/comments?post=566627"}],"version-history":[{"count":0,"href":"https:\/\/www.europesays.com\/fr\/wp-json\/wp\/v2\/posts\/566627\/revisions"}],"wp:featuredmedia":[{"embeddable":true,"href":"https:\/\/www.europesays.com\/fr\/wp-json\/wp\/v2\/media\/566628"}],"wp:attachment":[{"href":"https:\/\/www.europesays.com\/fr\/wp-json\/wp\/v2\/media?parent=566627"}],"wp:term":[{"taxonomy":"category","embeddable":true,"href":"https:\/\/www.europesays.com\/fr\/wp-json\/wp\/v2\/categories?post=566627"},{"taxonomy":"post_tag","embeddable":true,"href":"https:\/\/www.europesays.com\/fr\/wp-json\/wp\/v2\/tags?post=566627"}],"curies":[{"name":"wp","href":"https:\/\/api.w.org\/{rel}","templated":true}]}}