{"id":566631,"date":"2025-11-29T12:29:11","date_gmt":"2025-11-29T12:29:11","guid":{"rendered":"https:\/\/www.europesays.com\/fr\/566631\/"},"modified":"2025-11-29T12:29:11","modified_gmt":"2025-11-29T12:29:11","slug":"lantenne-locale-du-pcf-soutient-le-maire-socialiste-arnaud-deslandes-et-appelle-a-lunite-de-la-gauche","status":"publish","type":"post","link":"https:\/\/www.europesays.com\/fr\/566631\/","title":{"rendered":"l&rsquo;antenne locale du PCF soutient le maire socialiste Arnaud Deslandes et appelle \u00e0 l&rsquo;unit\u00e9 de la gauche"},"content":{"rendered":"<p>Le maire sortant PS de Lille (Nord), candidat \u00e0 sa r\u00e9\u00e9lection, a re\u00e7u ce vendredi 28 novembre le soutien de l&rsquo;antenne lilloise du Parti communiste fran\u00e7ais. Le parti appelle \u00e0 l&rsquo;unit\u00e9 de la gauche.<\/p>\n<p>Les municipales passent \u00e0 la vitesse sup\u00e9rieure. Alors qu&rsquo;il est \u00e0 la t\u00eate de la majorit\u00e9 municipale depuis <a href=\"https:\/\/www.bfmtv.com\/grand-lille\/apres-24-ans-a-la-mairie-martine-aubry-recoit-le-titre-de-maire-honoraire-de-lille_AN-202506210199.html\" title=\"Apr\u00e8s 24 ans \u00e0 la mairie, Martine Aubry re\u00e7oit le titre de Maire honoraire de Lille\" class=\"internal_link\" target=\"_blank\" rel=\"noopener\">le d\u00e9part de Martine Aubry<\/a> en mars dernier, Arnaud Deslandes (PS), candidat \u00e0 sa propre r\u00e9\u00e9lection, vient d&rsquo;acqu\u00e9rir un soutien de taille au nom de l&rsquo;union de la gauche.<\/p>\n<p>La section lilloise du Parti communiste fran\u00e7ais a annonc\u00e9 ce vendredi 28 novembre rejoindre la liste \u00ab\u00a0Tout pour Lille\u00a0\u00bb men\u00e9e par le maire sortant pour le scrutin pr\u00e9vu les 15 et 22 mars 2026.<\/p>\n<blockquote class=\"embed embed_quote\"><p>\u00ab\u00a0La section lilloise du Parti communiste fran\u00e7ais consid\u00e8re ce partenaire comme le meilleur espoir pour maintenir la ville de Lille \u00e0 gauche afin de conserver les conquis sociaux et en gagner de nouveaux\u00a0\u00bb, pr\u00e9cisent les communistes. Ces derniers appellent \u00e9galement \u00e0 \u00ab\u00a0l\u2019unit\u00e9 de la gauche\u00a0\u00bb.<\/p><\/blockquote>\n<p>Cette nouvelle ne vient que renforcer une alliance politique d\u00e9j\u00e0 en place dans la majorit\u00e9 municipale depuis le dernier mandat de 2020 puisque deux adjoints municipaux sont aux couleurs communistes.<\/p>\n<p>\u00ab\u00a0Fond\u00e9 sur des priorit\u00e9s programmatiques communes, cet accord ne remet aucunement en cause ni la volont\u00e9 et l\u2019action du PCF Lille en faveur d\u2019une liste d\u2019union plus large rassemblant toutes les forces de gauche d\u00e8s le premier tour, ni son ind\u00e9pendance\u00a0\u00bb, ajoutent les responsables communistes dans leur communiqu\u00e9.<\/p>\n<p>Plusieurs candidats \u00e0 gauche<\/p>\n<p>Ces derniers rappellent leur engagement en faveur de la gratuit\u00e9 des transports et du stationnement, ainsi que le non-armement de la police municipale, \u00ab\u00a0force de solidarit\u00e9 et de s\u00e9curit\u00e9, non de r\u00e9pression\u00a0\u00bb.<\/p>\n<p>Face \u00e0 Arnaud Deslandes, est pour le moment annonc\u00e9 l\u2019\u00e9cologiste St\u00e9phane Bally, perdant au second tour en 2020 face \u00e0 Martine Aubry o\u00f9 quelques centaines de voix s\u00e9paraient les deux candidats.<\/p>\n<p>\u00c0 gauche toujours, La France insoumise et sa candidate Lahouaria Addouche sont \u00e9galement d\u00e9clar\u00e9s. Enfin, Faustine Balmelle-Delauzun, candidate \u00e9tiquet\u00e9e G\u00e9n\u00e9rations, sera t\u00eate de liste.<\/p>\n<p>De l&rsquo;autre c\u00f4t\u00e9 de l&rsquo;\u00e9chiquier politique, le parti Renaissance sera repr\u00e9sent\u00e9 par Violette Spillebout, Louis Delemer \u00e0 droite chez Les R\u00e9publicains, et <a href=\"https:\/\/www.bfmtv.com\/grand-lille\/municipales-2026-matthieu-valet-annonce-sa-candidature-a-lille-pour-le-rassemblement-national_AV-202511060887.html\" title=\"Municipales 2026: Matthieu Valet annonce sa candidature \u00e0 Lille pour le Rassemblement national\" class=\"internal_link\" target=\"_blank\" rel=\"noopener\">Matthieu Valet<\/a> pour le Rassemblement national.<\/p>\n<p>Partager <\/p>\n","protected":false},"excerpt":{"rendered":"Le maire sortant PS de Lille (Nord), candidat \u00e0 sa r\u00e9\u00e9lection, a re\u00e7u ce vendredi 28 novembre le&hellip;\n","protected":false},"author":2,"featured_media":409446,"comment_status":"","ping_status":"","sticky":false,"template":"","format":"standard","meta":{"footnotes":""},"categories":[2815],"tags":[1111,11,1777,674,1011,27,811,1307,12,25],"class_list":{"0":"post-566631","1":"post","2":"type-post","3":"status-publish","4":"format-standard","5":"has-post-thumbnail","7":"category-lille","8":"tag-actu","9":"tag-actualites","10":"tag-eu","11":"tag-europe","12":"tag-fr","13":"tag-france","14":"tag-hauts-de-france","15":"tag-lille","16":"tag-news","17":"tag-republique-francaise"},"share_on_mastodon":{"url":"https:\/\/pubeurope.com\/@fr\/115632994011949976","error":""},"_links":{"self":[{"href":"https:\/\/www.europesays.com\/fr\/wp-json\/wp\/v2\/posts\/566631","targetHints":{"allow":["GET"]}}],"collection":[{"href":"https:\/\/www.europesays.com\/fr\/wp-json\/wp\/v2\/posts"}],"about":[{"href":"https:\/\/www.europesays.com\/fr\/wp-json\/wp\/v2\/types\/post"}],"author":[{"embeddable":true,"href":"https:\/\/www.europesays.com\/fr\/wp-json\/wp\/v2\/users\/2"}],"replies":[{"embeddable":true,"href":"https:\/\/www.europesays.com\/fr\/wp-json\/wp\/v2\/comments?post=566631"}],"version-history":[{"count":0,"href":"https:\/\/www.europesays.com\/fr\/wp-json\/wp\/v2\/posts\/566631\/revisions"}],"wp:featuredmedia":[{"embeddable":true,"href":"https:\/\/www.europesays.com\/fr\/wp-json\/wp\/v2\/media\/409446"}],"wp:attachment":[{"href":"https:\/\/www.europesays.com\/fr\/wp-json\/wp\/v2\/media?parent=566631"}],"wp:term":[{"taxonomy":"category","embeddable":true,"href":"https:\/\/www.europesays.com\/fr\/wp-json\/wp\/v2\/categories?post=566631"},{"taxonomy":"post_tag","embeddable":true,"href":"https:\/\/www.europesays.com\/fr\/wp-json\/wp\/v2\/tags?post=566631"}],"curies":[{"name":"wp","href":"https:\/\/api.w.org\/{rel}","templated":true}]}}