{"id":566632,"date":"2025-11-29T12:30:19","date_gmt":"2025-11-29T12:30:19","guid":{"rendered":"https:\/\/www.europesays.com\/fr\/566632\/"},"modified":"2025-11-29T12:30:19","modified_gmt":"2025-11-29T12:30:19","slug":"une-femme-de-52-ans-amputee-dune-jambe-apres-avoir-ete-ecrasee-par-une-voiture-a-marseille","status":"publish","type":"post","link":"https:\/\/www.europesays.com\/fr\/566632\/","title":{"rendered":"Une femme de 52 ans amput\u00e9e d&rsquo;une jambe apr\u00e8s avoir \u00e9t\u00e9 \u00e9cras\u00e9e par une voiture, \u00e0 Marseille"},"content":{"rendered":"<p>Il n\u2019a gu\u00e8re fallu qu\u2019une minute pour que la vie de cette m\u00e8re de famille de 52\u00a0ans bascule, jeudi 27\u00a0novembre apr\u00e8s-midi, dans le 12e arrondissement de Marseille.<\/p>\n<p>Une sc\u00e8ne banale d\u2019abord, une automobiliste affair\u00e9e \u00e0 stationner rue Meisserel, une art\u00e8re tr\u00e8s passante en plein c\u0153ur du quartier de Saint-Barnab\u00e9. Quand soudain la man\u0153uvre a vir\u00e9 au cauchemar, en d\u00e9but d\u2019apr\u00e8s midi ce 27\u00a0novembre, lorsque la conductrice a perdu le contr\u00f4le de sa voiture.<\/p>\n<p>L\u2019embard\u00e9e a projet\u00e9 le v\u00e9hicule sur un trottoir, au moment m\u00eame o\u00f9 une quinquag\u00e9naire remontait \u00e0 pied, \u00e9crasant l\u2019une de ses jambes.<\/p>\n<p>Un m\u00e9decin lui sauve la vie<\/p>\n<p>La victime au membre broy\u00e9 <a href=\"https:\/\/www.laprovence.com\/article\/faits-divers-justice\/5408590758114414\/l-octogenaire-fauche-par-un-deux-roues-a-marseille-est-decede-le-chauffard-toujours-en-fuite\" target=\"_blank\" rel=\"noopener\">se vidait de son sang<\/a> sur la chauss\u00e9e, tandis que la conductrice du v\u00e9hicule demeurait p\u00e9trifi\u00e9e dans l\u2019habitacle. Par chance, un t\u00e9moin de la sc\u00e8ne, par ailleurs m\u00e9decin, s\u2019est pr\u00e9cipit\u00e9 vers elle afin de lui porter secours et effectuer un point de compression pour stopper l\u2019h\u00e9morragie dans l\u2019attente des <a href=\"https:\/\/www.laprovence.com\/article\/region\/1171123687867515\/a-marseille-casques-et-honneurs-pour-les-nouveaux-marins-pompiers\" target=\"_blank\" rel=\"noopener\">marins-pompiers<\/a>. Une intervention qui a certainement sauv\u00e9 la vie de la quinquag\u00e9naire.<\/p>\n<p>Transport\u00e9e \u00e0 l\u2019h\u00f4pital avec un pronostic vital d\u2019abord engag\u00e9, la victime a pu \u00eatre tir\u00e9e d\u2019affaire par les m\u00e9decins, mais au prix d\u2019une terrible op\u00e9ration. Sa jambe a d\u00fb \u00eatre enti\u00e8rement amput\u00e9e.<\/p>\n","protected":false},"excerpt":{"rendered":"Il n\u2019a gu\u00e8re fallu qu\u2019une minute pour que la vie de cette m\u00e8re de famille de 52\u00a0ans bascule,&hellip;\n","protected":false},"author":2,"featured_media":566633,"comment_status":"","ping_status":"","sticky":false,"template":"","format":"standard","meta":{"footnotes":""},"categories":[2814],"tags":[17,1111,11,68194,1764,150,4440,1777,674,274,1294,1011,27,39373,884,12,882,25,96],"class_list":{"0":"post-566632","1":"post","2":"type-post","3":"status-publish","4":"format-standard","5":"has-post-thumbnail","7":"category-marseille","8":"tag-17","9":"tag-actu","10":"tag-actualites","11":"tag-amputee","12":"tag-ans","13":"tag-apres","14":"tag-dune","15":"tag-eu","16":"tag-europe","17":"tag-faits-divers-justice","18":"tag-femme","19":"tag-fr","20":"tag-france","21":"tag-jambe","22":"tag-marseille","23":"tag-news","24":"tag-provence-alpes-cote-dazur","25":"tag-republique-francaise","26":"tag-une"},"share_on_mastodon":{"url":"https:\/\/pubeurope.com\/@fr\/115632998144175396","error":""},"_links":{"self":[{"href":"https:\/\/www.europesays.com\/fr\/wp-json\/wp\/v2\/posts\/566632","targetHints":{"allow":["GET"]}}],"collection":[{"href":"https:\/\/www.europesays.com\/fr\/wp-json\/wp\/v2\/posts"}],"about":[{"href":"https:\/\/www.europesays.com\/fr\/wp-json\/wp\/v2\/types\/post"}],"author":[{"embeddable":true,"href":"https:\/\/www.europesays.com\/fr\/wp-json\/wp\/v2\/users\/2"}],"replies":[{"embeddable":true,"href":"https:\/\/www.europesays.com\/fr\/wp-json\/wp\/v2\/comments?post=566632"}],"version-history":[{"count":0,"href":"https:\/\/www.europesays.com\/fr\/wp-json\/wp\/v2\/posts\/566632\/revisions"}],"wp:featuredmedia":[{"embeddable":true,"href":"https:\/\/www.europesays.com\/fr\/wp-json\/wp\/v2\/media\/566633"}],"wp:attachment":[{"href":"https:\/\/www.europesays.com\/fr\/wp-json\/wp\/v2\/media?parent=566632"}],"wp:term":[{"taxonomy":"category","embeddable":true,"href":"https:\/\/www.europesays.com\/fr\/wp-json\/wp\/v2\/categories?post=566632"},{"taxonomy":"post_tag","embeddable":true,"href":"https:\/\/www.europesays.com\/fr\/wp-json\/wp\/v2\/tags?post=566632"}],"curies":[{"name":"wp","href":"https:\/\/api.w.org\/{rel}","templated":true}]}}