{"id":566634,"date":"2025-11-29T12:31:14","date_gmt":"2025-11-29T12:31:14","guid":{"rendered":"https:\/\/www.europesays.com\/fr\/566634\/"},"modified":"2025-11-29T12:31:14","modified_gmt":"2025-11-29T12:31:14","slug":"le-corps-dun-jeune-homme-de-15-ans-retrouve-carbonise-a-marseille","status":"publish","type":"post","link":"https:\/\/www.europesays.com\/fr\/566634\/","title":{"rendered":"Le corps d&rsquo;un jeune homme de 15 ans retrouv\u00e9 carbonis\u00e9 \u00e0 Marseille"},"content":{"rendered":"<p>Le corps d&rsquo;un jeune homme de 15 ans retrouv\u00e9 carbonis\u00e9 \u00e0 MarseilleSur le m\u00eame sujet<a href=\"https:\/\/www.bfmtv.com\/police-justice\/video-le-corps-d-un-jeune-homme-de-15-ans-retrouve-carbonise-a-marseille_VN-202511290268.html\" title=\"Le corps d&#039;un jeune homme de 15 ans retrouv\u00e9 carbonis\u00e9 \u00e0 Marseille\" target=\"_blank\" rel=\"noopener\"><img width=\"16\" height=\"9\" class=\"lozad\"  alt=\"Le corps d'un jeune homme de 15 ans retrouv\u00e9 carbonis\u00e9 \u00e0 Marseille\"\/>en lectureLe corps d&rsquo;un jeune homme de 15 ans retrouv\u00e9 carbonis\u00e9 \u00e0 Marseille<\/a><a href=\"https:\/\/www.bfmtv.com\/police-justice\/video-les-familles-sont-inquietes-et-tetanisees-me-said-harir-avocat-de-la-victime-du-fugitif-de-la-prison-de-dijon-temoigne-sur-bfmtv_VN-202511290263.html\" title=\"&quot;Les familles sont inqui\u00e8tes et t\u00e9tanis\u00e9es&quot;: Me Sa\u00efd Harir, avocat de la victime du fugitif de la prison de Dijon, t\u00e9moigne sur BFMTV\" target=\"_blank\" rel=\"noopener\"><img width=\"16\" height=\"9\" class=\"lozad\"  alt=\"&quot;Les familles sont inqui\u00e8tes et t\u00e9tanis\u00e9es&quot;: Me Sa\u00efd Harir, avocat de la victime du fugitif de la prison de Dijon, t\u00e9moigne sur BFMTV\"\/>2:34&Prime;Les familles sont inqui\u00e8tes et t\u00e9tanis\u00e9es\u00a0\u00bb: Me Sa\u00efd Harir, avocat de la victime du fugitif de la prison de Dijon, t\u00e9moigne sur BFMTV<\/a><a href=\"https:\/\/www.bfmtv.com\/police-justice\/video-une-enquete-ouverte-apres-la-decouverte-d-une-arme-a-feu-pres-du-marche-de-noel-de-strasbourg_VN-202511290211.html\" title=\"Une enqu\u00eate ouverte apr\u00e8s la d\u00e9couverte d&#039;une arme \u00e0 feu pr\u00e8s du march\u00e9 de No\u00ebl de Strasbourg\" target=\"_blank\" rel=\"noopener\"><img width=\"16\" height=\"9\" class=\"lozad\"  alt=\"Une enqu\u00eate ouverte apr\u00e8s la d\u00e9couverte d'une arme \u00e0 feu pr\u00e8s du march\u00e9 de No\u00ebl de Strasbourg\"\/>3:03Une enqu\u00eate ouverte apr\u00e8s la d\u00e9couverte d&rsquo;une arme \u00e0 feu pr\u00e8s du march\u00e9 de No\u00ebl de Strasbourg<\/a><a href=\"https:\/\/www.bfmtv.com\/police-justice\/video-orange-veolia-ces-entreprises-touchees-par-l-insecurite-des-quartiers-dans-lesquels-elles-sont-installees_VN-202511290116.html\" title=\"Orange, Veolia... Ces entreprises touch\u00e9es par l&#039;ins\u00e9curit\u00e9 des quartiers dans lesquels elles sont install\u00e9es\" target=\"_blank\" rel=\"noopener\"><img width=\"16\" height=\"9\" class=\"lozad\"  alt=\"Orange, Veolia... Ces entreprises touch\u00e9es par l'ins\u00e9curit\u00e9 des quartiers dans lesquels elles sont install\u00e9es\"\/>1:31Orange, Veolia&#8230; Ces entreprises touch\u00e9es par l&rsquo;ins\u00e9curit\u00e9 des quartiers dans lesquels elles sont install\u00e9es<\/a><a href=\"https:\/\/www.bfmtv.com\/police-justice\/video-orange-ferme-un-site-a-cause-de-l-insecurite-sans-effectifs-on-ne-pourra-pas-quadriller-marseille-et-les-endroits-tres-sensibles-assure-bruno-bartocetti-syndicat-unite_VN-202511280997.html\" title=\"Orange ferme un site \u00e0 cause de l&#039;ins\u00e9curit\u00e9: &quot;Sans effectifs, on ne pourra pas quadriller Marseille et les endroits tr\u00e8s sensibles&quot;, assure Bruno Bartocetti (syndicat UNIT\u00c9) \" target=\"_blank\" rel=\"noopener\"><img width=\"16\" height=\"9\" class=\"lozad\"  alt=\"Orange ferme un site \u00e0 cause de l'ins\u00e9curit\u00e9: &quot;Sans effectifs, on ne pourra pas quadriller Marseille et les endroits tr\u00e8s sensibles&quot;, assure Bruno Bartocetti (syndicat UNIT\u00c9) \"\/>3:27Orange ferme un site \u00e0 cause de l&rsquo;ins\u00e9curit\u00e9: \u00ab\u00a0Sans effectifs, on ne pourra pas quadriller Marseille et les endroits tr\u00e8s sensibles\u00a0\u00bb, assure Bruno Bartocetti (syndicat UNIT\u00c9)<\/a><a href=\"https:\/\/www.bfmtv.com\/police-justice\/video-comment-s-est-deroulee-l-interpellation-d-un-des-detenus-de-la-prison-de-dijon-dans-un-bar-en-saone-et-loire_VN-202511280912.html\" title=\"Comment s&#039;est d\u00e9roul\u00e9e l&#039;interpellation d&#039;un des d\u00e9tenus de la prison de Dijon dans un bar en Sa\u00f4ne-et-Loire \" target=\"_blank\" rel=\"noopener\"><img width=\"16\" height=\"9\" class=\"lozad\"  alt=\"Comment s'est d\u00e9roul\u00e9e l'interpellation d'un des d\u00e9tenus de la prison de Dijon dans un bar en Sa\u00f4ne-et-Loire \"\/>1:09Comment s&rsquo;est d\u00e9roul\u00e9e l&rsquo;interpellation d&rsquo;un des d\u00e9tenus de la prison de Dijon dans un bar en Sa\u00f4ne-et-Loire<\/a><a href=\"https:\/\/www.bfmtv.com\/police-justice\/video-le-narcotrafic-met-les-salaries-en-etat-de-siege-face-a-l-insecurite-un-site-orange-a-marseille-ferme_VN-202511280908.html\" title=\"&quot;Le narcotrafic met les salari\u00e9s en \u00e9tat de si\u00e8ge&quot;: face \u00e0 l&#039;ins\u00e9curit\u00e9, un site Orange \u00e0 Marseille ferme\" target=\"_blank\" rel=\"noopener\"><img width=\"16\" height=\"9\" class=\"lozad\"  alt=\"&quot;Le narcotrafic met les salari\u00e9s en \u00e9tat de si\u00e8ge&quot;: face \u00e0 l'ins\u00e9curit\u00e9, un site Orange \u00e0 Marseille ferme\"\/>1:33&Prime;Le narcotrafic met les salari\u00e9s en \u00e9tat de si\u00e8ge\u00a0\u00bb: face \u00e0 l&rsquo;ins\u00e9curit\u00e9, un site Orange \u00e0 Marseille ferme<\/a><a href=\"https:\/\/www.bfmtv.com\/police-justice\/video-narcotrafic-on-est-entres-dans-un-autre-monde-assure-juliette-meadel-ancienne-ministre-chargee-de-la-ville_VN-202511280853.html\" title=\"Narcotrafic: &quot;On est entr\u00e9s dans un autre monde&quot;, assure Juliette M\u00e9adel, ancienne ministre charg\u00e9e de la Ville\" target=\"_blank\" rel=\"noopener\"><img width=\"16\" height=\"9\" class=\"lozad\"  alt=\"Narcotrafic: &quot;On est entr\u00e9s dans un autre monde&quot;, assure Juliette M\u00e9adel, ancienne ministre charg\u00e9e de la Ville\"\/>1:46Narcotrafic: \u00ab\u00a0On est entr\u00e9s dans un autre monde\u00a0\u00bb, assure Juliette M\u00e9adel, ancienne ministre charg\u00e9e de la Ville<\/a><a href=\"https:\/\/www.bfmtv.com\/police-justice\/video-orange-ferme-un-site-a-marseille-a-cause-de-l-insecurite-trois-confinements-en-trois-jours-ce-n-est-pas-un-incident-assure-laurent-bedrossian-delegue-syndical-cfe-cgc_VN-202511280847.html\" title=\"Orange ferme un site \u00e0 Marseille \u00e0 cause de l&#039;ins\u00e9curit\u00e9: &quot;Trois confinements en trois jours, ce n&#039;est pas un incident&quot;, assure Laurent Bedrossian, d\u00e9l\u00e9gu\u00e9 syndical CFE-CGC\" target=\"_blank\" rel=\"noopener\"><img width=\"16\" height=\"9\" class=\"lozad\"  alt=\"Orange ferme un site \u00e0 Marseille \u00e0 cause de l'ins\u00e9curit\u00e9: &quot;Trois confinements en trois jours, ce n'est pas un incident&quot;, assure Laurent Bedrossian, d\u00e9l\u00e9gu\u00e9 syndical CFE-CGC\"\/>1:34Orange ferme un site \u00e0 Marseille \u00e0 cause de l&rsquo;ins\u00e9curit\u00e9: \u00ab\u00a0Trois confinements en trois jours, ce n&rsquo;est pas un incident\u00a0\u00bb, assure Laurent Bedrossian, d\u00e9l\u00e9gu\u00e9 syndical CFE-CGC<\/a><a href=\"https:\/\/www.bfmtv.com\/police-justice\/video-les-temoignages-des-salaries-d-orange-a-marseille-alors-que-le-site-a-ferme-pendant-deux-semaines-pour-cause-d-insecurite_VN-202511280837.html\" title=\"Les t\u00e9moignages des salari\u00e9s d&#039;Orange \u00e0 Marseille, alors que le site a ferm\u00e9 pendant deux semaines pour cause d&#039;ins\u00e9curit\u00e9\" target=\"_blank\" rel=\"noopener\"><img width=\"16\" height=\"9\" class=\"lozad\"  alt=\"Les t\u00e9moignages des salari\u00e9s d'Orange \u00e0 Marseille, alors que le site a ferm\u00e9 pendant deux semaines pour cause d'ins\u00e9curit\u00e9\"\/>1:28Les t\u00e9moignages des salari\u00e9s d&rsquo;Orange \u00e0 Marseille, alors que le site a ferm\u00e9 pendant deux semaines pour cause d&rsquo;ins\u00e9curit\u00e9<\/a><a href=\"https:\/\/www.bfmtv.com\/police-justice\/video-dominique-pelicot-cherche-un-editeur-pour-la-publication-d-un-livre-ecrit-en-prison_VN-202511280771.html\" title=\" &quot;Dominique Pelicot cherche un \u00e9diteur pour la publication d\u2019un livre \u00e9crit en prison \" target=\"_blank\" rel=\"noopener\"><img width=\"16\" height=\"9\" class=\"lozad\"  alt=\" &quot;Dominique Pelicot cherche un \u00e9diteur pour la publication d\u2019un livre \u00e9crit en prison \"\/>1:10&Prime;Dominique Pelicot cherche un \u00e9diteur pour la publication d\u2019un livre \u00e9crit en prison<\/a><a href=\"https:\/\/www.bfmtv.com\/police-justice\/video-dijon-un-des-detenus-evades-postait-sur-tiktok-des-videos-de-sa-vie-en-prison_VN-202511280749.html\" title=\" Dijon: un des d\u00e9tenus \u00e9vad\u00e9s postait sur Tiktok des vid\u00e9os de sa vie en prison  \" target=\"_blank\" rel=\"noopener\"><img width=\"16\" height=\"9\" class=\"lozad\"  alt=\" Dijon: un des d\u00e9tenus \u00e9vad\u00e9s postait sur Tiktok des vid\u00e9os de sa vie en prison  \"\/>0:58Dijon: un des d\u00e9tenus \u00e9vad\u00e9s postait sur Tiktok des vid\u00e9os de sa vie en prison<\/a><a href=\"https:\/\/www.bfmtv.com\/police-justice\/video-animateur-accuse-d-agressions-sexuelles-il-y-a-un-enorme-dysfonctionnement-deplore-rebecca-royer-avocate-penaliste_VN-202511280733.html\" title=\"Animateur accus\u00e9 d&#039;agressions sexuelles: &quot;Il y a un \u00e9norme dysfonctionnement&quot;, d\u00e9plore Rebecca Royer, avocate p\u00e9naliste\" target=\"_blank\" rel=\"noopener\"><img width=\"16\" height=\"9\" class=\"lozad\"  alt=\"Animateur accus\u00e9 d'agressions sexuelles: &quot;Il y a un \u00e9norme dysfonctionnement&quot;, d\u00e9plore Rebecca Royer, avocate p\u00e9naliste\"\/>2:28Animateur accus\u00e9 d&rsquo;agressions sexuelles: \u00ab\u00a0Il y a un \u00e9norme dysfonctionnement\u00a0\u00bb, d\u00e9plore Rebecca Royer, avocate p\u00e9naliste<\/a><a href=\"https:\/\/www.bfmtv.com\/police-justice\/video-essonne-un-animateur-mis-en-examen-et-ecroue-pour-des-agressions-sexuelles-sur-dix-enfants_VN-202511280730.html\" title=\"Essonne: un animateur mis en examen et \u00e9crou\u00e9 pour des agressions sexuelles sur dix enfants \" target=\"_blank\" rel=\"noopener\"><img width=\"16\" height=\"9\" class=\"lozad\"  alt=\"Essonne: un animateur mis en examen et \u00e9crou\u00e9 pour des agressions sexuelles sur dix enfants \"\/>4:21Essonne: un animateur mis en examen et \u00e9crou\u00e9 pour des agressions sexuelles sur dix enfants<\/a><a class=\"jumpToVideo\" target=\"_blank\"><img class=\"thumbnailPreview\"\/><\/a><\/p>\n","protected":false},"excerpt":{"rendered":"Le corps d&rsquo;un jeune homme de 15 ans retrouv\u00e9 carbonis\u00e9 \u00e0 MarseilleSur le m\u00eame sujeten lectureLe corps d&rsquo;un&hellip;\n","protected":false},"author":2,"featured_media":566635,"comment_status":"","ping_status":"","sticky":false,"template":"","format":"standard","meta":{"footnotes":""},"categories":[2814],"tags":[1111,11,1777,674,1011,27,884,12,882,25],"class_list":{"0":"post-566634","1":"post","2":"type-post","3":"status-publish","4":"format-standard","5":"has-post-thumbnail","7":"category-marseille","8":"tag-actu","9":"tag-actualites","10":"tag-eu","11":"tag-europe","12":"tag-fr","13":"tag-france","14":"tag-marseille","15":"tag-news","16":"tag-provence-alpes-cote-dazur","17":"tag-republique-francaise"},"share_on_mastodon":{"url":"https:\/\/pubeurope.com\/@fr\/115633001980229768","error":""},"_links":{"self":[{"href":"https:\/\/www.europesays.com\/fr\/wp-json\/wp\/v2\/posts\/566634","targetHints":{"allow":["GET"]}}],"collection":[{"href":"https:\/\/www.europesays.com\/fr\/wp-json\/wp\/v2\/posts"}],"about":[{"href":"https:\/\/www.europesays.com\/fr\/wp-json\/wp\/v2\/types\/post"}],"author":[{"embeddable":true,"href":"https:\/\/www.europesays.com\/fr\/wp-json\/wp\/v2\/users\/2"}],"replies":[{"embeddable":true,"href":"https:\/\/www.europesays.com\/fr\/wp-json\/wp\/v2\/comments?post=566634"}],"version-history":[{"count":0,"href":"https:\/\/www.europesays.com\/fr\/wp-json\/wp\/v2\/posts\/566634\/revisions"}],"wp:featuredmedia":[{"embeddable":true,"href":"https:\/\/www.europesays.com\/fr\/wp-json\/wp\/v2\/media\/566635"}],"wp:attachment":[{"href":"https:\/\/www.europesays.com\/fr\/wp-json\/wp\/v2\/media?parent=566634"}],"wp:term":[{"taxonomy":"category","embeddable":true,"href":"https:\/\/www.europesays.com\/fr\/wp-json\/wp\/v2\/categories?post=566634"},{"taxonomy":"post_tag","embeddable":true,"href":"https:\/\/www.europesays.com\/fr\/wp-json\/wp\/v2\/tags?post=566634"}],"curies":[{"name":"wp","href":"https:\/\/api.w.org\/{rel}","templated":true}]}}