{"id":566640,"date":"2025-11-29T12:35:20","date_gmt":"2025-11-29T12:35:20","guid":{"rendered":"https:\/\/www.europesays.com\/fr\/566640\/"},"modified":"2025-11-29T12:35:20","modified_gmt":"2025-11-29T12:35:20","slug":"avions-immobilises-air-france-annonce-un-retour-progressif-a-la-normale-quelques-vols-annules-samedi-matin","status":"publish","type":"post","link":"https:\/\/www.europesays.com\/fr\/566640\/","title":{"rendered":"Avions immobilis\u00e9s\u00a0: Air France annonce un retour \u00ab\u00a0progressif \u00e0 la normale\u00a0\u00bb, quelques vols annul\u00e9s samedi matin"},"content":{"rendered":"<p>6.000 exemplaires de l&rsquo;A320, l&rsquo;avion le plus vendu au monde, ont \u00e9t\u00e9 clou\u00e9s au sol, vendredi soir, apr\u00e8s l&rsquo;annonce d&rsquo;un probl\u00e8me logiciel. Ce samedi matin, les perturbations sont \u00ab\u00a0tr\u00e8s limit\u00e9es\u00a0\u00bb, assure A\u00e9roports de Paris. La compagnie Air France mise sur un \u00ab\u00a0retour progressif \u00e0 la normale\u00a0\u00bb.<\/p>\n<p>L&rsquo;horizon se d\u00e9gage pour Air France. Une partie de sa flotte a \u00e9t\u00e9 clou\u00e9e au sol, vendredi soir, \u00e0 la demande du constructeur Airbus apr\u00e8s la\u00a0<a class=\"IciLink ici-link IciArticleLink g-ici-body-regular-1 underline brand svelte-1chfe2s\" href=\"https:\/\/www.francebleu.fr\/infos\/economie-social\/airbus-doit-remplacer-en-urgence-un-logiciel-de-commande-sur-6-000-avions-a-320-3235990\" target=\"_blank\" rel=\"noopener\">d\u00e9couverte d&rsquo;un d\u00e9faut de logiciel<\/a>. 6.000 exemplaires de l&rsquo;A320, l&rsquo;avion moyen courrier le plus vendu au monde, sont concern\u00e9s.<\/p>\n<p>Mais les nouvelles sont plut\u00f4t rassurantes ce samedi matin. Des mises \u00e0 jour du logiciel en question, lanc\u00e9es durant la nuit, vont permettre un \u00ab\u00a0retour progressif \u00e0 la normale\u00a0\u00bb\u00a0 dans la journ\u00e9e, assure la compagnie tricolore en pr\u00e9cisant\u00a0qu&rsquo;elle pourra*\u00a0\u00bbtransporter la quasi-int\u00e9gralit\u00e9 des passagers\u00a0\u00bb*.<\/p>\n<p>\u00c0 lire aussi   <img decoding=\"async\" src=\"https:\/\/www.europesays.com\/fr\/wp-content\/uploads\/2025\/11\/1764419718_108_400x400\" alt=\"\" style=\"--_image-preview:url('data:image\/jpeg;base64,\/9j\/2wBDACgcHiMeGSgjISMtKygwPGRBPDc3PHtYXUlkkYCZlo+AjIqgtObDoKrarYqMyP\/L2u71\/\/\/\/m8H\/\/\/\/6\/+b9\/\/j\/2wBDASstLTw1PHZBQXb4pYyl+Pj4+Pj4+Pj4+Pj4+Pj4+Pj4+Pj4+Pj4+Pj4+Pj4+Pj4+Pj4+Pj4+Pj4+Pj4+Pj4+Pj\/wAARCAAXACoDASIAAhEBAxEB\/8QAFwABAQEBAAAAAAAAAAAAAAAAAAIBA\/\/EABYQAQEBAAAAAAAAAAAAAAAAAAABEf\/EABUBAQEAAAAAAAAAAAAAAAAAAAAB\/8QAFBEBAAAAAAAAAAAAAAAAAAAAAP\/aAAwDAQACEQMRAD8A7NZogVNUmqIqVVgOkrdBAZQBNSAP\/9k=');\" loading=\"lazy\" fetchpriority=\"low\" aria-hidden=\"true\" class=\"svelte-1cksh76 rounded\" onload=\"this.__e=event\" onerror=\"this.__e=event\"\/><\/p>\n<p>Seul le r\u00e9seau intra-Cara\u00efbes conna\u00eetra encore quelques annulations, car les avions demandent une maintenance plus longue. Dans certains cas, Airbus recommande de changer une partie du syst\u00e8me informatique de l&rsquo;avion, n\u00e9cessitant une immobilisation plus cons\u00e9quente.<\/p>\n<p>Une dizaine de vols annul\u00e9s<\/p>\n<p>Quelques annulations ont malgr\u00e9 tout \u00e9t\u00e9 constat\u00e9es, ce samedi matin, sur le tableau des d\u00e9parts de l&rsquo;a\u00e9roport d&rsquo;Orly et de Roissy &#8211; Charles de Gaulle.\u00a0\u00ab\u00a0Ces perturbations sont tr\u00e8s limit\u00e9es\u00a0\u00bb, indique A\u00e9roports de Paris \u00e0 l&rsquo;Agence Radio France.<\/p>\n<p>Ces annulations \u00e9taient plus nombreuses, vendredi soir, avec une dizaine de vols supprim\u00e9s, impactant des centaines de passagers. \u00ab\u00a0Des vols ont \u00e9t\u00e9 annul\u00e9s de mani\u00e8re pr\u00e9ventive\u00a0\u00bb, mais les passagers vont \u00eatre reconduits sur d&rsquo;autres vols et \u00ab\u00a0tous nos passagers arriveront \u00e0 destination\u00a0\u00bb, assure Air France.<\/p>\n<p>Une centaine d&rsquo;Airbus A320 durablement indisponibles<\/p>\n<p>Une centaine d&rsquo;avions Airbus A320 dans le monde seront durablement indisponibles, le temps de remplacer un logiciel de commandes d\u00e9faillant, indique ce samedi le ministre fran\u00e7ais des Transports Philippe Tabarot sur BFMTV. \u00ab\u00a0D&rsquo;apr\u00e8s les derni\u00e8res informations que je poss\u00e8de, mais Airbus pourra bien s\u00fbr et devra communiquer l\u00e0-dessus, il semblerait qu&rsquo;il y aurait beaucoup moins d&rsquo;A320 qui seraient impact\u00e9s plus durablement par le changement du logiciel\u00a0\u00bb, pr\u00e9cise le ministre.<\/p>\n<p>\u00c0 lire aussi   <img decoding=\"async\" src=\"https:\/\/www.europesays.com\/fr\/wp-content\/uploads\/2025\/11\/1764419718_390_400x400\" alt=\"\" style=\"--_image-preview:url('data:image\/jpeg;base64,\/9j\/2wBDACgcHiMeGSgjISMtKygwPGRBPDc3PHtYXUlkkYCZlo+AjIqgtObDoKrarYqMyP\/L2u71\/\/\/\/m8H\/\/\/\/6\/+b9\/\/j\/2wBDASstLTw1PHZBQXb4pYyl+Pj4+Pj4+Pj4+Pj4+Pj4+Pj4+Pj4+Pj4+Pj4+Pj4+Pj4+Pj4+Pj4+Pj4+Pj4+Pj4+Pj\/wAARCAAXACoDASIAAhEBAxEB\/8QAGAABAQEBAQAAAAAAAAAAAAAAAAEDAgT\/xAAYEAEBAQEBAAAAAAAAAAAAAAAAEhEBAv\/EABUBAQEAAAAAAAAAAAAAAAAAAAAB\/8QAFBEBAAAAAAAAAAAAAAAAAAAAAP\/aAAwDAQACEQMRAD8A9HOutY0tIrbU1nRQO+9TXFJQMaXnoEFpaADTQFf\/2Q==');\" loading=\"lazy\" fetchpriority=\"low\" aria-hidden=\"true\" class=\"svelte-1cksh76 rounded\" onload=\"this.__e=event\" onerror=\"this.__e=event\"\/>\u00c0 lire aussi   <img decoding=\"async\" src=\"https:\/\/www.europesays.com\/fr\/wp-content\/uploads\/2025\/11\/1764419719_556_400x400\" alt=\"\" style=\"--_image-preview:url('data:image\/jpeg;base64,\/9j\/2wBDACgcHiMeGSgjISMtKygwPGRBPDc3PHtYXUlkkYCZlo+AjIqgtObDoKrarYqMyP\/L2u71\/\/\/\/m8H\/\/\/\/6\/+b9\/\/j\/2wBDASstLTw1PHZBQXb4pYyl+Pj4+Pj4+Pj4+Pj4+Pj4+Pj4+Pj4+Pj4+Pj4+Pj4+Pj4+Pj4+Pj4+Pj4+Pj4+Pj4+Pj\/wAARCAAXACoDASIAAhEBAxEB\/8QAFwABAQEBAAAAAAAAAAAAAAAAAAMBAv\/EABYQAQEBAAAAAAAAAAAAAAAAAAAREv\/EABUBAQEAAAAAAAAAAAAAAAAAAAAC\/8QAFREBAQAAAAAAAAAAAAAAAAAAABH\/2gAMAwEAAhEDEQA\/AL0qejS6iKUqem6KR3SuKUpE6yghZptAG0oA\/9k=');\" loading=\"lazy\" fetchpriority=\"low\" aria-hidden=\"true\" class=\"svelte-1cksh76 rounded\" onload=\"this.__e=event\" onerror=\"this.__e=event\"\/><\/p>\n","protected":false},"excerpt":{"rendered":"6.000 exemplaires de l&rsquo;A320, l&rsquo;avion le plus vendu au monde, ont \u00e9t\u00e9 clou\u00e9s au sol, vendredi soir, apr\u00e8s&hellip;\n","protected":false},"author":2,"featured_media":566641,"comment_status":"","ping_status":"","sticky":false,"template":"","format":"standard","meta":{"footnotes":""},"categories":[1592],"tags":[1111,11,1777,674,1011,27,662,12,626,25],"class_list":{"0":"post-566640","1":"post","2":"type-post","3":"status-publish","4":"format-standard","5":"has-post-thumbnail","7":"category-ile-de-france","8":"tag-actu","9":"tag-actualites","10":"tag-eu","11":"tag-europe","12":"tag-fr","13":"tag-france","14":"tag-ile-de-france","15":"tag-news","16":"tag-paris","17":"tag-republique-francaise"},"share_on_mastodon":{"url":"https:\/\/pubeurope.com\/@fr\/115633018483896404","error":""},"_links":{"self":[{"href":"https:\/\/www.europesays.com\/fr\/wp-json\/wp\/v2\/posts\/566640","targetHints":{"allow":["GET"]}}],"collection":[{"href":"https:\/\/www.europesays.com\/fr\/wp-json\/wp\/v2\/posts"}],"about":[{"href":"https:\/\/www.europesays.com\/fr\/wp-json\/wp\/v2\/types\/post"}],"author":[{"embeddable":true,"href":"https:\/\/www.europesays.com\/fr\/wp-json\/wp\/v2\/users\/2"}],"replies":[{"embeddable":true,"href":"https:\/\/www.europesays.com\/fr\/wp-json\/wp\/v2\/comments?post=566640"}],"version-history":[{"count":0,"href":"https:\/\/www.europesays.com\/fr\/wp-json\/wp\/v2\/posts\/566640\/revisions"}],"wp:featuredmedia":[{"embeddable":true,"href":"https:\/\/www.europesays.com\/fr\/wp-json\/wp\/v2\/media\/566641"}],"wp:attachment":[{"href":"https:\/\/www.europesays.com\/fr\/wp-json\/wp\/v2\/media?parent=566640"}],"wp:term":[{"taxonomy":"category","embeddable":true,"href":"https:\/\/www.europesays.com\/fr\/wp-json\/wp\/v2\/categories?post=566640"},{"taxonomy":"post_tag","embeddable":true,"href":"https:\/\/www.europesays.com\/fr\/wp-json\/wp\/v2\/tags?post=566640"}],"curies":[{"name":"wp","href":"https:\/\/api.w.org\/{rel}","templated":true}]}}