{"id":566642,"date":"2025-11-29T12:36:20","date_gmt":"2025-11-29T12:36:20","guid":{"rendered":"https:\/\/www.europesays.com\/fr\/566642\/"},"modified":"2025-11-29T12:36:20","modified_gmt":"2025-11-29T12:36:20","slug":"origine-du-probleme-perturbations-dans-le-ciel-quatre-questions-sur-limmobilisation-de-6-000-airbus-a320-dans-le-monde","status":"publish","type":"post","link":"https:\/\/www.europesays.com\/fr\/566642\/","title":{"rendered":"Origine du probl\u00e8me, perturbations dans le ciel\u2026 Quatre questions sur l&rsquo;immobilisation de 6\u00a0000\u00a0Airbus A320 dans le monde"},"content":{"rendered":"<p>\n  Air France, qui a lanc\u00e9 les mises \u00e0 jour d&rsquo;un logiciel sur les appareils touch\u00e9s dans la nuit de vendredi \u00e0 samedi, pr\u00e9voit un \u00ab\u00a0retour \u00e0 la normale\u00a0\u00bb pour la plupart de ses vols dimanche.\n<\/p>\n<p>Le rappel, qui concerne l&rsquo;avion le plus vendu au monde, a provoqu\u00e9 des retards et annulations de vols tout autour du globe. Le constructeur a\u00e9ronautique Airbus a annonc\u00e9, vendredi 28\u00a0novembre, <a href=\"https:\/\/www.franceinfo.fr\/economie\/transports\/airbus-demande-d-arreter-immediatement-les-vols-de-6-000-avions-a320-pour-remplacer-un-logiciel-de-commande-vulnerable-aux-radiations-solaires_7646063.html\" target=\"_self\" rel=\"noopener noreferrer nofollow\" data-tooltip-url=\"https:\/\/www.franceinfo.fr\/economie\/transports\/airbus-demande-d-arreter-immediatement-les-vols-de-6-000-avions-a320-pour-remplacer-un-logiciel-de-commande-vulnerable-aux-radiations-solaires_7646063.html\">l&rsquo;immobilisation de quelque 6\u00a0000\u00a0avions A320<\/a>, afin de remplacer en urgence un logiciel de commande vuln\u00e9rable aux radiations solaires. Le groupe a notifi\u00e9 \u00e0 ses clients utilisant ce logiciel de navigation sur son mod\u00e8le A320 \u00ab\u00a0d&rsquo;arr\u00eater imm\u00e9diatement les vols\u00a0\u00bb.<\/p>\n<p>\u00ab\u00a0Les perturbations sont tr\u00e8s limit\u00e9es\u00a0\u00bb dans les a\u00e9roports parisiens samedi matin, a appris l&rsquo;Agence Radio France aupr\u00e8s de Paris A\u00e9roports. Du c\u00f4t\u00e9 d&rsquo;Air France, tous les passagers devant voyager samedi avec la compagnie \u00ab\u00a0arriveront \u00e0 destination\u00a0\u00bb, mais \u00ab\u00a0pas forc\u00e9ment \u00e0 l&rsquo;heure initialement pr\u00e9vue\u00a0\u00bb, a rapport\u00e9 un porte-parole de la soci\u00e9t\u00e9 \u00e0 France T\u00e9l\u00e9visions. <a href=\"https:\/\/www.franceinfo.fr\/economie\/transports\/greve-a-air-france\/airbus-a320-maintenus-au-sol-air-france-annonce-un-retour-progressif-a-la-normale-dimanche_7647545.html\" target=\"_self\" rel=\"noopener noreferrer nofollow\" data-tooltip-url=\"https:\/\/www.franceinfo.fr\/economie\/transports\/greve-a-air-france\/airbus-a320-maintenus-au-sol-air-france-annonce-un-retour-progressif-a-la-normale-dimanche_7647545.html\">Air France pr\u00e9voit un \u00ab\u00a0retour \u00e0 la normale\u00a0\u00bb<\/a> dimanche, sauf pour les vols reliant entre elles les destinations des Cara\u00efbes. Cette immobilisation massive soul\u00e8ve plusieurs questions auxquelles franceinfo apporte des r\u00e9ponses.<\/p>\n<p>1\u00a0Quel est le probl\u00e8me technique \u00e0 l&rsquo;origine du rappel\u00a0?<\/p>\n<p>Une d\u00e9faillance a \u00e9t\u00e9 rep\u00e9r\u00e9e au niveau d&rsquo;un logiciel de commande d&rsquo;un calculateur profondeur-ailerons (Elac) fabriqu\u00e9 par Thales. Comme le pr\u00e9cise <a href=\"https:\/\/www.liberation.fr\/economie\/transports\/airbus-6-000-a320-doivent-changer-durgence-un-logiciel-vulnerable-aux-radiations-solaires-20251128_EKKND5TTLFFPLLVBCVWNZD45K4\/\" target=\"_blank\" rel=\"noopener\" data-tooltip-url=\"https:\/\/www.liberation.fr\/economie\/transports\/airbus-6-000-a320-doivent-changer-durgence-un-logiciel-vulnerable-aux-radiations-solaires-20251128_EKKND5TTLFFPLLVBCVWNZD45K4\/\">Lib\u00e9ration<\/a>, ces calculateurs fonctionnent comme un interm\u00e9diaire entre les commandes au niveau du poste de pilotage et les gouvernes de profondeur. Localis\u00e9es \u00e0 l&rsquo;arri\u00e8re de l&rsquo;appareil, ces petites surfaces mobiles permettent \u00e0 l&rsquo;avion de monter ou descendre. \u00ab\u00a0Un pilote n&rsquo;agit pas directement sur les gouvernes\u00a0\u00bb, explique au <a href=\"https:\/\/www.leparisien.fr\/economie\/logiciel-touche-dangerosite-consequences-sur-le-trafic-les-questions-qui-se-posent-apres-le-rappel-de-6000-airbus-a320-28-11-2025-DCB6AJHWZVHHLNCGXLGGPETWKE.php?ts=1764402409013\" target=\"_blank\" rel=\"noopener\" data-tooltip-url=\"https:\/\/www.leparisien.fr\/economie\/logiciel-touche-dangerosite-consequences-sur-le-trafic-les-questions-qui-se-posent-apres-le-rappel-de-6000-airbus-a320-28-11-2025-DCB6AJHWZVHHLNCGXLGGPETWKE.php?ts=1764402409013\">Parisien<\/a> l&rsquo;ancien pilote Michel Polacco, sp\u00e9cialiste d&rsquo;a\u00e9ronautique. \u00ab\u00a0Aujourd&rsquo;hui, on agit sur des calculateurs auxquels on donne des ordres et ensuite, les calculateurs analysent la situation et la position des gouvernes, puis la modifient en fonction de l&rsquo;objectif qui est cherch\u00e9 par le pilote.\u00a0\u00bb<\/p>\n<p>Un incident en vol et son analyse ont \u00ab\u00a0r\u00e9v\u00e9l\u00e9 que des radiations solaires intenses pourraient corrompre des donn\u00e9es essentielles au fonctionnement des commandes de vol\u00a0\u00bb, a rapport\u00e9 vendredi Airbus dans <a href=\"https:\/\/www.airbus.com\/en\/newsroom\/press-releases\/2025-11-airbus-update-on-a320-family-precautionary-fleet-action\" target=\"_blank\" rel=\"noopener\" data-tooltip-url=\"https:\/\/www.airbus.com\/en\/newsroom\/press-releases\/2025-11-airbus-update-on-a320-family-precautionary-fleet-action\">un communiqu\u00e9<\/a>. D&rsquo;apr\u00e8s Michel Polacco, les calculateurs sont normalement \u00ab\u00a0extr\u00eamement prot\u00e9g\u00e9s de l&rsquo;ext\u00e9rieur\u00a0\u00bb, et localis\u00e9s \u00ab\u00a0dans des bo\u00eetes\u00a0\u00bb \u00e0 divers endroits de l&rsquo;appareil.<\/p>\n<p>Thales, fournisseur d&rsquo;Airbus, a affirm\u00e9 \u00e0 l&rsquo;AFP qu&rsquo;il n&rsquo;\u00e9tait pas responsable du probl\u00e8me. \u00ab\u00a0La fonctionnalit\u00e9 dont il est question est port\u00e9e par un logiciel qui n&rsquo;est pas de responsabilit\u00e9 Thales\u00a0\u00bb, a-t-il pr\u00e9cis\u00e9.<\/p>\n<p>2\u00a0Comment cette d\u00e9faillance a-t-elle \u00e9t\u00e9 rep\u00e9r\u00e9e\u00a0?<\/p>\n<p>L&rsquo;incident dont l&rsquo;analyse a permis d&rsquo;arriver \u00e0 ces conclusions a eu lieu le 30\u00a0octobre sur un vol JetBlue entre Cancun (Mexique) et Newark, pr\u00e8s de New York (Etats-Unis). Au-dessus du golfe du Mexique, l&rsquo;avion A320 r\u00e9alisant ce vol a soudainement piqu\u00e9 vers le bas, sans aucune intervention de l&rsquo;\u00e9quipage. Les pilotes ont alors amorc\u00e9 la phase de descente puis atterri en urgence \u00e0 Tampa, en Floride (Etats-Unis).<\/p>\n<p>D&rsquo;apr\u00e8s l&rsquo;administration f\u00e9d\u00e9rale de l&rsquo;aviation am\u00e9ricaine, cit\u00e9e par le <a href=\"https:\/\/www.nytimes.com\/2025\/10\/31\/travel\/jetblue-flight-cancun.html\" target=\"_blank\" rel=\"noopener\" data-tooltip-url=\"https:\/\/www.nytimes.com\/2025\/10\/31\/travel\/jetblue-flight-cancun.html\">New York Times<\/a>, l&rsquo;avion a perdu en altitude apr\u00e8s avoir \u00ab\u00a0rencontr\u00e9 un probl\u00e8me de commandes de vol\u00a0\u00bb. Quinze \u00e0 vingt\u00a0personnes ont \u00e9t\u00e9 conduites \u00e0 l&rsquo;h\u00f4pital apr\u00e8s l&rsquo;atterrissage d&rsquo;urgence \u00e0 Tampa, ont rapport\u00e9 les pompiers de cette ville de Floride.<\/p>\n<p>3\u00a0Quelles r\u00e9parations vont avoir lieu apr\u00e8s cette immobilisation\u00a0?<\/p>\n<p>Dans son communiqu\u00e9, Airbus assure avoir \u00ab\u00a0collabor\u00e9 activement avec les autorit\u00e9s a\u00e9ronautiques pour solliciter des mesures pr\u00e9ventives imm\u00e9diates de la part des op\u00e9rateurs, via une alerte de transmission aux op\u00e9rateurs\u00a0\u00bb. L&rsquo;objectif, poursuit le constructeur a\u00e9ronautique, est de \u00ab\u00a0mettre en \u0153uvre les protections logicielles et\/ou mat\u00e9rielles disponibles\u00a0\u00bb, afin \u00ab\u00a0de garantir la s\u00e9curit\u00e9 des vols\u00a0\u00bb.<\/p>\n<p><a href=\"https:\/\/www.easa.europa.eu\/en\/newsroom-and-events\/news\/easa-issues-emergency-airworthiness-directive-airbus-320-family\" target=\"_blank\" rel=\"noopener\" data-tooltip-url=\"https:\/\/www.easa.europa.eu\/en\/newsroom-and-events\/news\/easa-issues-emergency-airworthiness-directive-airbus-320-family\">L&rsquo;Agence europ\u00e9enne de s\u00e9curit\u00e9 a\u00e9rienne<\/a> a fait \u00e9tat d&rsquo;une \u00ab\u00a0vuln\u00e9rabilit\u00e9 introduite par une mise \u00e0 jour d&rsquo;un logiciel dans l&rsquo;un des ordinateurs de bord\u00a0\u00bb. L&rsquo;organisme a publi\u00e9 une directive de navigabilit\u00e9 d&rsquo;urgence, qui \u00ab\u00a0exige l&rsquo;installation d&rsquo;un Elac en \u00e9tat de marche et interdit l&rsquo;installation d&rsquo;un Elac affect\u00e9\u00a0\u00bb. Les appareils affect\u00e9s doivent ainsi \u00ab\u00a0remplacer ou modifier chaque Elac concern\u00e9 par un Elac en \u00e9tat de marche\u00a0\u00bb, avant tout prochain vol.<\/p>\n<p>Le retour \u00e0 une version pr\u00e9c\u00e9dente du logiciel doit permettre de r\u00e9soudre rapidement le probl\u00e8me dans la plupart des cas, pr\u00e9cise le <a href=\"https:\/\/www.nytimes.com\/2025\/11\/28\/business\/airbus-software-a320-jets.html\" target=\"_blank\" rel=\"noopener\" data-tooltip-url=\"https:\/\/www.nytimes.com\/2025\/11\/28\/business\/airbus-software-a320-jets.html\">New York Times<\/a>. Une intervention a pu \u00eatre r\u00e9alis\u00e9e d\u00e8s vendredi, dans la nuit de vendredi \u00e0 samedi ou samedi matin pour \u00ab\u00a0plus de 5\u00a0000\u00a0appareils\u00a0\u00bb, d&rsquo;apr\u00e8s le ministre des Transports Philippe Tabarot. Sur BFMTV, le ministre a rapport\u00e9 qu&rsquo;une centaine d&rsquo;Airbus A320 seraient plus durablement indisponibles, le temps de remplacer un logiciel d\u00e9faillant. \u00ab\u00a0On avait \u00e9voqu\u00e9 la possibilit\u00e9 sur un millier d&rsquo;appareils. Il semble qu&rsquo;on ne parle maintenant que d&rsquo;une centaine d&rsquo;appareils\u00a0\u00bb, a-t-il assur\u00e9. Air France a ainsi lanc\u00e9 toutes les mises \u00e0 jour de ses A320 dans la nuit de vendredi \u00e0 samedi, a d\u00e9clar\u00e9 \u00e0 France T\u00e9l\u00e9visions un porte-parole de la compagnie.<\/p>\n<p>4\u00a0Quelles sont les cons\u00e9quences sur le trafic a\u00e9rien mondial\u00a0?<\/p>\n<p>Airbus a reconnu d\u00e8s vendredi que \u00ab\u00a0des perturbations\u00a0\u00bb auraient forc\u00e9ment lieu du fait de cette immobilisation et de ces r\u00e9parations. Certaines compagnies sont particuli\u00e8rement touch\u00e9es\u00a0: la soci\u00e9t\u00e9 colombienne Avianca, par exemple, estime que 70% de sa flotte est concern\u00e9e. Elle entrevoit des \u00ab\u00a0perturbations importantes dans les dix\u00a0jours \u00e0 venir\u00a0\u00bb, et a suspendu les ventes de billets jusqu&rsquo;au 8 d\u00e9cembre, selon un communiqu\u00e9.<\/p>\n<p>Aux Philippines, les compagnies locales Philippine Airlines et Cebu Pacific ont d\u00fb annuler plus de 40 vols, et ont propos\u00e9 remboursement et changements de dates aux passagers affect\u00e9s. Indigo et Air India, deux des principales compagnies a\u00e9riennes indiennes, ont \u00e9galement pr\u00e9venu de retards \u00e0 cause de cette immobilisation. Aux Etats-Unis, United Airlines a recens\u00e9 six\u00a0appareils concern\u00e9s et d\u00e9clar\u00e9 s&rsquo;attendre \u00e0 \u00ab\u00a0des perturbations mineures sur quelques vols\u00a0\u00bb.<\/p>\n<p>En France, 35\u00a0vols <a href=\"https:\/\/www.franceinfo.fr\/economie\/transports\/de-nombreux-vols-annules-depuis-paris-ce-vendredi-soir-apres-la-demande-d-airbus-d-arreter-les-vols-de-6-000-avions-a320_7646150.html\" target=\"_self\" rel=\"noopener noreferrer nofollow\" data-tooltip-url=\"https:\/\/www.franceinfo.fr\/economie\/transports\/de-nombreux-vols-annules-depuis-paris-ce-vendredi-soir-apres-la-demande-d-airbus-d-arreter-les-vols-de-6-000-avions-a320_7646150.html\">ont \u00e9t\u00e9 annul\u00e9s vendredi soir au d\u00e9part des a\u00e9roports fran\u00e7ais<\/a>, dont une dizaine \u00e0 Paris, ont appris l&rsquo;Agence Radio France et France T\u00e9l\u00e9visions aupr\u00e8s de Paris A\u00e9roport et d&rsquo;Air France. Samedi, \u00ab\u00a0les perturbations sont tr\u00e8s limit\u00e9es\u00a0\u00bb dans les a\u00e9roports parisiens. Air France a revu ses plans de vol, afin de pouvoir transporter tous ses passagers samedi, a d\u00e9clar\u00e9 \u00e0 France T\u00e9l\u00e9visions un porte-parole de la compagnie. Des passagers qui devaient voler \u00e0 bord d&rsquo;A320 ont ainsi \u00e9t\u00e9 regroup\u00e9s sur de plus gros avions. \u00ab\u00a0Tous nos passagers du jour arriveront \u00e0 destination, pas forc\u00e9ment \u00e0 l\u2019heure initialement pr\u00e9vue\u00a0\u00bb, a assur\u00e9 Air France.<\/p>\n<p>L&rsquo;entreprise pr\u00e9voit un retour \u00e0 la normale dimanche, sauf pour les vols qui relient entre elles les destinations des Cara\u00efbes, o\u00f9 les avions demandent une maintenance plus longue, selon cette source. Le trafic restera ainsi perturb\u00e9 entre Cayenne (Guyane), Fort-de-France (Martinique), Pointe-\u00e0-Pitre (Guadeloupe), Saint-Domingue (R\u00e9publique dominicaine) et Port-au-Prince (Ha\u00efti), pr\u00e9cise la compagnie.<\/p>\n","protected":false},"excerpt":{"rendered":"Air France, qui a lanc\u00e9 les mises \u00e0 jour d&rsquo;un logiciel sur les appareils touch\u00e9s dans la nuit&hellip;\n","protected":false},"author":2,"featured_media":566643,"comment_status":"","ping_status":"","sticky":false,"template":"","format":"standard","meta":{"footnotes":""},"categories":[1888],"tags":[1111,1928,11,1927,1777,674,1011,27,12,1926,626,1925,25],"class_list":{"0":"post-566642","1":"post","2":"type-post","3":"status-publish","4":"format-standard","5":"has-post-thumbnail","7":"category-paris","8":"tag-actu","9":"tag-actu-paris","10":"tag-actualites","11":"tag-actualites-paris","12":"tag-eu","13":"tag-europe","14":"tag-fr","15":"tag-france","16":"tag-news","17":"tag-news-paris","18":"tag-paris","19":"tag-paris-news","20":"tag-republique-francaise"},"share_on_mastodon":{"url":"https:\/\/pubeurope.com\/@fr\/115633021724129915","error":""},"_links":{"self":[{"href":"https:\/\/www.europesays.com\/fr\/wp-json\/wp\/v2\/posts\/566642","targetHints":{"allow":["GET"]}}],"collection":[{"href":"https:\/\/www.europesays.com\/fr\/wp-json\/wp\/v2\/posts"}],"about":[{"href":"https:\/\/www.europesays.com\/fr\/wp-json\/wp\/v2\/types\/post"}],"author":[{"embeddable":true,"href":"https:\/\/www.europesays.com\/fr\/wp-json\/wp\/v2\/users\/2"}],"replies":[{"embeddable":true,"href":"https:\/\/www.europesays.com\/fr\/wp-json\/wp\/v2\/comments?post=566642"}],"version-history":[{"count":0,"href":"https:\/\/www.europesays.com\/fr\/wp-json\/wp\/v2\/posts\/566642\/revisions"}],"wp:featuredmedia":[{"embeddable":true,"href":"https:\/\/www.europesays.com\/fr\/wp-json\/wp\/v2\/media\/566643"}],"wp:attachment":[{"href":"https:\/\/www.europesays.com\/fr\/wp-json\/wp\/v2\/media?parent=566642"}],"wp:term":[{"taxonomy":"category","embeddable":true,"href":"https:\/\/www.europesays.com\/fr\/wp-json\/wp\/v2\/categories?post=566642"},{"taxonomy":"post_tag","embeddable":true,"href":"https:\/\/www.europesays.com\/fr\/wp-json\/wp\/v2\/tags?post=566642"}],"curies":[{"name":"wp","href":"https:\/\/api.w.org\/{rel}","templated":true}]}}