{"id":566648,"date":"2025-11-29T12:39:16","date_gmt":"2025-11-29T12:39:16","guid":{"rendered":"https:\/\/www.europesays.com\/fr\/566648\/"},"modified":"2025-11-29T12:39:16","modified_gmt":"2025-11-29T12:39:16","slug":"macarons-balade-a-cheval-et-brocante-le-sejour-automnal-divanka-trump-et-de-sa-fille-ainee-arabella-a-paris","status":"publish","type":"post","link":"https:\/\/www.europesays.com\/fr\/566648\/","title":{"rendered":"Macarons, balade \u00e0 cheval et brocante&#8230; le s\u00e9jour automnal d\u2019Ivanka Trump et de sa fille a\u00een\u00e9e Arabella \u00e0 Paris"},"content":{"rendered":"<p>                                    <img decoding=\"async\" src=\"https:\/\/www.europesays.com\/fr\/wp-content\/uploads\/2025\/11\/935ae1a3aad945dc30632d22ff95d0ea53b74f2c126cf66db765071ebc50309f.png\" alt=\"La routine sportive d'Ivanka Trump\" class=\"a11y-hidden\" fetchpriority=\"high\"\/><\/p>\n<p>\n    Pour Thanksgiving, Ivanka Trump a partag\u00e9 quelques photos en souvenir d\u2019un s\u00e9jour automnal \u00e0 Paris pass\u00e9 avec sa fille a\u00een\u00e9e, Arabella. Entre balade \u00e0 cheval et confection de macarons, m\u00e8re et fille ont profit\u00e9 de ce voyage sous la grisaille de la capitale.<\/p>\n<p class=\"fig-paragraph\">Jeudi 27 novembre,\u00a0<a href=\"http:\/\/madame.lefigaro.fr\/celebrites\/actu-people\/assortis-et-rayonnants-la-photo-de-famille-des-obama-pour-thanksgiving-20251128\" data-fig-type=\"Article\" data-gtm-custom-categorie=\"navigation\" data-gtm-custom-action=\"crossclick\" data-gtm-custom-label=\"Contextuel\" data-gtm-event=\"customEventSPE\" data-fig-domain=\"MADAME\" target=\"_blank\" rel=\"noopener\">de nombreux Am\u00e9ricains ont c\u00e9l\u00e9br\u00e9 Thanksgiving<\/a>, cette f\u00eate automnale qui a lieu chaque ann\u00e9e le quatri\u00e8me jeudi du mois de novembre. Les stars n\u2019ont pas h\u00e9sit\u00e9 \u00e0 partager sur les r\u00e9seaux sociaux les souvenirs de cette journ\u00e9e pass\u00e9e, la plupart du temps, en famille. Pour l\u2019occasion,\u00a0<a href=\"https:\/\/madame.lefigaro.fr\/tag\/ivanka-trump\" target=\"_blank\" data-fig-type=\"Keyword\" rel=\"sponsored noopener\" data-gtm-custom-categorie=\"navigation\" data-gtm-custom-action=\"crossclick\" data-gtm-custom-label=\"Contextuel\" data-gtm-event=\"customEventSPE\" data-fig-domain=\"MADAME\">Ivanka Trump<\/a>\u00a0a d\u00e9cid\u00e9 d\u2019organiser un voyage \u00e0 Paris. En effet, le jour de Thanksgiving, la fille de Donald et Ivana Trump a partag\u00e9 plusieurs\u00a0<a href=\"https:\/\/www.instagram.com\/p\/DRhOuOAjtf7\/?utm_source=ig_web_copy_link&amp;igsh=MzRlODBiNWFlZA==\" target=\"_blank\" rel=\"sponsored noopener\" data-gtm-custom-categorie=\"navigation\" data-gtm-custom-action=\"crossclick\" data-gtm-custom-label=\"Contextuel\" data-gtm-event=\"customEventSPE\">photos sur Instagram<\/a>\u00a0se disant \u00abprofond\u00e9ment reconnaissante pour les merveilleux souvenirs cr\u00e9\u00e9s avec Arabella cette semaine \u00e0 Paris\u00bb. L\u2019\u00e9pouse de\u00a0<a href=\"http:\/\/madame.lefigaro.fr\/celebrites\/actu-people\/ivanka-trump-son-mari-jared-kushner-et-leurs-enfants-debarquent-a-venise-pour-assister-au-mariage-de-jeff-bezos-20250625\" data-fig-type=\"Article\" data-gtm-custom-categorie=\"navigation\" data-gtm-custom-action=\"crossclick\" data-gtm-custom-label=\"Contextuel\" data-gtm-event=\"customEventSPE\" data-fig-domain=\"MADAME\" target=\"_blank\" rel=\"noopener\">Jared Kushner<\/a>\u00a0a profit\u00e9 de ce s\u00e9jour avec sa fille a\u00een\u00e9e, Arabella, \u00e2g\u00e9e de 14 ans. Sur la publication, m\u00e8re et fille ont pris la pose depuis un rooftop, avec la tour Eiffel comme d\u00e9cor, le sourire aux l\u00e8vres malgr\u00e9 la grisaille parisienne.<\/p>\n<p class=\"fig-body-link&#10;    \">\n            \u00c0 lire aussi<br \/>\n        <a class=\"fig-body-link__link\" href=\"http:\/\/madame.lefigaro.fr\/style\/news\/allure-chic-et-discrete-ivanka-trump-celebre-ses-44-ans-en-vert-olive-lors-d-un-dejeuner-intimiste-20251031\" data-fig-type=\"Article\" data-gtm-custom-categorie=\"navigation\" data-gtm-custom-action=\"crossclick\" data-gtm-custom-label=\"Contextuel\" data-gtm-event=\"customEventSPE\" data-fig-domain=\"MADAME\" target=\"_blank\" rel=\"noopener\"><br \/>\n        Allure chic et discr\u00e8te\u00a0: Ivanka Trump c\u00e9l\u00e8bre ses 44 ans en vert olive lors d\u2019un d\u00e9jeuner intimiste<\/a>\n<\/p>\n<p>                                                                \u00abMerci, belle ville lumi\u00e8re\u00a0!\u00bb<\/p>\n<p class=\"fig-paragraph\">Les deux femmes semblent avoir eu un programme charg\u00e9 lors de ce s\u00e9jour dans la capitale fran\u00e7aise. Ivanka Trump a notamment partag\u00e9 une vid\u00e9o sur laquelle elle profite d\u2019une balade \u00e0 cheval, avec Arabella, au milieu des couleurs de l\u2019automne. Sur une autre photo, la jeune fille porte une robe de soir\u00e9e argent\u00e9e, pr\u00eate \u00e0 sortir. Un atelier pour\u00a0<a href=\"http:\/\/madame.lefigaro.fr\/celebrites\/actu-people\/macarons-verts-et-fleurs-bleues-la-baby-shower-de-tiffany-trump-sur-le-theme-de-pierre-lapin-20250409\" data-fig-type=\"Article\" data-gtm-custom-categorie=\"navigation\" data-gtm-custom-action=\"crossclick\" data-gtm-custom-label=\"Contextuel\" data-gtm-event=\"customEventSPE\" data-fig-domain=\"MADAME\" target=\"_blank\" rel=\"noopener\">confectionner des macarons<\/a>\u00a0semble aussi avoir \u00e9t\u00e9 organis\u00e9. Sur les clich\u00e9s partag\u00e9s par Ivanka, Arabella porte un tablier et est en train de recouvrir la ganache de la mignardise, avec le chapeau du macaron. M\u00e8re et fille semblent avoir aussi chin\u00e9 quelques objets anciens dans une brocante ou chez un antiquaire, en t\u00e9moigne la photo d\u2019une pi\u00e8ce remplie de chandeliers dor\u00e9s, de tableaux, de mobiliers vintage.<\/p>\n<p>                                                                <a href=\"https:\/\/photo-madame.lefigaro.fr\/style\/news\/ivanka-trump-et-son-style-de-femme-de-pouvoir-20251030\" target=\"_blank\" rel=\"noopener\"><\/p>\n<p class=\"fig-slideshow__title\">\n                    Ivanka Trump et son style de femme de pouvoir\n                <\/p>\n<p>    <\/a><br \/>\n                                                                <a class=\"fig-a11y-skip\" href=\"#fig-a11y-skip-main-inarticle\" data-module=\"a11y-skip\" data-context=\"was @visible\"><br \/>\n    Passer la publicit\u00e9<br \/>\n<\/a>            <\/p>\n<p class=\"fig-paragraph\">Ivanka et Arabella sont aussi all\u00e9es visiter le nouvel espace de la\u00a0<a href=\"http:\/\/madame.lefigaro.fr\/celebrites\/soirees\/audrey-tautou-pete-doherty-lou-doillon-les-personnalites-celebrent-l-ouverture-de-la-toute-nouvelle-fondation-cartier-20251030\" data-fig-type=\"Article\" data-gtm-custom-categorie=\"navigation\" data-gtm-custom-action=\"crossclick\" data-gtm-custom-label=\"Contextuel\" data-gtm-event=\"customEventSPE\" data-fig-domain=\"MADAME\" target=\"_blank\" rel=\"noopener\">Fondation Cartier<\/a>, d\u00e9di\u00e9 \u00e0 la cr\u00e9ation contemporaine. Un lieu d\u00e9sormais situ\u00e9 sur la place du Palais-Royal, dans un immeuble historique dont l\u2019int\u00e9rieur a \u00e9t\u00e9 repens\u00e9 par Jean Nouvel. Apr\u00e8s une vid\u00e9o du panorama de la ville depuis les toits parisiens et une photo du drapeau fran\u00e7ais sur lequel il est \u00e9crit \u00abLiberty\u00bb (libert\u00e9, en fran\u00e7ais), il \u00e9tait temps pour Ivanka Trump et sa fille de retrouver leur terre natale. \u00abMerci, belle ville lumi\u00e8re\u00a0!\u00bb, a alors \u00e9crit, en fran\u00e7ais, la fille de Donald Trump pour conclure la l\u00e9gende de sa publication.<\/p>\n<p>                                        <script async src=\"\/\/www.instagram.com\/embed.js\"><\/script><\/p>\n","protected":false},"excerpt":{"rendered":"Pour Thanksgiving, Ivanka Trump a partag\u00e9 quelques photos en souvenir d\u2019un s\u00e9jour automnal \u00e0 Paris pass\u00e9 avec sa&hellip;\n","protected":false},"author":2,"featured_media":566649,"comment_status":"","ping_status":"","sticky":false,"template":"","format":"standard","meta":{"footnotes":""},"categories":[1888],"tags":[11,2773,1777,674,1011,27,13788,12,626,25],"class_list":{"0":"post-566648","1":"post","2":"type-post","3":"status-publish","4":"format-standard","5":"has-post-thumbnail","7":"category-paris","8":"tag-actualites","9":"tag-enfants-de","10":"tag-eu","11":"tag-europe","12":"tag-fr","13":"tag-france","14":"tag-ivanka-trump","15":"tag-news","16":"tag-paris","17":"tag-republique-francaise"},"share_on_mastodon":{"url":"https:\/\/pubeurope.com\/@fr\/115633034198943253","error":""},"_links":{"self":[{"href":"https:\/\/www.europesays.com\/fr\/wp-json\/wp\/v2\/posts\/566648","targetHints":{"allow":["GET"]}}],"collection":[{"href":"https:\/\/www.europesays.com\/fr\/wp-json\/wp\/v2\/posts"}],"about":[{"href":"https:\/\/www.europesays.com\/fr\/wp-json\/wp\/v2\/types\/post"}],"author":[{"embeddable":true,"href":"https:\/\/www.europesays.com\/fr\/wp-json\/wp\/v2\/users\/2"}],"replies":[{"embeddable":true,"href":"https:\/\/www.europesays.com\/fr\/wp-json\/wp\/v2\/comments?post=566648"}],"version-history":[{"count":0,"href":"https:\/\/www.europesays.com\/fr\/wp-json\/wp\/v2\/posts\/566648\/revisions"}],"wp:featuredmedia":[{"embeddable":true,"href":"https:\/\/www.europesays.com\/fr\/wp-json\/wp\/v2\/media\/566649"}],"wp:attachment":[{"href":"https:\/\/www.europesays.com\/fr\/wp-json\/wp\/v2\/media?parent=566648"}],"wp:term":[{"taxonomy":"category","embeddable":true,"href":"https:\/\/www.europesays.com\/fr\/wp-json\/wp\/v2\/categories?post=566648"},{"taxonomy":"post_tag","embeddable":true,"href":"https:\/\/www.europesays.com\/fr\/wp-json\/wp\/v2\/tags?post=566648"}],"curies":[{"name":"wp","href":"https:\/\/api.w.org\/{rel}","templated":true}]}}