{"id":566650,"date":"2025-11-29T12:40:16","date_gmt":"2025-11-29T12:40:16","guid":{"rendered":"https:\/\/www.europesays.com\/fr\/566650\/"},"modified":"2025-11-29T12:40:16","modified_gmt":"2025-11-29T12:40:16","slug":"derriere-des-promesses-dembauche-en-russie-des-sud-africains-enroles-de-force-dans-larmee-lexpress","status":"publish","type":"post","link":"https:\/\/www.europesays.com\/fr\/566650\/","title":{"rendered":"Derri\u00e8re des promesses d\u2019embauche en Russie, des Sud-Africains enr\u00f4l\u00e9s de force dans l\u2019arm\u00e9e \u2013 L&rsquo;Express"},"content":{"rendered":"<p class=\"paragraph article-body-paragraph article__item   article-body-paragraph--first \">Comme d\u2019autres, il pensait suivre une formation d\u2019un an de garde du corps en Russie. P\u00e8re de trois enfants, sans emploi : l\u2019homme de 46 ans a vu une opportunit\u00e9 pour r\u00e9soudre ses difficult\u00e9s. D\u2019autant que la proposition, s\u00e9duisante, \u00e9mane de Duduzile Zuma-Sambudla, la fille de Jacob Zuma, l\u2019ancien pr\u00e9sident <a href=\"https:\/\/www.lexpress.fr\/monde\/afrique\/lafrique-du-sud-affirme-vouloir-maintenir-ses-liens-avec-les-etats-unis-malgre-les-tensions-DN2EJ57ATBDXHDO3SCCQ5ACFD4\/\" target=\"_self\" rel=\"noopener\" title=\"https:\/\/www.lexpress.fr\/monde\/afrique\/lafrique-du-sud-affirme-vouloir-maintenir-ses-liens-avec-les-etats-unis-malgre-les-tensions-DN2EJ57ATBDXHDO3SCCQ5ACFD4\/\">sud-africain<\/a> : \u00e0 l\u2019issue de cette p\u00e9riode d\u2019un an \u00e0 apprendre le m\u00e9tier, elle lui promet qu\u2019il pourra travailler en tant qu\u2019agent de s\u00e9curit\u00e9 pour le parti politique de son p\u00e8re.<\/p>\n<p class=\"paragraph article-body-paragraph article__item   \">Mais une fois sur place, le r\u00eave devient cauchemar : les \u00ab\u00a0formateurs\u00a0\u00bb donnent au quadrag\u00e9naire un treillis militaire et un fusil, et l\u2019emm\u00e8nent \u00e0 Rostov, dans le sud du pays. Peu de temps apr\u00e8s, le voil\u00e0 en premi\u00e8re ligne de la guerre en <a href=\"https:\/\/www.lexpress.fr\/monde\/europe\/l-ukraine-hesite-entre-est-et-ouest_1302698.html\" target=\"_blank\" rel=\"noreferrer noopener\" title=\"https:\/\/www.lexpress.fr\/monde\/europe\/l-ukraine-hesite-entre-est-et-ouest_1302698.html\">Ukraine<\/a>, dormant dans des tranch\u00e9es au milieu des champs de bataille du Donbass, des chars et des drones. \u00ab\u00a0On nous a menti. Il n\u2019y a pas eu d\u2019entra\u00eenement pour les gardes du corps. On partait \u00e0 la guerre\u00a0\u00bb, t\u00e9moigne-t-il au <a href=\"https:\/\/www.nytimes.com\/2025\/11\/29\/world\/africa\/south-africa-russia-ukraine-fighters-zuma.html\" target=\"_blank\" rel=\"noreferrer noopener\" title=\"https:\/\/www.nytimes.com\/2025\/11\/29\/world\/africa\/south-africa-russia-ukraine-fighters-zuma.html\">New York Times<\/a> ce 29 novembre, amer. Au total, 17 autres hommes seraient tomb\u00e9s dans un pi\u00e8ge similaire.<\/p>\n<p>Une enqu\u00eate ouverte<\/p>\n<p class=\"paragraph article-body-paragraph article__item   \">En Afrique du Sud, cette affaire a progressivement pris de l\u2019ampleur, au point que le pr\u00e9sident, <a href=\"https:\/\/www.lexpress.fr\/monde\/afrique\/sommet-du-g20-comment-lafrique-du-sud-tire-parti-de-labsence-des-etats-unis-UU5IOGCQWNFCTEFMYOMMYPWU6E\/\" target=\"_self\" rel=\"noopener\" title=\"https:\/\/www.lexpress.fr\/monde\/afrique\/sommet-du-g20-comment-lafrique-du-sud-tire-parti-de-labsence-des-etats-unis-UU5IOGCQWNFCTEFMYOMMYPWU6E\/\">Cyril Ramaphosa<\/a>, a annonc\u00e9 l\u2019ouverture d\u2019une enqu\u00eate sur les circonstances de leur \u00ab\u00a0recrutement\u00a0\u00bb. Une unit\u00e9 d\u2019\u00e9lite de la police, elle, examine la possibilit\u00e9 de poursuites p\u00e9nales contre Duduzile Zuma-Sambudla, vis\u00e9e aussi par une plainte de sa s\u0153ur, Nkosazana Zuma-Mncube. Dans un communiqu\u00e9 publi\u00e9 le 22 novembre, cette derni\u00e8re accuse Duduzile Zuma-Sambudla et deux autres personnes de trafic d\u2019\u00eatres humains, d\u2019escroquerie et de soutien \u00e0 une arm\u00e9e \u00e9trang\u00e8re, assurant que huit membres de leur propre famille auraient \u00e9t\u00e9 ill\u00e9galement enr\u00f4l\u00e9s dans l\u2019arm\u00e9e russe. L\u2019Alliance d\u00e9mocratique, deuxi\u00e8me parti politique d\u2019Afrique du Sud, a \u00e9galement port\u00e9 plainte, apr\u00e8s avoir pr\u00e9sent\u00e9 des captures d\u2019\u00e9cran de ce qu\u2019ils ont d\u00e9crit comme des \u00e9changes de SMS entre Duduzile Zuma-Sambudla et certains de ces recruteurs.<\/p>\n<p><strong class=\"article-body-link-list__item text-gray-800 article-body-link-list__item--one-item\">LIRE AUSSI : <a class=\"article-body-link-list__item-link\" href=\"https:\/\/www.lexpress.fr\/monde\/afrique\/sommet-du-g20-comment-lafrique-du-sud-tire-parti-de-labsence-des-etats-unis-UU5IOGCQWNFCTEFMYOMMYPWU6E\/\" target=\"_blank\" rel=\"noopener\">Sommet du G20 : comment l\u2019Afrique du Sud tire parti de l\u2019absence des Etats-Unis<\/a><\/strong><\/p>\n<p class=\"paragraph article-body-paragraph article__item   \">De son c\u00f4t\u00e9, la principale mise en cause, aussi d\u00e9put\u00e9e du premier parti d\u2019opposition, Umkhonto we Sizwe (MK), a d\u00e9missionn\u00e9 de son poste, d\u00e9clarant sous serment qu\u2019elle pensait que ces hommes se rendaient en Russie pour un entra\u00eenement \u00ab\u00a0l\u00e9gal\u00a0\u00bb. La fille de l\u2019ex-pr\u00e9sident avait elle-m\u00eame particip\u00e9 \u00e0 un de ces fameux stages en Russie pendant un mois, affirmant n\u2019avoir jamais \u00e9t\u00e9 expos\u00e9e \u00e0 des combats. \u00ab\u00a0Ces personnes sont arriv\u00e9es environ une semaine apr\u00e8s moi. J\u2019ai partag\u00e9 des informations innocemment : je n\u2019ai persuad\u00e9 ni fait pression sur aucune d\u2019entre elles. Le fait que des membres de ma propre famille aient choisi de participer prouve que je n\u2019avais aucune raison de soup\u00e7onner que le programme \u00e9tait dangereux\u00a0\u00bb, mentionne-t-elle dans sa d\u00e9claration \u00e0 la police, consult\u00e9e par le m\u00e9dia sud-africain <a href=\"https:\/\/dailynews.co.za\/news\/2025-11-24-exclusive-duduzile-sambudla-zuma-denies-recruiting-south-africans-for-combat-in-ukraine\/\" rel=\"noopener\" title=\"https:\/\/dailynews.co.za\/news\/2025-11-24-exclusive-duduzile-sambudla-zuma-denies-recruiting-south-africans-for-combat-in-ukraine\/\" target=\"_blank\">Daily News<\/a>.<\/p>\n<p class=\"paragraph article-body-paragraph article__item   \">Nathi Nhleko, organisateur national du MK, a assur\u00e9 de son c\u00f4t\u00e9 que le parti n\u2019\u00e9tait \u00ab\u00a0pas impliqu\u00e9 dans l\u2019affaire russo-ukrainienne\u00a0\u00bb, et a soulign\u00e9 que la d\u00e9mission de l\u2019ancienne d\u00e9put\u00e9e ne constituait en aucun cas un aveu de culpabilit\u00e9. La loi sud-africaine criminalise en effet le fait de servir dans une arm\u00e9e \u00e9trang\u00e8re sans autorisation gouvernementale.<\/p>\n<p>Une r\u00e9putation sulfureuse<\/p>\n<p class=\"paragraph article-body-paragraph article__item   \">Au c\u0153ur de ce dossier br\u00fblant, Duduzile Zuma-Sambudla a une r\u00e9putation sulfureuse. L\u2019ancienne \u00e9lue est actuellement jug\u00e9e pour trahison, incitation au terrorisme et \u00e0 la violence, en raison de son r\u00f4le pr\u00e9sum\u00e9 dans les \u00e9meutes meurtri\u00e8res qui ont secou\u00e9 le pays en 2021, apr\u00e8s l\u2019arrestation de son p\u00e8re, ayant fait plusieurs centaines de morts. Depuis plusieurs ann\u00e9es, Jacob Zuma entretenait des liens \u00e9troits avec le gouvernement russe, et Duduzile Zuma-Sambudla elle-m\u00eame a exprim\u00e9 \u00e0 plusieurs reprises son soutien \u00e0 la Russie sur les r\u00e9seaux sociaux. La Direction des enqu\u00eates sur les crimes prioritaires, connue en Afrique du Sud sous le nom de Hawks, a confirm\u00e9 qu\u2019elle enqu\u00eatait actuellement sur elle, bien que les charges restent encore \u00e0 d\u00e9terminer, ont pr\u00e9cis\u00e9 les autorit\u00e9s.<\/p>\n<p><strong class=\"article-body-link-list__item text-gray-800 article-body-link-list__item--one-item\">LIRE AUSSI : <a class=\"article-body-link-list__item-link\" href=\"https:\/\/www.lexpress.fr\/monde\/amerique\/un-genocide-anti-blancs-en-afrique-du-sud-la-lubie-infondee-de-donald-trump-DXNOXJQU4NCKPC2C2MOP7S7XAA\/\" target=\"_blank\" rel=\"noopener\">Un \u00ab\u00a0g\u00e9nocide anti-Blancs\u00a0\u00bb en Afrique du Sud ? La lubie infond\u00e9e de Donald Trump<\/a><\/strong><\/p>\n<p class=\"paragraph article-body-paragraph article__item    article__text__endpicto\">En dehors de cette affaire, l\u2019Ukraine a accus\u00e9 \u00e0 plusieurs reprises la Russie de recourir \u00e0 la ruse pour recruter des combattants \u00e0 travers l\u2019Afrique, o\u00f9 de nombreux gouvernements entretiennent des liens \u00e9troits avec le Kremlin, h\u00e9rit\u00e9s du soutien apport\u00e9 par l\u2019Union sovi\u00e9tique aux mouvements d\u2019ind\u00e9pendance africains. Andrii Sybiha, ministre ukrainien des Affaires \u00e9trang\u00e8res, a publi\u00e9 ce mois-ci sur les r\u00e9seaux sociaux que plus de 1 400 citoyens de 36 pays africains combattaient pour la Russie, des chiffres n\u00e9anmoins impossibles \u00e0 v\u00e9rifier de mani\u00e8re ind\u00e9pendante.<\/p>\n","protected":false},"excerpt":{"rendered":"Comme d\u2019autres, il pensait suivre une formation d\u2019un an de garde du corps en Russie. P\u00e8re de trois&hellip;\n","protected":false},"author":2,"featured_media":566651,"comment_status":"","ping_status":"","sticky":false,"template":"","format":"standard","meta":{"footnotes":""},"categories":[1591],"tags":[11,879,674,1887,74,12,1885,1886,132],"class_list":{"0":"post-566650","1":"post","2":"type-post","3":"status-publish","4":"format-standard","5":"has-post-thumbnail","7":"category-russie","8":"tag-actualites","9":"tag-afrique","10":"tag-europe","11":"tag-federation-de-russie","12":"tag-monde","13":"tag-news","14":"tag-russia","15":"tag-russian-federation","16":"tag-russie"},"share_on_mastodon":{"url":"https:\/\/pubeurope.com\/@fr\/115633037276881691","error":""},"_links":{"self":[{"href":"https:\/\/www.europesays.com\/fr\/wp-json\/wp\/v2\/posts\/566650","targetHints":{"allow":["GET"]}}],"collection":[{"href":"https:\/\/www.europesays.com\/fr\/wp-json\/wp\/v2\/posts"}],"about":[{"href":"https:\/\/www.europesays.com\/fr\/wp-json\/wp\/v2\/types\/post"}],"author":[{"embeddable":true,"href":"https:\/\/www.europesays.com\/fr\/wp-json\/wp\/v2\/users\/2"}],"replies":[{"embeddable":true,"href":"https:\/\/www.europesays.com\/fr\/wp-json\/wp\/v2\/comments?post=566650"}],"version-history":[{"count":0,"href":"https:\/\/www.europesays.com\/fr\/wp-json\/wp\/v2\/posts\/566650\/revisions"}],"wp:featuredmedia":[{"embeddable":true,"href":"https:\/\/www.europesays.com\/fr\/wp-json\/wp\/v2\/media\/566651"}],"wp:attachment":[{"href":"https:\/\/www.europesays.com\/fr\/wp-json\/wp\/v2\/media?parent=566650"}],"wp:term":[{"taxonomy":"category","embeddable":true,"href":"https:\/\/www.europesays.com\/fr\/wp-json\/wp\/v2\/categories?post=566650"},{"taxonomy":"post_tag","embeddable":true,"href":"https:\/\/www.europesays.com\/fr\/wp-json\/wp\/v2\/tags?post=566650"}],"curies":[{"name":"wp","href":"https:\/\/api.w.org\/{rel}","templated":true}]}}