{"id":566662,"date":"2025-11-29T12:46:14","date_gmt":"2025-11-29T12:46:14","guid":{"rendered":"https:\/\/www.europesays.com\/fr\/566662\/"},"modified":"2025-11-29T12:46:14","modified_gmt":"2025-11-29T12:46:14","slug":"telethon-des-5-communes-la-derniere-reunion-de-preparation-a-eu-lieue-ce-mercredi-toutes-les-informations-a-connaitre-avec-info-chalon-info-chalon-com","status":"publish","type":"post","link":"https:\/\/www.europesays.com\/fr\/566662\/","title":{"rendered":"T\u00e9l\u00e9thon des 5 communes : la derni\u00e8re r\u00e9union de pr\u00e9paration a eu lieue ce mercredi, toutes les informations \u00e0 conna\u00eetre avec Info Chalon &#8211; info-chalon.com"},"content":{"rendered":"<p>Le samedi 6 d\u00e9cembre prochain, les 5 communes de la Paroisse se mobiliseront \u00e0 nouveau cette ann\u00e9e pour la bonne cause : le t\u00e9l\u00e9thon.<\/p>\n<p>\u00a0Le t\u00e9l\u00e9thon des 5 communes a lieu \u00e0 Saint-Marcel pour 2025.<\/p>\n<p>Ce mercredi 26 novembre avait lieu la derni\u00e8re r\u00e9union de pr\u00e9paration pour la bonne organisation de cette manifestation.<\/p>\n<p>Cette ann\u00e9e, les organisateurs innovent et vous proposent une vid\u00e9o pour vous pr\u00e9senter le programme complet. (Cf ci-dessous)<\/p>\n<p>Ils vous attendent nombreuses et nombreux encore cette ann\u00e9e pour faire de ce bel \u00e9v\u00e9nement solidaire, une r\u00e9ussite.<\/p>\n<p>\u00a0<\/p>\n<p><strong>Amandine Cerrone\u00a0<\/strong><\/p>\n","protected":false},"excerpt":{"rendered":"Le samedi 6 d\u00e9cembre prochain, les 5 communes de la Paroisse se mobiliseront \u00e0 nouveau cette ann\u00e9e pour&hellip;\n","protected":false},"author":2,"featured_media":566663,"comment_status":"","ping_status":"","sticky":false,"template":"","format":"standard","meta":{"footnotes":""},"categories":[1586],"tags":[11,1777,674,1779,1011,27,12,25,1778,364],"class_list":{"0":"post-566662","1":"post","2":"type-post","3":"status-publish","4":"format-standard","5":"has-post-thumbnail","7":"category-europe","8":"tag-actualites","9":"tag-eu","10":"tag-europe","11":"tag-european-union","12":"tag-fr","13":"tag-france","14":"tag-news","15":"tag-republique-francaise","16":"tag-ue","17":"tag-union-europeenne"},"share_on_mastodon":{"url":"https:\/\/pubeurope.com\/@fr\/115633060936400123","error":""},"_links":{"self":[{"href":"https:\/\/www.europesays.com\/fr\/wp-json\/wp\/v2\/posts\/566662","targetHints":{"allow":["GET"]}}],"collection":[{"href":"https:\/\/www.europesays.com\/fr\/wp-json\/wp\/v2\/posts"}],"about":[{"href":"https:\/\/www.europesays.com\/fr\/wp-json\/wp\/v2\/types\/post"}],"author":[{"embeddable":true,"href":"https:\/\/www.europesays.com\/fr\/wp-json\/wp\/v2\/users\/2"}],"replies":[{"embeddable":true,"href":"https:\/\/www.europesays.com\/fr\/wp-json\/wp\/v2\/comments?post=566662"}],"version-history":[{"count":0,"href":"https:\/\/www.europesays.com\/fr\/wp-json\/wp\/v2\/posts\/566662\/revisions"}],"wp:featuredmedia":[{"embeddable":true,"href":"https:\/\/www.europesays.com\/fr\/wp-json\/wp\/v2\/media\/566663"}],"wp:attachment":[{"href":"https:\/\/www.europesays.com\/fr\/wp-json\/wp\/v2\/media?parent=566662"}],"wp:term":[{"taxonomy":"category","embeddable":true,"href":"https:\/\/www.europesays.com\/fr\/wp-json\/wp\/v2\/categories?post=566662"},{"taxonomy":"post_tag","embeddable":true,"href":"https:\/\/www.europesays.com\/fr\/wp-json\/wp\/v2\/tags?post=566662"}],"curies":[{"name":"wp","href":"https:\/\/api.w.org\/{rel}","templated":true}]}}