{"id":566670,"date":"2025-11-29T12:52:11","date_gmt":"2025-11-29T12:52:11","guid":{"rendered":"https:\/\/www.europesays.com\/fr\/566670\/"},"modified":"2025-11-29T12:52:11","modified_gmt":"2025-11-29T12:52:11","slug":"peut-etre-quon-naurait-pas-du-avoir-autant-de-vacances-sinterroge-antoine-brizard-depuis-le-japon","status":"publish","type":"post","link":"https:\/\/www.europesays.com\/fr\/566670\/","title":{"rendered":"\u00abpeut-\u00eatre qu\u2019on n\u2019aurait pas d\u00fb avoir autant de vacances\u00bb, s\u2019interroge Antoine Brizard depuis le Japon"},"content":{"rendered":"<p>\n    Le passeur de l\u2019\u00e9quipe de France avait \u00abbesoin\u00bb de vivre \u00ab\u00e0 fond un truc nouveau\u00bb dans le championnat japonais pour \u00e9vacuer plus facilement la d\u00e9ception du Mondial en septembre dernier.<\/p>\n<p class=\"fig-paragraph\"><strong>Comment se passe cette nouvelle aventure\u00a0?<\/strong><br \/><strong>Antoine Brizard\u00a0:<\/strong> L&rsquo;ambiance, les salles, le niveau de jeu, le club, tout est incroyable. J&rsquo;avais des attentes importantes au niveau du professionnalisme, ce pour quoi j&rsquo;\u00e9tais venu, et c&rsquo;est encore au-del\u00e0 de ce qu&rsquo;on attendait avec ma femme. On joue le samedi et le dimanche tous les week-ends, donc c&rsquo;est un rythme un peu sp\u00e9cial \u00e0 prendre, un peu dur, mais c&rsquo;est plut\u00f4t cool. Les matches sont toujours un \u00e9v\u00e8nement\u00a0: notre premier, contre le champion Suntory, a \u00e9t\u00e9 d\u00e9localis\u00e9 \u00e0 Kobe dans l&rsquo;une des plus belles salles dans lesquelles j&rsquo;ai jou\u00e9, et il y avait 9.500 personnes. Il y a un \u00e9cosyst\u00e8me qu&rsquo;on n&rsquo;a pas l&rsquo;habitude de voir en Europe (pour du volley, NDLR), avec un village autour de la salle, des food-trucks, du \u00abmerch\u00bb (produits d\u00e9riv\u00e9s, NDLR). Les gens viennent deux-trois heures avant le match, m\u00eame en saison r\u00e9guli\u00e8re. Notre club particuli\u00e8rement est tr\u00e8s suivi, on a beaucoup de fans m\u00eame \u00e0 l&rsquo;ext\u00e9rieur.<\/p>\n<p class=\"fig-paragraph\"><strong>Apr\u00e8s quatre saisons \u00e0 Piacenza en Italie, vous \u00e9tiez \u00e0 la recherche d&rsquo;un cadre plus professionnel\u00a0?<\/strong><br \/>Oui, en Europe en g\u00e9n\u00e9ral je trouve que souvent les clubs ne se donnent pas forc\u00e9ment au quotidien les moyens de leurs ambitions. Et \u00e7a passe par des d\u00e9tails mais qui n&rsquo;en sont pas. Je viens content \u00e0 l&rsquo;entra\u00eenement tous les jours parce que tout est nickel autour, je ne pense qu&rsquo;au volley\u00a0: tout est anticip\u00e9, d\u00e8s qu&rsquo;on a le moindre probl\u00e8me, on n&rsquo;a qu&rsquo;\u00e0 demander une fois (pour le r\u00e9gler, NDLR). Pareil pour ma femme, qu&rsquo;ils consid\u00e8rent aussi importante que moi. Les infrastructures sont g\u00e9niales\u00a0: une salle de muscu tr\u00e8s bien \u00e9quip\u00e9e, un plateau kin\u00e9 comme je n&rsquo;en ai jamais vu, une salle de baln\u00e9o avec bain froid, bain chaud, piscine \u00e0 contre-courant&#8230; On part en d\u00e9placement avec deux bus, un pour les joueurs, un pour le staff, (l&rsquo;encadrement) am\u00e8ne des barres de muscu m\u00eame si seulement deux joueurs en ont besoin, on est tout seul en chambre&#8230;<\/p>\n<p>                                            <a class=\"fig-a11y-skip\" href=\"#fig-a11y-skip-main-inarticle\" data-module=\"a11y-skip\" data-context=\"was @visible\"><br \/>\n    Passer la publicit\u00e9<br \/>\n<\/a>            <\/p>\n<p class=\"fig-paragraph\"><strong>De quoi mieux \u00e9vacuer la d\u00e9ception du Mondial\u00a0?<\/strong><br \/>Oui compl\u00e8tement. J&rsquo;en avais besoin, \u00e7a a \u00e9t\u00e9 tr\u00e8s dur et c&rsquo;est vrai que me concentrer \u00e0 fond dans un truc nouveau, sortir de ma routine, voir des gens nouveaux, faire vraiment un \u00abreset\u00bb (remise \u00e0 z\u00e9ro, NDLR) complet, \u00e7a m&rsquo;a fait beaucoup de bien. Cela n&rsquo;enl\u00e8ve pas la d\u00e9ception, mais \u00e7a a \u00e9t\u00e9 plus facile de tourner la page. En 2022 (\u00e9limination en quarts, ndlr), \u00e7a m&rsquo;a fait beaucoup plus mal sportivement\u00a0: on aurait d\u00fb \u00eatre champions du monde et on avait pris une porte dans la gueule par suffisance. J&rsquo;avais vraiment l&rsquo;impression qu&rsquo;on \u00e9tait pass\u00e9 \u00e0 c\u00f4t\u00e9 de quelque chose. L\u00e0, on a s\u00fbrement fait des erreurs dans la pr\u00e9paration &#8211; il faudra qu&rsquo;on en reparle &#8211; mais on n&rsquo;a pas eu la chance qu&rsquo;il faut pour aller au bout, avec des bless\u00e9s au mauvais moment (Tr\u00e9vor Cl\u00e9venot et Nicolas Le Goff \u00e9taient absents contre la Finlande, NDLR). Je me dis que ce n&rsquo;\u00e9tait pas le bon moment. J&rsquo;\u00e9tais en larmes parce que c&rsquo;\u00e9tait la fin de quelque chose avec certains (le capitaine Benjamin Toniutti, entre autres, a tr\u00e8s probablement disput\u00e9 sa derni\u00e8re comp\u00e9tition, NDLR). C&rsquo;est \u00e7a qui m&rsquo;a d\u00e9vast\u00e9. J&rsquo;avais l&rsquo;impression de trahir certains qui avaient fait l&rsquo;effort de prolonger un an pour essayer d&rsquo;\u00eatre champion du monde.<\/p>\n<p class=\"fig-paragraph\"><strong>Vous parlez de la pr\u00e9paration. La longue coupure accord\u00e9e par le staff avant le Mondial a-t-elle \u00e9t\u00e9 une erreur\u00a0?<\/strong><br \/>Avec le recul, peut-\u00eatre qu&rsquo;on n&rsquo;aurait pas d\u00fb avoir autant de vacances. Mais c&rsquo;\u00e9tait une ann\u00e9e post-olympique, des gens avec des enfants, (pr\u00e9sents tous les \u00e9t\u00e9s) depuis sept ans, avaient besoin de souffler. Aucun regret\u00a0: je ne pense pas qu&rsquo;on serait arriv\u00e9 au bout de l&rsquo;\u00e9t\u00e9 sans. \u00c9tait-ce compatible avec le fait de faire une m\u00e9daille\u00a0? Je ne sais pas&#8230;. Mais je ne suis pas s\u00fbr qu&rsquo;on en parlerait si on avait perdu au tie-break contre l&rsquo;Italie en quart. En tout cas moi, qui ne m&rsquo;octroierai plus autant de vacances, j&rsquo;en avais vraiment besoin.<\/p>\n","protected":false},"excerpt":{"rendered":"Le passeur de l\u2019\u00e9quipe de France avait \u00abbesoin\u00bb de vivre \u00ab\u00e0 fond un truc nouveau\u00bb dans le championnat&hellip;\n","protected":false},"author":2,"featured_media":566671,"comment_status":"","ping_status":"","sticky":false,"template":"","format":"standard","meta":{"footnotes":""},"categories":[1417],"tags":[2466,2465,2464,1977,1981,451,207,2468,63,1454,1011,27,66,447,2467,1457,2182,1980,479,2259,60,1467,1470,1469],"class_list":{"0":"post-566670","1":"post","2":"type-post","3":"status-publish","4":"format-standard","5":"has-post-thumbnail","7":"category-volley","8":"tag-2466","9":"tag-actu-sport","10":"tag-actualite-sportive","11":"tag-auto","12":"tag-classement","13":"tag-coupe-du-monde","14":"tag-cyclisme","15":"tag-euro-foot","16":"tag-football","17":"tag-formule-1","18":"tag-fr","19":"tag-france","20":"tag-ligue-1","21":"tag-ligue-des-champions","22":"tag-live-sport","23":"tag-moto","24":"tag-nba","25":"tag-resultats","26":"tag-rugby","27":"tag-score","28":"tag-sports","29":"tag-tennis","30":"tag-volley","31":"tag-volleyball"},"share_on_mastodon":{"url":"https:\/\/pubeurope.com\/@fr\/115633084535239440","error":""},"_links":{"self":[{"href":"https:\/\/www.europesays.com\/fr\/wp-json\/wp\/v2\/posts\/566670","targetHints":{"allow":["GET"]}}],"collection":[{"href":"https:\/\/www.europesays.com\/fr\/wp-json\/wp\/v2\/posts"}],"about":[{"href":"https:\/\/www.europesays.com\/fr\/wp-json\/wp\/v2\/types\/post"}],"author":[{"embeddable":true,"href":"https:\/\/www.europesays.com\/fr\/wp-json\/wp\/v2\/users\/2"}],"replies":[{"embeddable":true,"href":"https:\/\/www.europesays.com\/fr\/wp-json\/wp\/v2\/comments?post=566670"}],"version-history":[{"count":0,"href":"https:\/\/www.europesays.com\/fr\/wp-json\/wp\/v2\/posts\/566670\/revisions"}],"wp:featuredmedia":[{"embeddable":true,"href":"https:\/\/www.europesays.com\/fr\/wp-json\/wp\/v2\/media\/566671"}],"wp:attachment":[{"href":"https:\/\/www.europesays.com\/fr\/wp-json\/wp\/v2\/media?parent=566670"}],"wp:term":[{"taxonomy":"category","embeddable":true,"href":"https:\/\/www.europesays.com\/fr\/wp-json\/wp\/v2\/categories?post=566670"},{"taxonomy":"post_tag","embeddable":true,"href":"https:\/\/www.europesays.com\/fr\/wp-json\/wp\/v2\/tags?post=566670"}],"curies":[{"name":"wp","href":"https:\/\/api.w.org\/{rel}","templated":true}]}}