{"id":566676,"date":"2025-11-29T12:58:11","date_gmt":"2025-11-29T12:58:11","guid":{"rendered":"https:\/\/www.europesays.com\/fr\/566676\/"},"modified":"2025-11-29T12:58:11","modified_gmt":"2025-11-29T12:58:11","slug":"six-arrivees-dont-un-pro-chez-shifting-gears-strategica-actualite","status":"publish","type":"post","link":"https:\/\/www.europesays.com\/fr\/566676\/","title":{"rendered":"Six arriv\u00e9es, dont un pro, chez Shifting Gears Strategica &#8211; Actualit\u00e9"},"content":{"rendered":"<p>Le club belge\u00a0<strong><a href=\"https:\/\/www.directvelo.com\/equipe\/3945\/shifting-gears-strategica\" target=\"_blank\" rel=\"noopener\">Shifting Gears Strategica<\/a><\/strong> enregistre l\u2019arriv\u00e9e de six coureurs pour la saison 2026. Il s\u2019agit de Jasper Dejaegher (Team Flanders-Baloise), Daan Stevens (Tarteletto-Isorex), Pieter De Paepe (Carbonbike-Giordana), Niels Matthys (Bataia Brigade) ainsi que Thor Peeters et Warre Willems, qui arrivent de chez Onder Ons Parike.<\/p>\n<p><strong><a href=\"https:\/\/www.directvelo.com\/coureur\/29695\/jasper-dejaegher\" target=\"_blank\" rel=\"noopener\">Jasper Dejaegher<\/a><\/strong>, 24 ans, a remport\u00e9 cette ann\u00e9e la Ruddervoorde Koerse, une kermesse pro. Il \u00e9tait professionnel depuis 2024.<\/p>\n<p><strong><a href=\"https:\/\/www.directvelo.com\/coureur\/33042\/daan-stevens\" target=\"_blank\" rel=\"noopener\">Daan Stevens<\/a><\/strong>, 23 ans, s\u2019est offert la course r\u00e9gionale de Beveren-Waas.<\/p>\n<p><strong><a href=\"https:\/\/www.directvelo.com\/coureur\/3481\/pieter-de-paepe\" target=\"_blank\" rel=\"noopener\">Pieter De Paepe<\/a><\/strong>, 34 ans, a fini 4e \u00e0 Stekene et 5e \u00e0 Klein-Sinaai, deux \u00e9preuves r\u00e9gionales.<\/p>\n<p><strong><a href=\"https:\/\/www.directvelo.com\/coureur\/60966\/niels-matthys\" target=\"_blank\" rel=\"noopener\">Niels Matthys<\/a><\/strong>, 27 ans, a pris la 6e place du Championnat de Belgique du contre-la-montre des \u00c9lites sans contrat.<\/p>\n<p><strong><a href=\"https:\/\/www.directvelo.com\/coureur\/60836\/thor-peeters\" target=\"_blank\" rel=\"noopener\">Thor Peeters<\/a><\/strong>, 18 ans, a termin\u00e9 2e \u00e0 Zonnebeke et 5e \u00e0 Nevele.<\/p>\n<p><strong><a href=\"https:\/\/www.directvelo.com\/coureur\/60035\/warre-willems\" target=\"_blank\" rel=\"noopener\">Warre Willems<\/a><\/strong>, 18 ans, s\u2019est class\u00e9 5e \u00e0 Aalter-Lotenhulle et \u00e0 Lochristi.<\/p>\n<p>Retrouvez\u00a0tous les transferts de l&rsquo;intersaison\u00a0<a href=\"https:\/\/www.directvelo.com\/mutations\/2026#pro-conti\" target=\"_blank\" rel=\"noopener\"><strong>en cliquant ici<\/strong><\/a>.<\/p>\n","protected":false},"excerpt":{"rendered":"Le club belge\u00a0Shifting Gears Strategica enregistre l\u2019arriv\u00e9e de six coureurs pour la saison 2026. Il s\u2019agit de Jasper&hellip;\n","protected":false},"author":2,"featured_media":566677,"comment_status":"","ping_status":"","sticky":false,"template":"","format":"standard","meta":{"footnotes":""},"categories":[1411],"tags":[834,828,836,829,837,827,83,826,824,823,1154,207,814,817,815,816,822,821,832,211,839,1011,27,820,818,819,835,831,830,833,838,60,212,208,825],"class_list":{"0":"post-566676","1":"post","2":"type-post","3":"status-publish","4":"format-standard","5":"has-post-thumbnail","7":"category-cyclisme","8":"tag-attaque","9":"tag-belgique","10":"tag-braquet","11":"tag-bretagne","12":"tag-chute","13":"tag-competition","14":"tag-coupe-de-france","15":"tag-coureur","16":"tag-course-cyclisme","17":"tag-course-cycliste","18":"tag-cycling","19":"tag-cyclisme","20":"tag-direct","21":"tag-direct-velo","22":"tag-directvelo","23":"tag-directvelo-com","24":"tag-epreuve","25":"tag-epreuve-cycliste","26":"tag-federation-francaise-de-cyclisme","27":"tag-ffc","28":"tag-flandres","29":"tag-fr","30":"tag-france","31":"tag-live","32":"tag-live-course","33":"tag-live-epreuve","34":"tag-peloton","35":"tag-radio-peloton","36":"tag-radio-tour","37":"tag-ravitaillement","38":"tag-relance","39":"tag-sports","40":"tag-uci","41":"tag-velo","42":"tag-velos"},"share_on_mastodon":{"url":"https:\/\/pubeurope.com\/@fr\/115633108070820861","error":""},"_links":{"self":[{"href":"https:\/\/www.europesays.com\/fr\/wp-json\/wp\/v2\/posts\/566676","targetHints":{"allow":["GET"]}}],"collection":[{"href":"https:\/\/www.europesays.com\/fr\/wp-json\/wp\/v2\/posts"}],"about":[{"href":"https:\/\/www.europesays.com\/fr\/wp-json\/wp\/v2\/types\/post"}],"author":[{"embeddable":true,"href":"https:\/\/www.europesays.com\/fr\/wp-json\/wp\/v2\/users\/2"}],"replies":[{"embeddable":true,"href":"https:\/\/www.europesays.com\/fr\/wp-json\/wp\/v2\/comments?post=566676"}],"version-history":[{"count":0,"href":"https:\/\/www.europesays.com\/fr\/wp-json\/wp\/v2\/posts\/566676\/revisions"}],"wp:featuredmedia":[{"embeddable":true,"href":"https:\/\/www.europesays.com\/fr\/wp-json\/wp\/v2\/media\/566677"}],"wp:attachment":[{"href":"https:\/\/www.europesays.com\/fr\/wp-json\/wp\/v2\/media?parent=566676"}],"wp:term":[{"taxonomy":"category","embeddable":true,"href":"https:\/\/www.europesays.com\/fr\/wp-json\/wp\/v2\/categories?post=566676"},{"taxonomy":"post_tag","embeddable":true,"href":"https:\/\/www.europesays.com\/fr\/wp-json\/wp\/v2\/tags?post=566676"}],"curies":[{"name":"wp","href":"https:\/\/api.w.org\/{rel}","templated":true}]}}