{"id":566678,"date":"2025-11-29T12:59:14","date_gmt":"2025-11-29T12:59:14","guid":{"rendered":"https:\/\/www.europesays.com\/fr\/566678\/"},"modified":"2025-11-29T12:59:14","modified_gmt":"2025-11-29T12:59:14","slug":"girondins-erwan-lannuzel-explique-pourquoi-la-coupe-de-france-a-booste-bordeaux","status":"publish","type":"post","link":"https:\/\/www.europesays.com\/fr\/566678\/","title":{"rendered":"Girondins : Erwan Lannuzel explique pourquoi la Coupe de France a boost\u00e9 Bordeaux"},"content":{"rendered":"<p><img decoding=\"async\" src=\"https:\/\/www.europesays.com\/fr\/wp-content\/uploads\/2025\/11\/671_ff3918a8ef7f37a69b5a837debdeff9b.jpg\" alt=\"Girondins : Erwan Lannuzel explique pourquoi la Coupe de France a boost\u00e9 Bordeaux\" class=\"img-responsive mt-3\"\/><\/p>\n<p class=\"text-center mb-3\" style=\"font-size: 14px\">\u00a9 Iconsport<\/p>\n<p>      <strong>Lannuzel : \u201cLa Coupe a servi aux Girondins dans leur dynamique actuelle\u201d<\/strong><\/p>\n<p style=\"text-align: justify;\">Fort de son \u00e9pop\u00e9e avec Bergerac, il estime que cette comp\u00e9tition apporte rythme, confiance et coh\u00e9sion aux \u00e9quipes. Selon lui, la Coupe a jou\u00e9 un r\u00f4le dans la dynamique actuelle des Girondins de Bordeaux, surtout apr\u00e8s un d\u00e9but de saison d\u00e9licat.<\/p>\n<p style=\"text-align: justify;\">Erwann Lannuzel dans les colonnes de <a href=\"https:\/\/www.sudouest.fr\/sport\/football\/girondins-de-bordeaux\/girondins-de-bordeaux-en-janvier-fevrier-elle-devient-dangereuse-la-coupe-de-france-un-bonheur-qui-peut-etre-empoisonne-26888843.php\" target=\"_blank\" rel=\"noopener\">Sud Ouest<\/a> : \u00ab\u00a0Pour moi, il y a plus de positif que de n\u00e9gatif : les victoires am\u00e8nent les victoires, cela permet de garder l\u2019ensemble du groupe concern\u00e9 et d\u2019amener le maximum de joueurs avec du rythme en mars-avril. Les \u00e9motions soudent et je m\u2019\u00e9tais appuy\u00e9 dessus, m\u00eame apr\u00e8s l\u2019\u00e9limination (NDLR La saison derni\u00e8re). Il faut r\u00e9ussir \u00e0 faire passer aux joueurs que le pain quotidien est le plus important, que la Coupe am\u00e8ne une pouss\u00e9e d\u2019adr\u00e9naline, mais que s\u2019ils ne sont pas bons en championnat, ils ne se donneront pas non plus la possibilit\u00e9 de gagner leur place contre une L1. Je pense que la Coupe a servi aux Girondins dans leur dynamique actuelle. S\u2019ils avaient \u00e9t\u00e9 sortis vite, alors que le d\u00e9but de saison avait \u00e9t\u00e9 compliqu\u00e9, ils n\u2019auraient pas eu de rythme.\u00a0\u00bb<\/p>\n<p>&gt;&gt; <strong><a href=\"https:\/\/www.webgirondins.com\/actualite-girondins-ex-girondins-andy-carroll-enchaine-les-buts-apres-son-depart-de-bordeaux-131306\" target=\"_blank\" rel=\"noopener\">Ex-Girondins : Andy Carroll enchaine les buts apr\u00e8s son d\u00e9part de Bordeaux<\/a><\/strong><\/p>\n<p style=\"text-align: justify;\">Notre podcast court sur l&rsquo;actu des Girondins \u00e0 \u00e9couter :<\/p>\n<p>\u00a0<\/p>\n","protected":false},"excerpt":{"rendered":"\u00a9 Iconsport Lannuzel : \u201cLa Coupe a servi aux Girondins dans leur dynamique actuelle\u201d Fort de son \u00e9pop\u00e9e&hellip;\n","protected":false},"author":2,"featured_media":566679,"comment_status":"","ping_status":"","sticky":false,"template":"","format":"standard","meta":{"footnotes":""},"categories":[1410],"tags":[4255,61156,1997,615,1446,18637,1773,1994,35807,9866,63,1011,27,1987,31694,35808,2003,17812,3127,9144,7555,36974,18357,60,17813],"class_list":{"0":"post-566678","1":"post","2":"type-post","3":"status-publish","4":"format-standard","5":"has-post-thumbnail","7":"category-football","8":"tag-ancien","9":"tag-booste","10":"tag-bordeaux","11":"tag-coupe","12":"tag-dans","13":"tag-desormais","14":"tag-elite","15":"tag-entraineur","16":"tag-erwan","17":"tag-explique","18":"tag-football","19":"tag-fr","20":"tag-france","21":"tag-girondins","22":"tag-importance","23":"tag-lannuzel","24":"tag-livre","25":"tag-membre","26":"tag-monaco","27":"tag-ouest","28":"tag-pourquoi","29":"tag-regard","30":"tag-reserve","31":"tag-sports","32":"tag-staff"},"share_on_mastodon":{"url":"https:\/\/pubeurope.com\/@fr\/115633112823992446","error":""},"_links":{"self":[{"href":"https:\/\/www.europesays.com\/fr\/wp-json\/wp\/v2\/posts\/566678","targetHints":{"allow":["GET"]}}],"collection":[{"href":"https:\/\/www.europesays.com\/fr\/wp-json\/wp\/v2\/posts"}],"about":[{"href":"https:\/\/www.europesays.com\/fr\/wp-json\/wp\/v2\/types\/post"}],"author":[{"embeddable":true,"href":"https:\/\/www.europesays.com\/fr\/wp-json\/wp\/v2\/users\/2"}],"replies":[{"embeddable":true,"href":"https:\/\/www.europesays.com\/fr\/wp-json\/wp\/v2\/comments?post=566678"}],"version-history":[{"count":0,"href":"https:\/\/www.europesays.com\/fr\/wp-json\/wp\/v2\/posts\/566678\/revisions"}],"wp:featuredmedia":[{"embeddable":true,"href":"https:\/\/www.europesays.com\/fr\/wp-json\/wp\/v2\/media\/566679"}],"wp:attachment":[{"href":"https:\/\/www.europesays.com\/fr\/wp-json\/wp\/v2\/media?parent=566678"}],"wp:term":[{"taxonomy":"category","embeddable":true,"href":"https:\/\/www.europesays.com\/fr\/wp-json\/wp\/v2\/categories?post=566678"},{"taxonomy":"post_tag","embeddable":true,"href":"https:\/\/www.europesays.com\/fr\/wp-json\/wp\/v2\/tags?post=566678"}],"curies":[{"name":"wp","href":"https:\/\/api.w.org\/{rel}","templated":true}]}}