{"id":566680,"date":"2025-11-29T13:00:12","date_gmt":"2025-11-29T13:00:12","guid":{"rendered":"https:\/\/www.europesays.com\/fr\/566680\/"},"modified":"2025-11-29T13:00:12","modified_gmt":"2025-11-29T13:00:12","slug":"william-leymergie-ce-qui-navait-jamais-ete-dit-sur-la-mort-de-son-epouse","status":"publish","type":"post","link":"https:\/\/www.europesays.com\/fr\/566680\/","title":{"rendered":"William Leymergie : ce qui n\u2019avait jamais \u00e9t\u00e9 dit sur la mort de son \u00e9pouse"},"content":{"rendered":"<p>      R\u00e9sum\u00e9<\/p>\n<p>William Leymergie revient sur la douloureuse perte de son \u00e9pouse en 2020 et r\u00e9v\u00e8le comment Sophie Davant a su l\u2019aider \u00e0 surmonter ce deuil, donnant naissance \u00e0 une nouvelle histoire d\u2019amour.<\/p>\n<p>        Sommaire<\/p>\n<p>La t\u00e9l\u00e9 ne veut plus d&rsquo;eux, mais ils ont d\u00e9cid\u00e9 de continuer malgr\u00e9 tout. William Leymergie et Sophie Davant <strong>vont monter sur les planches en 2027<\/strong> <a href=\"https:\/\/www.public.fr\/william-leymergie-et-sophie-davant-leur-nouveau-bebe-pour-2027\" target=\"_blank\" rel=\"noopener\">pour raconter leur(s) histoire(s)<\/a>. Celles qu&rsquo;ils ont d&rsquo;abord v\u00e9cues s\u00e9par\u00e9ment, puis celle qu&rsquo;ils partagent ensemble, depuis trois ans. Nos confr\u00e8res du Parisien les ont rencontr\u00e9s, au c\u0153ur du VIIe arrondissement de Paris, chez l&rsquo;animatrice.<\/p>\n<p>Dans une interview \u00e0 c\u0153ur ouvert, William Leymergie et Sophie Davant se confient sur cette histoire d&rsquo;amour de la derni\u00e8re chance. A bient\u00f4t 79 ans, l&rsquo;ancien mentor de T\u00e9l\u00e9matin, fragilis\u00e9 par la fin de la cha\u00eene C8 en f\u00e9vrier dernier, <strong>ne pensait pas vivre un tel bonheur tardif<\/strong>&#8230; En 2020, <a href=\"https:\/\/vsd.fr\/65528-william-leymergie-ravage-et-devaste-par-le-chagrin-sophie-davant-se-confie\/\" target=\"_blank\" rel=\"noopener\">il a effectivement perdu la femme de sa vie, Maryline<\/a>. Emport\u00e9e brutalement par une crise cardiaque, elle \u00e9tait l&rsquo;\u00e9pouse discr\u00e8te de William Leymergie depuis 1975. Ensemble, ils ont eu trois enfants.<\/p>\n<p>William Leymergie effondr\u00e9 et \u00e9teint, Sophie l&rsquo;a sauv\u00e9<\/p>\n<p>Une perte difficile, que William Leymergie n&rsquo;a \u00e9voqu\u00e9e publiquement que <strong>plusieurs mois apr\u00e8s<\/strong>. Heureusement, Sophie Davant a jou\u00e9 un r\u00f4le providentiel dans son deuil. Mais ce sont ses enfants qui <strong>sont all\u00e9s la chercher<\/strong>&#8230; Sans eux, leur histoire n&rsquo;aurait peut-\u00eatre jamais vu le jour.<\/p>\n<p>\u00ab\u00a0<strong>William a perdu son \u00e9pouse, il \u00e9tait tr\u00e8s choqu\u00e9 et affaibli<\/strong>. Ses enfants l\u2019ont beaucoup entour\u00e9. Un jour, son fils a\u00een\u00e9 m\u2019a appel\u00e9e en me disant :\u00a0Personne ne peut \u00eatre avec papa ce week-end, tu accepterais de le recevoir en Normandie ?\u00a0J\u2019\u00e9tais persuad\u00e9e qu\u2019il ne viendrait jamais, je le connais, il est sauvage\u2026\u00a0\u00bb se souvient Sophie Davant. Mais contre toue attente, William Leymergie accepte.<\/p>\n<p>Le s\u00e9jour d\u00e9marre mal. <strong>Remu\u00e9 par un deuil impossible, William Leymergie est \u00ab\u00a0\u00e9teint\u00a0\u00bb <\/strong>d&rsquo;apr\u00e8s l&rsquo;animatrice. Mais au fil des jours, il retrouve le sourire. Sophie Davant lui propose de revenir aussi souvent qu&rsquo;il l&rsquo;estime n\u00e9cessaire. Un lien pr\u00e9cieux, qui finira par devenir providentiel. \u00ab\u00a0On s\u2019est retrouv\u00e9s chez moi comme deux vieux copains de classe avec une grande complicit\u00e9, <strong>sans jamais imaginer que cette histoire virerait \u00e0 une histoire sentimentale<\/strong>, m\u00eame si on a toujours \u00e9prouv\u00e9 une profonde affection l\u2019un pour l\u2019autre\u00a0\u00bb explique celle qui fait son retour sur France TV pour le T\u00e9l\u00e9thon.<\/p>\n<p>Un retour \u00e0 deux \u00e0 la t\u00e9l\u00e9 ?<\/p>\n<p>S&rsquo;ils se connaissent par c\u0153ur sur le plan professionnel, Sophie Davant et William Leymergie ont toutefois d\u00fb <strong>apprendre \u00e0 s&rsquo;apprivoiser sur le plan priv\u00e9.<\/strong> Et ce qui a le plus surpris l&rsquo;homme de t\u00e9l\u00e9vision, c&rsquo;est les armoires vestimentaires de sa ch\u00e8re et tendre&#8230; \u00ab\u00a0Ce sont des probl\u00e8mes de m\u00e8tres carr\u00e9s. <strong>Au lieu d\u2019une armoire, il en faut sept<\/strong>\u2026 Je ne connaissais pas \u00e7a bien, mais je m\u2019y fais\u00a0\u00bb rigole-t-il. Un amour de la derni\u00e8re heure, pour ceux qui envisagent de revenir \u00e0 la t\u00e9l\u00e9vision ensemble, <a href=\"https:\/\/www.public.fr\/sophie-davant-veut-animer-la-relance-de-tournez-manege-avec-william-leymergie\" target=\"_blank\" rel=\"noopener\">\u00e0 l&rsquo;animation du jeu culte Tournez man\u00e8ge<\/a> ! Et pourquoi pas ?<\/p>\n<p>\n          Hits &amp; People en continu\n        <\/p>\n<p>\n          Public Radio\n        <\/p>\n<p>      Mentionn\u00e9s dans cet article<\/p>\n<p>      Sur le m\u00eame sujet<\/p>\n","protected":false},"excerpt":{"rendered":"R\u00e9sum\u00e9 William Leymergie revient sur la douloureuse perte de son \u00e9pouse en 2020 et r\u00e9v\u00e8le comment Sophie Davant&hellip;\n","protected":false},"author":2,"featured_media":566681,"comment_status":"","ping_status":"","sticky":false,"template":"","format":"standard","meta":{"footnotes":""},"categories":[1359],"tags":[1362,58,59,1011,27,18,973,32401,32400],"class_list":{"0":"post-566680","1":"post","2":"type-post","3":"status-publish","4":"format-standard","5":"has-post-thumbnail","7":"category-people","8":"tag-deuil","9":"tag-divertissement","10":"tag-entertainment","11":"tag-fr","12":"tag-france","13":"tag-mort","14":"tag-people","15":"tag-sophie-davant","16":"tag-william-leymergie"},"share_on_mastodon":{"url":"https:\/\/pubeurope.com\/@fr\/115633115960859477","error":""},"_links":{"self":[{"href":"https:\/\/www.europesays.com\/fr\/wp-json\/wp\/v2\/posts\/566680","targetHints":{"allow":["GET"]}}],"collection":[{"href":"https:\/\/www.europesays.com\/fr\/wp-json\/wp\/v2\/posts"}],"about":[{"href":"https:\/\/www.europesays.com\/fr\/wp-json\/wp\/v2\/types\/post"}],"author":[{"embeddable":true,"href":"https:\/\/www.europesays.com\/fr\/wp-json\/wp\/v2\/users\/2"}],"replies":[{"embeddable":true,"href":"https:\/\/www.europesays.com\/fr\/wp-json\/wp\/v2\/comments?post=566680"}],"version-history":[{"count":0,"href":"https:\/\/www.europesays.com\/fr\/wp-json\/wp\/v2\/posts\/566680\/revisions"}],"wp:featuredmedia":[{"embeddable":true,"href":"https:\/\/www.europesays.com\/fr\/wp-json\/wp\/v2\/media\/566681"}],"wp:attachment":[{"href":"https:\/\/www.europesays.com\/fr\/wp-json\/wp\/v2\/media?parent=566680"}],"wp:term":[{"taxonomy":"category","embeddable":true,"href":"https:\/\/www.europesays.com\/fr\/wp-json\/wp\/v2\/categories?post=566680"},{"taxonomy":"post_tag","embeddable":true,"href":"https:\/\/www.europesays.com\/fr\/wp-json\/wp\/v2\/tags?post=566680"}],"curies":[{"name":"wp","href":"https:\/\/api.w.org\/{rel}","templated":true}]}}