{"id":566684,"date":"2025-11-29T13:03:10","date_gmt":"2025-11-29T13:03:10","guid":{"rendered":"https:\/\/www.europesays.com\/fr\/566684\/"},"modified":"2025-11-29T13:03:10","modified_gmt":"2025-11-29T13:03:10","slug":"le-premier-a-faire-ca-jonathan-jenvrin-star-academy-2025-annonce-une-grande-nouveaute-pour-le-prime-de-ce-samedi-29-novembre-purepeople","status":"publish","type":"post","link":"https:\/\/www.europesays.com\/fr\/566684\/","title":{"rendered":"&quot;Le premier \u00e0 faire \u00e7a&quot; : Jonathan Jenvrin (Star Academy 2025) annonce une grande nouveaut\u00e9 pour le prime de ce samedi 29 novembre &#8211; Purepeople"},"content":{"rendered":"<ol>\n<li><a href=\"https:\/\/news.google.com\/rss\/articles\/CBMi_gFBVV95cUxNT3ljemJhNmVzTHFaS1lyRUo1ZmYyQjBpeTN4Z2hrbWNtSHpEZlFnTlZRTFJ0NUtfNGdzcDNuLVc5ZGpaMjF2OE5CbG1QZUpERkZ6VFFzUHhfRVFPR0Vpb0dncG5EbXIwTlh3NW80NG5FSi1EQVdtaEFkT1oyS1ktMnpsS2RyQ3U4U3phOVBPcjU2QzhaRjNLSF95SnRJbmNrVHQtaE1IV1RVQXp6ZTlyRXNVYzVZbmRaYmVKWmhvT09TSWpZUUJWbHN1VDc1N3lEY1hhWGQ0SGRFNG15cElud2lLQmpTYTNCV3JETGRTcmdFTFBLbEJ6aE5uN1RpQQ?oc=5\" target=\"_blank\" rel=\"noopener\">\u00ab\u00a0Le premier \u00e0 faire \u00e7a\u00a0\u00bb : Jonathan Jenvrin (Star Academy 2025) annonce une grande nouveaut\u00e9 pour le prime de ce samedi 29 novembre<\/a>&nbsp;&nbsp;Purepeople<\/li>\n<li><a href=\"https:\/\/news.google.com\/rss\/articles\/CBMicEFVX3lxTFBHTGFuXzFtQmx0YWFKTnp5RHViLXhzcUl5N2UydUZ1U011cnRCa3AtSEZHV2ZxRXcwNDBwVUVtUFhhLUtRUTUtdkVzOUhJM3pMSXA0ZmJNRG15ZHNuMVFfaG1HRm96OGctSkxCYlB6bG4?oc=5\" target=\"_blank\" rel=\"noopener\">Star Academy : qui succ\u00e8de \u00e0 Ambre pour le tableau chant\u00e9-dans\u00e9 ce samedi ? Jonathan Jenvrin a choisi et on ne s&rsquo;y attendait pas du tout<\/a>&nbsp;&nbsp;AlloCin\u00e9<\/li>\n<li><a href=\"https:\/\/news.google.com\/rss\/articles\/CBMiuAFBVV95cUxOcDFXcHBkeGJNeXlGaU5hMEd4aEZ3dk1SQVh2Z0FESElTd0I2YTZuQ1pYNEpvSzhmb3Q4QWViYW1wUDJpb3ctT1d0djlNOU5WNnpra3ZTeVR1UC1YU1NxSVZjVDktRTVKclhxMGYyX1dwYTFiMXhlUWV2Vk1tZVRIZlNoLVhqdi1NMVowby0xaTRURkdZQjhvdDZVc2k4S1pfR1lLY1FYYm4tc0JTRFhGdkRFY3hrZGFj?oc=5\" target=\"_blank\" rel=\"noopener\">Jonathan Jenvrin : ce choix dans Star Academy qui fait grandement jaser<\/a>&nbsp;&nbsp;Gala<\/li>\n<li><a href=\"https:\/\/news.google.com\/rss\/articles\/CBMi9wFBVV95cUxNdTl2OVJSSmExX1lFY2RBNmlHT3A3MEI3blo5Q0s0WjdhTWtaS21reGEyekhicHFPWU9DYXQ4bm1mZXpaUnU2TDFzbURyMFViU2oweXpXaktJeHBKblNYX2FCZk5qaEU4QmZ1TFJ4cWxzenFwTTlHRlVDdEcySWU0Z1dGbVg3Rm1CVVA1ODJVRTFlaVpJZDFRb3B5c1NfYzhaRGdKRUo1Y2FaLWpXV055MFZMaEVfQWJwRTI0OVVRMmw3aFR5bFpwNjd3NVNkcmVRSEM2c2xDY05iVmc1X0Ffcjd0OEs0NkZjOEJ4OHdMZks0TGNPZVhZ?oc=5\" target=\"_blank\" rel=\"noopener\">\u00ab\u00a0C&rsquo;est un num\u00e9ro qui n&rsquo;a jamais \u00e9t\u00e9 vu\u00a0\u00bb : Jonathan Jenvrin annonce une grande premi\u00e8re sur le prochain prime de la Star Academy<\/a>&nbsp;&nbsp;Voici<\/li>\n<li><a href=\"https:\/\/news.google.com\/rss\/articles\/CBMi4wFBVV95cUxPaGh6TnpXdjRub3Rvb3NuZ1NSQ2lfS2N1NENmLTRyaUdkTHFQTGtYeU1JeE81STZDSnlNbG5yb3MzVDF1b0RTYWtHdHFwVzdUaG03OWRYWkhXaGQ0N2pPR3Q5ekRFd1BISjhqbzNNSU9FbkpHRzNxa1ZPS3BoVjR2ZFJzbEU3bVo4VjBWRkNYemhOZVV2c2JLRnA4Rkl3Z2MxTkh5RzQ2Z0dEVENIbjVKUUJTWUlZTlNfcG5OS1Uwa3BvSVpNN3lyQnd5bExMczlvMG1fRTJsbUk4SWF0aWVqbmptTQ?oc=5\" target=\"_blank\" rel=\"noopener\">Star Academy : Jonathan Jenvrin choisit un \u00e9l\u00e8ve surprenant pour le tableau chant\u00e9\/dans\u00e9 du prochain prime !<\/a>&nbsp;&nbsp;programme-tv.net<\/li>\n<\/ol>\n","protected":false},"excerpt":{"rendered":"\u00ab\u00a0Le premier \u00e0 faire \u00e7a\u00a0\u00bb : Jonathan Jenvrin (Star Academy 2025) annonce une grande nouveaut\u00e9 pour le prime&hellip;\n","protected":false},"author":2,"featured_media":395849,"comment_status":"","ping_status":"","sticky":false,"template":"","format":"standard","meta":{"footnotes":""},"categories":[1356],"tags":[58,59,1011,27,252,1364],"class_list":{"0":"post-566684","1":"post","2":"type-post","3":"status-publish","4":"format-standard","5":"has-post-thumbnail","7":"category-television","8":"tag-divertissement","9":"tag-entertainment","10":"tag-fr","11":"tag-france","12":"tag-television","13":"tag-tv"},"share_on_mastodon":{"url":"","error":""},"_links":{"self":[{"href":"https:\/\/www.europesays.com\/fr\/wp-json\/wp\/v2\/posts\/566684","targetHints":{"allow":["GET"]}}],"collection":[{"href":"https:\/\/www.europesays.com\/fr\/wp-json\/wp\/v2\/posts"}],"about":[{"href":"https:\/\/www.europesays.com\/fr\/wp-json\/wp\/v2\/types\/post"}],"author":[{"embeddable":true,"href":"https:\/\/www.europesays.com\/fr\/wp-json\/wp\/v2\/users\/2"}],"replies":[{"embeddable":true,"href":"https:\/\/www.europesays.com\/fr\/wp-json\/wp\/v2\/comments?post=566684"}],"version-history":[{"count":0,"href":"https:\/\/www.europesays.com\/fr\/wp-json\/wp\/v2\/posts\/566684\/revisions"}],"wp:featuredmedia":[{"embeddable":true,"href":"https:\/\/www.europesays.com\/fr\/wp-json\/wp\/v2\/media\/395849"}],"wp:attachment":[{"href":"https:\/\/www.europesays.com\/fr\/wp-json\/wp\/v2\/media?parent=566684"}],"wp:term":[{"taxonomy":"category","embeddable":true,"href":"https:\/\/www.europesays.com\/fr\/wp-json\/wp\/v2\/categories?post=566684"},{"taxonomy":"post_tag","embeddable":true,"href":"https:\/\/www.europesays.com\/fr\/wp-json\/wp\/v2\/tags?post=566684"}],"curies":[{"name":"wp","href":"https:\/\/api.w.org\/{rel}","templated":true}]}}