{"id":566685,"date":"2025-11-29T13:04:13","date_gmt":"2025-11-29T13:04:13","guid":{"rendered":"https:\/\/www.europesays.com\/fr\/566685\/"},"modified":"2025-11-29T13:04:13","modified_gmt":"2025-11-29T13:04:13","slug":"kery-james-rappeur-revolte-entre-resistance-amour-et-poesie-actualites","status":"publish","type":"post","link":"https:\/\/www.europesays.com\/fr\/566685\/","title":{"rendered":"Kery James, rappeur r\u00e9volt\u00e9 entre \u00ab\u00a0r\u00e9sistance, amour et po\u00e9sie\u00a0\u00bb : Actualit\u00e9s"},"content":{"rendered":"<p class=\"lead \">\u00c0 jamais \u00ab\u00a0banlieusard et fier de l&rsquo;\u00eatre\u00a0\u00bb, Kery James reste solide sur ses appuis apr\u00e8s 30 ans de carri\u00e8re: sorti vendredi, \u00ab\u00a0R.A.P\u00a0\u00bb pour \u00ab\u00a0R\u00e9sistance, Amour et Po\u00e9sie\u00a0\u00bb sonne comme la devise d&rsquo;un rappeur toujours r\u00e9volt\u00e9.<\/p>\n<p class=\"lead \">\u00ab\u00a0Voil\u00e0 le son qu&rsquo;on n&rsquo;entend plus\/Pourtant l&rsquo;\u00e9poque est tellement tendue\u00a0\u00bb, amorce Kery James d\u00e8s l&rsquo;intro de \u00ab\u00a0Radical\u00a0\u00bb, l&rsquo;un des 15 titres de cet opus, dans lequel l\u2019interpr\u00e8te de \u00ab\u00a0Mouhammad Alix\u00a0\u00bb balance une nouvelle salve d&rsquo;uppercuts.<\/p>\n<p class=\"lead \">Parfois \u00ab\u00a0je me parle \u00e0 moi-m\u00eame, je me dis, calme-toi, t&rsquo;en as assez dit, arr\u00eate de monter au front&#8230; jusqu&rsquo;\u00e0 ce qu&rsquo;il y ait un nouvel \u00e9v\u00e9nement qui vienne encore me toucher\u00a0\u00bb, confie \u00e0 l&rsquo;AFP l&rsquo;une des plumes les plus aiguis\u00e9es du rap fran\u00e7ais.<\/p>\n<p class=\"lead \">\u00ab\u00a0Je me suis assagi, mais je suis toujours aussi sensible\u00a0\u00bb, assume-t-il. \u00ab\u00a0Etre sensible au monde, \u00e0 la douleur des autres, je pense que c&rsquo;est \u00e7a mon vrai moteur.\u00a0\u00bb<\/p>\n<p class=\"lead \">Jamais \u00e0 court d&rsquo;indignation, l&rsquo;artiste de 47 ans reste fid\u00e8le \u00e0 ce qu&rsquo;il sait faire depuis qu&rsquo;il a \u00e9t\u00e9 rep\u00e9r\u00e9 ado par MC Solaar, avant de germer au sein des collectifs Mafia K&rsquo;1 Fry et Ideal J: un rap d\u00e9nonciateur des in\u00e9galit\u00e9s comme du racisme, o\u00f9 l&rsquo;impact des mots compte plus encore que la m\u00e9lodie.<\/p>\n<p class=\"lead \">Cette musique surgie de la rue &#8211; port\u00e9e \u00e0 la m\u00eame \u00e9poque par IAM, Oxmo Puccino ou encore Lino et Calbo d&rsquo;\u00c4rsenik &#8211; est pourtant d\u00e9sormais consid\u00e9r\u00e9e comme \u00ab\u00a0\u00e0 l&rsquo;ancienne\u00a0\u00bb.  <\/p>\n<p class=\"lead \">Hormis quelques exceptions (Vald, Youssef Swatt&rsquo;s&#8230;), de nombreux rappeurs \u00e0 succ\u00e8s recentrent leurs th\u00e9matiques autour des histoires de deal, du mat\u00e9rialisme ou d&rsquo;une l\u00e9g\u00e8ret\u00e9 festive, sans discours engag\u00e9.<\/p>\n<p class=\"lead \">\u00ab\u00a0C&rsquo;est une nouvelle vari\u00e9t\u00e9. C&rsquo;est-\u00e0-dire que pour en arriver l\u00e0, \u00e0 ce que ce soit la musique la plus stream\u00e9e, il a fallu qu&rsquo;elle se vide de sa substance\u00a0\u00bb, ass\u00e8ne Kery James.<\/p>\n<p class=\"lead \">\u00ab\u00a0Le rap, c&rsquo;est devenu vraiment un business dans lequel il y a beaucoup d&rsquo;argent\u00a0\u00bb, ajoute-t-il, d\u00e9plorant une musique qui \u00ab\u00a0colle au capitalisme, en accord avec le monde dans lequel on \u00e9volue.\u00a0\u00bb<\/p>\n<p class=\"lead \">Kery James ne se retrouve gu\u00e8re dans cette nouvelle formule, lui dont l&rsquo;un des meilleurs albums s&rsquo;intitule \u00ab\u00a0\u00c0 l&rsquo;ombre du show business\u00a0\u00bb (2008). <\/p>\n<p class=\"lead \">&#8211; \u00ab\u00a0Shaban\u00a0\u00bb, soutien aux Palestiniens &#8211;<\/p>\n<p class=\"lead \">Son nouveau projet contient six duos avec, entre autres, la star internationale congolaise Fally Ipupa, le chanteur s\u00e9n\u00e9galais Wally B. Seck et Kareen Guiock Thuram, visage de l&rsquo;info sur M6 et chanteuse jazz.<\/p>\n<p class=\"lead \">Le rappeur r\u00e9affirme son soutien au peuple palestinien, meurtri par la guerre dans la bande de Gaza, avec le titre \u00ab\u00a0Shaban\u00a0\u00bb, hommage \u00e0 un jeune homme tu\u00e9 dans un incendie d\u00e9clench\u00e9 par une frappe isra\u00e9lienne sur un camp de d\u00e9plac\u00e9s en octobre 2024, br\u00fbl\u00e9 vif selon le t\u00e9moignage de sa famille.<\/p>\n<p class=\"lead \">\u00ab\u00a0C&rsquo;est important de personnaliser ces victimes\u00a0\u00bb, souligne-t-il. \u00ab\u00a0Parce qu&rsquo;on nous parle de chiffres, de gens qui ont \u00e9t\u00e9 tu\u00e9s, mais qui n&rsquo;ont pas de nom, qui n&rsquo;ont pas d&rsquo;histoire.\u00a0\u00bb<\/p>\n<p class=\"lead \">Dans \u00ab\u00a0Radical\u00a0\u00bb, Alix Mathurin &#8211; nom civil de ce Franco-Ha\u00eftien n\u00e9 en Guadeloupe, avant de grandir dans la pr\u00e9carit\u00e9 en r\u00e9gion parisienne &#8211; d\u00e9die son message \u00e0 un large spectre, des \u00ab\u00a0sans-papiers qui font gonfler le PIB\u00a0\u00bb aux \u00ab\u00a0flics qui ont de l&rsquo;\u00e9thique\u00a0\u00bb.<\/p>\n<p class=\"lead \">Il a d\u00e9nonc\u00e9 \u00e0 plusieurs reprises les violences polici\u00e8res, en musique et sur les planches (\u00ab\u00a0A vif\u00a0\u00bb en 2017 puis \u00ab\u00a0A huis clos\u00a0\u00bb en 2023).<\/p>\n<p class=\"lead \">Ses autres b\u00eates noires demeurent les m\u00e9dias, \u00e9pingl\u00e9s notamment dans \u00ab\u00a0J&rsquo;suis pas CNews\u00a0\u00bb, cha\u00eene de la galaxie Bollor\u00e9, ainsi que la classe politique, \u00ab\u00a0ces gens d\u00e9connect\u00e9s de la r\u00e9alit\u00e9 depuis trop longtemps\u00a0\u00bb.<\/p>\n<p class=\"lead \">\u00c0 son niveau, il \u0153uvre depuis 17 ans avec son association \u00ab\u00a0Apprendre, comprendre, entreprendre, servir\u00a0\u00bb, qui aide la jeunesse des quartiers populaires \u00e0 r\u00eaver grand en finan\u00e7ant des bourses d&rsquo;\u00e9tudes. <\/p>\n<p class=\"lead \">Actif aussi derri\u00e8re la cam\u00e9ra, il d\u00e9peint la trajectoire de trois fr\u00e8res dans \u00ab\u00a0Banlieusards\u00a0\u00bb: le troisi\u00e8me volet de ce film, r\u00e9alis\u00e9 avec Le\u00efla Sy et dans lequel il joue, est attendu au printemps sur Netflix.<\/p>\n<p class=\"lead \">\u00ab\u00a0Si j&rsquo;avais \u00e9t\u00e9 dans un autre milieu, peut-\u00eatre que j&rsquo;aurais fait de la litt\u00e9rature&#8230;\u00a0\u00bb, imagine-t-il.<\/p>\n<p class=\"lead \">In fine, cet amateur de boxe pr\u00e9f\u00e8re la sc\u00e8ne pour ring: actuellement en tourn\u00e9e acoustique, il sera \u00e0 l&rsquo;Accor Arena en novembre 2026, sept ans apr\u00e8s son dernier passage dans l&rsquo;antre parisienne.<\/p>\n","protected":false},"excerpt":{"rendered":"\u00c0 jamais \u00ab\u00a0banlieusard et fier de l&rsquo;\u00eatre\u00a0\u00bb, Kery James reste solide sur ses appuis apr\u00e8s 30 ans de&hellip;\n","protected":false},"author":2,"featured_media":566686,"comment_status":"","ping_status":"","sticky":false,"template":"","format":"standard","meta":{"footnotes":""},"categories":[1355],"tags":[1971,2120,58,59,1011,27,39371,1361,873,7621,3616],"class_list":{"0":"post-566685","1":"post","2":"type-post","3":"status-publish","4":"format-standard","5":"has-post-thumbnail","7":"category-musique","8":"tag-clbrits","9":"tag-conflit","10":"tag-divertissement","11":"tag-entertainment","12":"tag-fr","13":"tag-france","14":"tag-hati","15":"tag-music","16":"tag-musique","17":"tag-palestiniens","18":"tag-rap"},"share_on_mastodon":{"url":"https:\/\/pubeurope.com\/@fr\/115633131747641008","error":""},"_links":{"self":[{"href":"https:\/\/www.europesays.com\/fr\/wp-json\/wp\/v2\/posts\/566685","targetHints":{"allow":["GET"]}}],"collection":[{"href":"https:\/\/www.europesays.com\/fr\/wp-json\/wp\/v2\/posts"}],"about":[{"href":"https:\/\/www.europesays.com\/fr\/wp-json\/wp\/v2\/types\/post"}],"author":[{"embeddable":true,"href":"https:\/\/www.europesays.com\/fr\/wp-json\/wp\/v2\/users\/2"}],"replies":[{"embeddable":true,"href":"https:\/\/www.europesays.com\/fr\/wp-json\/wp\/v2\/comments?post=566685"}],"version-history":[{"count":0,"href":"https:\/\/www.europesays.com\/fr\/wp-json\/wp\/v2\/posts\/566685\/revisions"}],"wp:featuredmedia":[{"embeddable":true,"href":"https:\/\/www.europesays.com\/fr\/wp-json\/wp\/v2\/media\/566686"}],"wp:attachment":[{"href":"https:\/\/www.europesays.com\/fr\/wp-json\/wp\/v2\/media?parent=566685"}],"wp:term":[{"taxonomy":"category","embeddable":true,"href":"https:\/\/www.europesays.com\/fr\/wp-json\/wp\/v2\/categories?post=566685"},{"taxonomy":"post_tag","embeddable":true,"href":"https:\/\/www.europesays.com\/fr\/wp-json\/wp\/v2\/tags?post=566685"}],"curies":[{"name":"wp","href":"https:\/\/api.w.org\/{rel}","templated":true}]}}