{"id":566699,"date":"2025-11-29T13:11:12","date_gmt":"2025-11-29T13:11:12","guid":{"rendered":"https:\/\/www.europesays.com\/fr\/566699\/"},"modified":"2025-11-29T13:11:12","modified_gmt":"2025-11-29T13:11:12","slug":"lukraine-revendique-lattaque-de-deux-navires-de-la-flotte-fantome-russe-en-mer-noire-liberation","status":"publish","type":"post","link":"https:\/\/www.europesays.com\/fr\/566699\/","title":{"rendered":"L\u2019Ukraine revendique l\u2019attaque de deux navires de la flotte fant\u00f4me russe en mer Noire \u2013 Lib\u00e9ration"},"content":{"rendered":"<p class=\"sc-cPiKLX AiZTS text-element\">L\u2019Ukraine a revendiqu\u00e9 ce samedi 29\u00a0novembre l\u2019attaque de deux p\u00e9troliers en mer Noire, disant avoir frapp\u00e9 avec des drones navals <a href=\"https:\/\/www.liberation.fr\/international\/europe\/les-petroliers-fantomes-russes-une-flotte-qui-defie-loccident-20250209_NMLS6JEY2VAUVNJR6W7E45QORA\/\" target=\"_blank\" rel=\"noreferrer noopener\" title=\"https:\/\/www.liberation.fr\/international\/europe\/les-petroliers-fantomes-russes-une-flotte-qui-defie-loccident-20250209_NMLS6JEY2VAUVNJR6W7E45QORA\/\">des navires de la \u00abflotte fant\u00f4me russe\u00bb<\/a> utilis\u00e9e par Moscou pour contourner les sanctions occidentales.<\/p>\n<p class=\"sc-cPiKLX AiZTS text-element\">Une source au sein des services de s\u00e9curit\u00e9 ukrainiens (SBU) a affirm\u00e9 que ces p\u00e9troliers, le Kairo et le Virat, avaient \u00e9t\u00e9 <a href=\"https:\/\/www.liberation.fr\/international\/europe\/en-russie-une-raffinerie-incendiee-apres-une-attaque-de-drones-ukrainiens-20250814_ZLJUYFSKTRBJRPAAOUYMSOZN74\/\" target=\"_blank\" rel=\"noreferrer noopener\" title=\"https:\/\/www.liberation.fr\/international\/europe\/en-russie-une-raffinerie-incendiee-apres-une-attaque-de-drones-ukrainiens-20250814_ZLJUYFSKTRBJRPAAOUYMSOZN74\/\">frapp\u00e9s par des drones<\/a> \u00abSea Baby\u00bb lors d\u2019une op\u00e9ration conjointe entre le SBU et la marine ukrainienne. Selon cette source, ils \u00e9taient vides au moment de l\u2019attaque et \u00abse rendaient au port russe de Novorossi\u00efsk\u00bb pour \u00eatre r\u00e9aliment\u00e9s en hydrocarbures.<\/p>\n<p class=\"sc-cPiKLX AiZTS text-element\">Le Virat naviguait au large des c\u00f4tes turques en mer Noire lorsqu\u2019il a \u00e9t\u00e9 attaqu\u00e9 par un drone naval, a annonc\u00e9 le minist\u00e8re turc des Transports ce samedi matin.<\/p>\n<p class=\"sc-cPiKLX AiZTS text-element\"><a href=\"https:\/\/www.liberation.fr\/international\/europe\/embargo-petrolier-comment-la-russie-peut-faire-passer-son-brut-en-douce-20221201_LDSHETR2W5ARTKPW5ONJ76YF3Y\/\" target=\"_blank\" rel=\"noreferrer noopener\" title=\"https:\/\/www.liberation.fr\/international\/europe\/embargo-petrolier-comment-la-russie-peut-faire-passer-son-brut-en-douce-20221201_LDSHETR2W5ARTKPW5ONJ76YF3Y\/\">Le p\u00e9trolier, battant pavillon gambien<\/a>, \u00aba subi des dommages mineurs sur son flanc tribord, au-dessus de la ligne de flottaison\u00bb, a pr\u00e9cis\u00e9 le minist\u00e8re, soulignant qu\u2019\u00abaucun incendie ne s\u2019est d\u00e9clar\u00e9 \u00e0 bord et que l\u2019\u00e9quipage est sain et sauf\u00bb. \u00abLes \u00e9quipes de secours maintiennent une distance de s\u00e9curit\u00e9 avec le navire, faute d\u2019appels d\u2019urgence\u00bb, ajoute le minist\u00e8re.<\/p>\n<p class=\"sc-cPiKLX AiZTS text-element\">Le Kairos, un deuxi\u00e8me p\u00e9trolier battant lui aussi pavillon gambien, en route pour la Russie, avait pris feu vendredi soir \u00e0 28 milles (52\u00a0km environ) des c\u00f4tes turques \u00e0 la suite d\u2019une explosion, selon les autorit\u00e9s turques. Vingt-cinq membres d\u2019\u00e9quipage de ce navire ont \u00e9t\u00e9 \u00e9vacu\u00e9s sains et saufs, a d\u00e9clar\u00e9 samedi le ministre turc des Transports, Adbulkadir Uraloglu.<\/p>\n<p class=\"sc-cPiKLX AiZTS text-element\">Les deux p\u00e9troliers font l\u2019objet <a href=\"https:\/\/www.liberation.fr\/international\/europe\/contre-la-russie-un-deluge-inedit-de-sanctions-et-des-consequences-mitigees-20230205_ML6POJ56BNDAVMDW4VOLUVPWLU\/\" target=\"_blank\" rel=\"noreferrer noopener\" title=\"https:\/\/www.liberation.fr\/international\/europe\/contre-la-russie-un-deluge-inedit-de-sanctions-et-des-consequences-mitigees-20230205_ML6POJ56BNDAVMDW4VOLUVPWLU\/\">de sanctions occidentales<\/a> en raison de leur transport de p\u00e9trole depuis les ports russes, malgr\u00e9 l\u2019embargo d\u00e9cr\u00e9t\u00e9 apr\u00e8s l\u2019invasion russe de l\u2019Ukraine en f\u00e9vrier\u00a02022.<\/p>\n<p class=\"sc-cPiKLX AiZTS text-element\">Dns le m\u00eame temps, <a href=\"https:\/\/www.liberation.fr\/international\/europe\/les-attaques-de-drones-ukrainiens-sur-les-raffineries-russes-des-batons-dans-les-troupes-de-poutine-20240317_2GARFT4KTFFT5MFDOUVUFCDHD4\/\" target=\"_blank\" rel=\"noreferrer noopener\" title=\"https:\/\/www.liberation.fr\/international\/europe\/les-attaques-de-drones-ukrainiens-sur-les-raffineries-russes-des-batons-dans-les-troupes-de-poutine-20240317_2GARFT4KTFFT5MFDOUVUFCDHD4\/\">un important terminal p\u00e9trolier<\/a> pr\u00e8s du port de Novorossi\u00efsk, dans le sud de la Russie, a interrompu ses activit\u00e9s t\u00f4t ce samedi apr\u00e8s qu\u2019une attaque de drone naval a endommag\u00e9 l\u2019un de ses trois points d\u2019amarrage, a fait savoir son exploitant.<\/p>\n<p class=\"sc-cPiKLX AiZTS text-element\">Le Caspian Pipeline Consortium (CPC), propri\u00e9taire du terminal et qui g\u00e8re environ <a href=\"https:\/\/www.liberation.fr\/international\/europe\/alors-que-leurope-sarme-contre-la-russie-le-premier-ministre-hongrois-discute-petrole-avec-vladimir-poutine-20251128_QIF3IMYHEJH5PDJCKVVU3ZUVXU\/\" target=\"_blank\" rel=\"noreferrer noopener\" title=\"https:\/\/www.liberation.fr\/international\/europe\/alors-que-leurope-sarme-contre-la-russie-le-premier-ministre-hongrois-discute-petrole-avec-vladimir-poutine-20251128_QIF3IMYHEJH5PDJCKVVU3ZUVXU\/\">1\u00a0% de l\u2019approvisionnement mondial en p\u00e9trole<\/a>, a mentionn\u00e9 \u00abdes dommages importants\u00bb \u00e0 la suite d\u2019une \u00abattaque terroriste cibl\u00e9e par des bateaux sans pilote\u00bb, sans pr\u00e9ciser l\u2019origine de l\u2019engin. \u00abLes op\u00e9rations de chargement et autres ont \u00e9t\u00e9 arr\u00eat\u00e9es et les p\u00e9troliers ont \u00e9t\u00e9 d\u00e9tourn\u00e9s en dehors des eaux du CPC. Aucun membre du personnel ou sous-traitant du CPC n\u2019a \u00e9t\u00e9 bless\u00e9\u00bb, ajoute le CPC, en affirmant que les op\u00e9rations reprendraient \u00abune fois que les menaces des drones seront lev\u00e9es\u00bb.<\/p>\n<p class=\"sc-cPiKLX AiZTS text-element\">L\u2019ol\u00e9oduc CPC achemine, sur plus de 1\u00a0500 kilom\u00e8tres, environ 80\u00a0% des exportations de p\u00e9trole brut du Kazakhstan jusqu\u2019au terminal situ\u00e9 pr\u00e8s du port de Novorossiisk, sur les bords de la mer Noire.<\/p>\n<p class=\"sc-cPiKLX AiZTS text-element\">L\u2019Ukraine n\u2019a pas fait de commentaire pour le moment concernant l\u2019attaque du terminal p\u00e9trolier.<\/p>\n<p class=\"sc-cPiKLX AiZTS text-element\"><b>Mise \u00e0 jour <\/b>\u00e0 13\u00a0h\u00a036 avec l\u2019ajout de la revendication par l\u2019Ukraine de l\u2019attaque des deux p\u00e9troliers.<\/p>\n","protected":false},"excerpt":{"rendered":"L\u2019Ukraine a revendiqu\u00e9 ce samedi 29\u00a0novembre l\u2019attaque de deux p\u00e9troliers en mer Noire, disant avoir frapp\u00e9 avec des&hellip;\n","protected":false},"author":2,"featured_media":566700,"comment_status":"","ping_status":"","sticky":false,"template":"","format":"standard","meta":{"footnotes":""},"categories":[5],"tags":[11,1011,27,14,12,132,297,28],"class_list":{"0":"post-566699","1":"post","2":"type-post","3":"status-publish","4":"format-standard","5":"has-post-thumbnail","7":"category-international","8":"tag-actualites","9":"tag-fr","10":"tag-france","11":"tag-international","12":"tag-news","13":"tag-russie","14":"tag-ukraine-la-crise","15":"tag-world"},"share_on_mastodon":{"url":"https:\/\/pubeurope.com\/@fr\/115633159186057346","error":""},"_links":{"self":[{"href":"https:\/\/www.europesays.com\/fr\/wp-json\/wp\/v2\/posts\/566699","targetHints":{"allow":["GET"]}}],"collection":[{"href":"https:\/\/www.europesays.com\/fr\/wp-json\/wp\/v2\/posts"}],"about":[{"href":"https:\/\/www.europesays.com\/fr\/wp-json\/wp\/v2\/types\/post"}],"author":[{"embeddable":true,"href":"https:\/\/www.europesays.com\/fr\/wp-json\/wp\/v2\/users\/2"}],"replies":[{"embeddable":true,"href":"https:\/\/www.europesays.com\/fr\/wp-json\/wp\/v2\/comments?post=566699"}],"version-history":[{"count":0,"href":"https:\/\/www.europesays.com\/fr\/wp-json\/wp\/v2\/posts\/566699\/revisions"}],"wp:featuredmedia":[{"embeddable":true,"href":"https:\/\/www.europesays.com\/fr\/wp-json\/wp\/v2\/media\/566700"}],"wp:attachment":[{"href":"https:\/\/www.europesays.com\/fr\/wp-json\/wp\/v2\/media?parent=566699"}],"wp:term":[{"taxonomy":"category","embeddable":true,"href":"https:\/\/www.europesays.com\/fr\/wp-json\/wp\/v2\/categories?post=566699"},{"taxonomy":"post_tag","embeddable":true,"href":"https:\/\/www.europesays.com\/fr\/wp-json\/wp\/v2\/tags?post=566699"}],"curies":[{"name":"wp","href":"https:\/\/api.w.org\/{rel}","templated":true}]}}