{"id":566701,"date":"2025-11-29T13:12:15","date_gmt":"2025-11-29T13:12:15","guid":{"rendered":"https:\/\/www.europesays.com\/fr\/566701\/"},"modified":"2025-11-29T13:12:15","modified_gmt":"2025-11-29T13:12:15","slug":"a-brest-une-enquete-pour-homicide-ouverte-apres-la-decouverte-du-corps-dun-homme-au-stangalar","status":"publish","type":"post","link":"https:\/\/www.europesays.com\/fr\/566701\/","title":{"rendered":"\u00c0 Brest, une enqu\u00eate pour homicide ouverte apr\u00e8s la d\u00e9couverte du corps d\u2019un homme au Stangalar"},"content":{"rendered":"<p>Il \u00e9tait pr\u00e8s de minuit vendredi 28 novembre 2025, \u00e0 Brest, quand les policiers et pompiers ont d\u00e9couvert le corps d\u2019un homme ensanglant\u00e9 sur ce parking de la rue du Stangalar, \u00e0 un jet de pierre du vallon du m\u00eame nom. Malgr\u00e9 l\u2019intervention des secours, l\u2019homme n\u2019a pu \u00eatre r\u00e9anim\u00e9.<\/p>\n<p>Selon nos informations, il s\u2019agit d\u2019un jeune homme de 24 ans. Vendredi soir, les gendarmes \u00e9taient d\u00e9j\u00e0 intervenus une premi\u00e8re fois, plus t\u00f4t dans la soir\u00e9e, aux alentours de 22\u00a0h\u00a030, pour du tapage sur ce parking (pourtant bien situ\u00e9 en zone police), o\u00f9 plusieurs jeunes \u00e9taient r\u00e9unis. Mais rien ne laissait pr\u00e9sumer une tension particuli\u00e8re \u00e0 ce moment de la soir\u00e9e, fait savoir la compagnie de gendarmerie de Brest.<\/p>\n<p><img decoding=\"async\" src=\"https:\/\/www.europesays.com\/fr\/wp-content\/uploads\/2025\/11\/692adae98aaa369a6d0699e3.1.jpeg\" width=\"480\" height=\"300\" class=\"web_golden_m\" loading=\"lazy\" alt=\"Des riverains avaient appel\u00e9 les forces de l\u2019ordre pour se plaindre de tapage pendant la soir\u00e9e.\"\/>Des riverains avaient appel\u00e9 les forces de l\u2019ordre pour se plaindre de tapage pendant la soir\u00e9e. (Photo Le T\u00e9l\u00e9gramme\/Pierre Chapin)Le fr\u00e8re et un ami de la victime interpell\u00e9s<\/p>\n<p>Ce samedi matin, les services d\u2019enqu\u00eate \u00e9taient sur place, pour poursuivre les constatations et investigations \u00e0 la lumi\u00e8re du jour. Selon les premiers \u00e9l\u00e9ments recueillis, aucune arme n\u2019a \u00e9t\u00e9 retrouv\u00e9e. Le dispositif autour de la sc\u00e8ne du drame a \u00e9t\u00e9 lev\u00e9 peu apr\u00e8s 10\u00a0h.<\/p>\n<p>Selon une source polici\u00e8re, la victime aurait \u00e9t\u00e9 percut\u00e9e par un v\u00e9hicule et tra\u00een\u00e9e sur plusieurs m\u00e8tres. Le fr\u00e8re de la victime, ainsi que l\u2019un des amis, ont \u00e9t\u00e9 interpell\u00e9s dans la nuit, pour \u00eatre entendus, alors qu\u2019ils venaient de se pr\u00e9senter sur les lieux du drame, fortement alcoolis\u00e9s.<\/p>\n<p>Ce samedi midi, le parquet de Brest n\u2019a pas encore communiqu\u00e9 sur cette affaire. Mais le commissariat de Brest confirme qu\u2019une une enqu\u00eate pour homicide a \u00e9t\u00e9 ouverte et confi\u00e9e \u00e0 la Police judiciaire.<\/p>\n","protected":false},"excerpt":{"rendered":"Il \u00e9tait pr\u00e8s de minuit vendredi 28 novembre 2025, \u00e0 Brest, quand les policiers et pompiers ont d\u00e9couvert&hellip;\n","protected":false},"author":2,"featured_media":566702,"comment_status":"","ping_status":"","sticky":false,"template":"","format":"standard","meta":{"footnotes":""},"categories":[4],"tags":[11,3450,46309,829,765,118,3321,1011,27,12,25],"class_list":{"0":"post-566701","1":"post","2":"type-post","3":"status-publish","4":"format-standard","5":"has-post-thumbnail","7":"category-france","8":"tag-actualites","9":"tag-brest","10":"tag-brest-saint-marc","11":"tag-bretagne","12":"tag-en-continu","13":"tag-faits-divers","14":"tag-finistere","15":"tag-fr","16":"tag-france","17":"tag-news","18":"tag-republique-francaise"},"share_on_mastodon":{"url":"https:\/\/pubeurope.com\/@fr\/115633163998282234","error":""},"_links":{"self":[{"href":"https:\/\/www.europesays.com\/fr\/wp-json\/wp\/v2\/posts\/566701","targetHints":{"allow":["GET"]}}],"collection":[{"href":"https:\/\/www.europesays.com\/fr\/wp-json\/wp\/v2\/posts"}],"about":[{"href":"https:\/\/www.europesays.com\/fr\/wp-json\/wp\/v2\/types\/post"}],"author":[{"embeddable":true,"href":"https:\/\/www.europesays.com\/fr\/wp-json\/wp\/v2\/users\/2"}],"replies":[{"embeddable":true,"href":"https:\/\/www.europesays.com\/fr\/wp-json\/wp\/v2\/comments?post=566701"}],"version-history":[{"count":0,"href":"https:\/\/www.europesays.com\/fr\/wp-json\/wp\/v2\/posts\/566701\/revisions"}],"wp:featuredmedia":[{"embeddable":true,"href":"https:\/\/www.europesays.com\/fr\/wp-json\/wp\/v2\/media\/566702"}],"wp:attachment":[{"href":"https:\/\/www.europesays.com\/fr\/wp-json\/wp\/v2\/media?parent=566701"}],"wp:term":[{"taxonomy":"category","embeddable":true,"href":"https:\/\/www.europesays.com\/fr\/wp-json\/wp\/v2\/categories?post=566701"},{"taxonomy":"post_tag","embeddable":true,"href":"https:\/\/www.europesays.com\/fr\/wp-json\/wp\/v2\/tags?post=566701"}],"curies":[{"name":"wp","href":"https:\/\/api.w.org\/{rel}","templated":true}]}}