{"id":566711,"date":"2025-11-29T13:22:16","date_gmt":"2025-11-29T13:22:16","guid":{"rendered":"https:\/\/www.europesays.com\/fr\/566711\/"},"modified":"2025-11-29T13:22:16","modified_gmt":"2025-11-29T13:22:16","slug":"ou-et-quand-suivre-la-rencontre-toulon-montauban","status":"publish","type":"post","link":"https:\/\/www.europesays.com\/fr\/566711\/","title":{"rendered":"o\u00f9 et quand suivre la rencontre Toulon-Montauban ?"},"content":{"rendered":"<p>\u00c0 l\u2019occasion de la 11e journ\u00e9e du championnat de France de Top 14, l\u2019US Montauban (13e) se d\u00e9place, ce samedi 29 novembre, sur la pelouse de Toulon (4e).<\/p>\n<p>Cap sur le Var. Ce <strong>samedi 29 novembre<\/strong>, <a href=\"https:\/\/lopinion.com\/\" rel=\"noopener noreferrer\" target=\"_blank\">Montauban<\/a> affronte le Racing Club Toulonnais (RCT) sur sa pelouse du stade Mayol, pour le compte de la 11e journ\u00e9e de Top 14.<\/p>\n<p>Une formation qui impressionne \u00e0 domicile<\/p>\n<p>D\u00e9faits lourdement au Stade Fran\u00e7ais Paris la semaine derni\u00e8re (<strong>51-24)<\/strong>, les Varois doivent rectifier le tir devant leurs supporters.<\/p>\n<p>Face \u00e0 eux, les <a href=\"https:\/\/lopinion.com\/articles\/actualite\/actualites-tarn-et-garonne\" rel=\"noopener noreferrer\" target=\"_blank\">Tarn-et-Garonnais<\/a>, qui luttent pour le maintien, voudront <strong>laver l\u2019affront<\/strong> subi \u00e0 Sapiac contre le Stade Toulousain (<strong>49-7<\/strong>).<\/p>\n<p>Mais les joueurs de S\u00e9bastien Tillous-Borde n\u2019auront pas la t\u00e2che facile puisque les co\u00e9quipiers d\u2019Esteban Abadie sont <strong>invaincus \u00e0 domicile<\/strong> avec cinq succ\u00e8s (dont quatre obtenus avec le bonus offensif) en autant de rencontres.<\/p>\n<p>Comment suivre la rencontre Toulon-Montauban ?<\/p>\n<p>Avant le d\u00e9but de la campagne europ\u00e9enne, pr\u00e9vue au d\u00e9but du mois de d\u00e9cembre, les deux formations esp\u00e8rent retrouver le <strong>go\u00fbt de la victoire<\/strong> ce samedi. Voici les informations importantes pour ne rien manquer de la rencontre :<\/p>\n<ul>\n<li><strong>Lieu<\/strong> : stade Mayol (Toulon)<\/li>\n<li><strong>Date<\/strong> : samedi 29 novembre<\/li>\n<li><strong>Heure<\/strong> : 16h35<\/li>\n<li><strong>Cha\u00eene<\/strong> : la rencontre sera diffus\u00e9e en direct sur Canal+ (multiplex) ou Canal+ live 3<\/li>\n<\/ul>\n<p>&gt;&gt; \u00c0 LIRE AUSSI : <a href=\"https:\/\/lopinion.com\/articles\/actualite\/31303_top-14-je-veux-voir-des-guerriers-sur-terrain-previent-sebastien-tillous-borde-us-montauban-avant-daffronter-toulon\" rel=\"noopener noreferrer\" target=\"_blank\">Top 14 : \u00ab\u00a0Je veux voir des guerriers sur le terrain\u00a0\u00bb pr\u00e9vient S\u00e9bastien Tillous-Borde (US Montauban) avant de retrouver Toulon<\/a><\/p>\n","protected":false},"excerpt":{"rendered":"\u00c0 l\u2019occasion de la 11e journ\u00e9e du championnat de France de Top 14, l\u2019US Montauban (13e) se d\u00e9place,&hellip;\n","protected":false},"author":2,"featured_media":566712,"comment_status":"","ping_status":"","sticky":false,"template":"","format":"standard","meta":{"footnotes":""},"categories":[9619],"tags":[1111,11,1777,674,1011,27,12,882,25,2310],"class_list":{"0":"post-566711","1":"post","2":"type-post","3":"status-publish","4":"format-standard","5":"has-post-thumbnail","7":"category-toulon","8":"tag-actu","9":"tag-actualites","10":"tag-eu","11":"tag-europe","12":"tag-fr","13":"tag-france","14":"tag-news","15":"tag-provence-alpes-cote-dazur","16":"tag-republique-francaise","17":"tag-toulon"},"share_on_mastodon":{"url":"https:\/\/pubeurope.com\/@fr\/115633202354598453","error":""},"_links":{"self":[{"href":"https:\/\/www.europesays.com\/fr\/wp-json\/wp\/v2\/posts\/566711","targetHints":{"allow":["GET"]}}],"collection":[{"href":"https:\/\/www.europesays.com\/fr\/wp-json\/wp\/v2\/posts"}],"about":[{"href":"https:\/\/www.europesays.com\/fr\/wp-json\/wp\/v2\/types\/post"}],"author":[{"embeddable":true,"href":"https:\/\/www.europesays.com\/fr\/wp-json\/wp\/v2\/users\/2"}],"replies":[{"embeddable":true,"href":"https:\/\/www.europesays.com\/fr\/wp-json\/wp\/v2\/comments?post=566711"}],"version-history":[{"count":0,"href":"https:\/\/www.europesays.com\/fr\/wp-json\/wp\/v2\/posts\/566711\/revisions"}],"wp:featuredmedia":[{"embeddable":true,"href":"https:\/\/www.europesays.com\/fr\/wp-json\/wp\/v2\/media\/566712"}],"wp:attachment":[{"href":"https:\/\/www.europesays.com\/fr\/wp-json\/wp\/v2\/media?parent=566711"}],"wp:term":[{"taxonomy":"category","embeddable":true,"href":"https:\/\/www.europesays.com\/fr\/wp-json\/wp\/v2\/categories?post=566711"},{"taxonomy":"post_tag","embeddable":true,"href":"https:\/\/www.europesays.com\/fr\/wp-json\/wp\/v2\/tags?post=566711"}],"curies":[{"name":"wp","href":"https:\/\/api.w.org\/{rel}","templated":true}]}}