{"id":566719,"date":"2025-11-29T13:27:18","date_gmt":"2025-11-29T13:27:18","guid":{"rendered":"https:\/\/www.europesays.com\/fr\/566719\/"},"modified":"2025-11-29T13:27:18","modified_gmt":"2025-11-29T13:27:18","slug":"un-grand-parc-de-loisirs-inclusif-pour-les-enfants-va-bientot-ouvrir-a-barentin","status":"publish","type":"post","link":"https:\/\/www.europesays.com\/fr\/566719\/","title":{"rendered":"Un grand parc de loisirs inclusif pour les enfants va bient\u00f4t ouvrir \u00e0 Barentin"},"content":{"rendered":"<p>                    Par<br \/>\n        <strong><br \/>\n            <a href=\"https:\/\/actu.fr\/auteur\/adrien-filoche\" title=\"Consulter tous les articles de Adrien Filoche\" target=\"_blank\" rel=\"noopener\">Adrien Filoche<\/a><br \/>\n                    <\/strong><\/p>\n<p>        Publi\u00e9 le<\/p>\n<p>            29 nov. 2025 \u00e0 12h08        <\/p>\n<p>Il reste encore quelques travaux, mais<strong> l\u2019ouverture s\u2019annonce imminente.<\/strong> Avant la fin de l\u2019ann\u00e9e 2025, un grand parc de loisirs pour les enfants doit ouvrir ses portes dans la zone commerciale du Mesnil-Roux \u00e0 <a href=\"https:\/\/actu.fr\/normandie\/barentin_76057\" target=\"_blank\" rel=\"noopener\">Barentin (Seine-Maritime)<\/a>, pr\u00e8s de <strong>Rouen<\/strong>. Il s\u2019agit de l\u2019enseigne Jokoani, cr\u00e9\u00e9e par C\u00e9dric Audibert et son \u00e9pouse. Un premier parc de loisirs avait d\u00e9j\u00e0 ouvert <a href=\"https:\/\/actu.fr\/normandie\/bretteville-sur-odon_14101\/aire-de-jeux-pour-enfants-jokoani-pres-de-caen-cedric-cree-une-experience-familiale-au-parfum-daustralie_61899318.html\" target=\"_blank\" rel=\"noopener\">dans l\u2019agglo de Caen en 2024.<\/a><\/p>\n<p>Un nouveau parc de loisirs inclusif<\/p>\n<p class=\" wall-content\">Pour ce deuxi\u00e8me \u00e9tablissement, C\u00e9dric Audibert a jet\u00e9 son d\u00e9volu sur l\u2019agglom\u00e9ration rouennaise en choisissant Barentin comme point de chute. L\u2019enseigne est situ\u00e9e au 325 rue de l\u2019Ems, \u00e0 c\u00f4t\u00e9 des enseignes L\u2019Incroyable et Le Roi du Matelas.<\/p>\n<p class=\" wall-content\">Le concept est simple\u2009: proposer <strong>un parc de loisirs moderne pour les familles<\/strong>, \u00e0 destination des enfants \u00e2g\u00e9s entre 0 et 8\u00a0ans. \u00ab\u2009On souhaite offrir une exp\u00e9rience familiale dans un lieu convivial qui s\u2019adresse \u00e0 tous, enfants comme parents\u2009\u00bb, pr\u00e9sente C\u00e9dric Audibert.<\/p>\n<blockquote class=\"ac-article-quote wall-content\">\n<p>On s&rsquo;est rendu compte qu&rsquo;en France, il y a beaucoup de parcs de loisirs qui ne sont pas toujours tr\u00e8s adapt\u00e9s, notamment pour les enfants autistes. On souhaitait faire quelque chose qui soit davantage inclusif.<\/p>\n<p>    <strong>C\u00e9dric Audibert<\/strong><br \/>\n        fondateur de l&rsquo;enseigne Jokoani    <\/p><\/blockquote>\n<p class=\" wall-content\">Ce travail, c\u2019est le fruit de plus de 10\u00a0ann\u00e9es pass\u00e9es en Australie dont C\u00e9dric et sa femme, parents de deux jeunes gar\u00e7ons, ont voulu tirer profit. C\u2019est dans cet esprit d\u2019inclusivit\u00e9 qu\u2019a \u00e9t\u00e9 imagin\u00e9 Jokoani.<\/p>\n<p>Vid\u00e9os : en ce moment sur ActuCinq zones de jeux et de d\u00e9tente<\/p>\n<p class=\" wall-content\">Sur un espace de 1400 m\u00b2, cinq zones distinctes ont \u00e9t\u00e9 imagin\u00e9es afin d\u2019occuper les plus jeunes, mais aussi les parents. \u00ab\u2009On veut vraiment faire un lieu o\u00f9 tout le monde peut s\u2019amuser et se d\u00e9tendre\u2009\u00bb, insiste le cofondateur de Jokoani. \u00c0 noter que des chaussettes antid\u00e9rapantes sont obligatoires pour tous les enfants sur le site.<\/p>\n<p class=\" wall-content\">\u00c0 l\u2019entr\u00e9e, on d\u00e9bute par une zone de jeu d\u2019imitation, comprenant divers d\u00e9guisements (pompiers, cuisiniers, serveurs, etc.).<\/p>\n<p>Votre r\u00e9gion, votre actu !<\/p>\n<p>Recevez chaque jour les infos qui comptent pour vous.<\/p>\n<p>\t<a href=\"https:\/\/actu.fr\/newsletter\" class=\"ac-btn ac-btn--corner ac-btn--medium ac-btn--blue800\" target=\"_blank\" rel=\"noopener\">S&rsquo;incrire<\/a><\/p>\n<p class=\" wall-content\">Mais la zone la plus importante, c\u2019est l\u2019espace d\u00e9fouloir qui comporte <strong>un grand parc en bois<\/strong> pour <strong>courir<\/strong>, <strong>escalader<\/strong> ou <strong>sauter. <\/strong>Elle est agr\u00e9ment\u00e9e de toboggans, d\u2019un pont en filet ou encore d\u2019une piscine \u00e0 boules.<\/p>\n<p class=\" wall-content\">Au fond \u00e0 droite, un peu \u00e0 l\u2019\u00e9cart, un petit amphith\u00e9\u00e2tre, id\u00e9al pour y lire des livres ou bien dessiner au calme, loin de toute l\u2019agitation.<\/p>\n<p class=\" wall-content\">Au milieu de tout cela, <strong>un bloc central d\u00e9di\u00e9 pour les parents\u2009<\/strong>: tables et canap\u00e9s avec la possibilit\u00e9 de profiter d\u2019un service de boissons (caf\u00e9s, th\u00e9s, etc.) et de p\u00e2tisseries (cookies, cheesecake, brownie, etc.), mais \u00e9galement d\u2019une formule le midi. \u00ab\u2009L\u2019avantage d\u2019un lieu central, c\u2019est que l\u2019on peut avoir une vue g\u00e9n\u00e9rale sur tout l\u2019espace. C\u2019est rassurant pour les parents, mais aussi pour les enfants\u2009\u00bb, souligne C\u00e9dric Audibert.<\/p>\n<p class=\" wall-content\">Et enfin, dans une pi\u00e8ce s\u00e9par\u00e9e, on retrouve la zone \u00ab\u2009jeunes parents \u00bb \u00e0 destination des enfants \u00e2g\u00e9es de 0 \u00e0 2 ans. Dans cette pi\u00e8ce, des plus petites structures de jeux, adapt\u00e9es, mais \u00e9galement des tables de change et une zone d\u2019allaitement \u00e0 l\u2019\u00e9cart.<\/p>\n<p>Tarifs et date d\u2019ouverture<\/p>\n<p class=\" wall-content\">En plus de ces diff\u00e9rentes zones, Jokoani dispose \u00e9galement d\u2019une salle d\u2019atelier cr\u00e9atif, mais aussi de quatre salles privatives \u00e0 l\u2019\u00e9tage pour les anniversaires.<\/p>\n<p class=\" wall-content\">Concernant les tarifs, l\u2019entr\u00e9e est <strong>gratuite pour les parents qui accompagnent<\/strong> un enfant et les enfants \u00e2g\u00e9s de 0 \u00e0 6\u00a0mois. Ensuite, deux tarifs\u2009: 9,90\u00a0euros pour les moins de deux ans et 14,90\u00a0euros pour les plus de deux ans. Une entr\u00e9e donne acc\u00e8s \u00e0 l\u2019ensemble des commodit\u00e9s.<\/p>\n<p class=\" wall-content\">Concernant la date d\u2019ouverture, C\u00e9dric Audibert l\u2019esp\u00e8re avant No\u00ebl : \u00ab\u2009C\u00f4t\u00e9 travaux, on sera pr\u00eats, mais on attend encore un dernier retour de la commission de s\u00e9curit\u00e9\u2009\u00bb. Encore un peu de patience donc, avant de pouvoir se d\u00e9fouler et s\u2019amuser dans ce nouveau parc de loisirs.<\/p>\n<p>Suivez l\u2019actualit\u00e9 de Rouen sur <a href=\"https:\/\/www.whatsapp.com\/channel\/0029VaKfnf99hXF2ddApFB1D\" target=\"_blank\" rel=\"noopener\">notre cha\u00eene WhatsApp<\/a> et sur <a href=\"https:\/\/www.tiktok.com\/@76actu.fr?lang=fr\" target=\"_blank\" rel=\"noopener\">notre compte TikTok<\/a><\/p>\n<p class=\" wall-content\">Personnalisez votre actualit\u00e9 en ajoutant vos villes et m\u00e9dias en favori avec <a href=\"https:\/\/moncompte.actu.fr\" title=\"D\u00e9couvez Mon Actu\" rel=\"nofollow noopener\" data-trk=\"{&quot;cta&quot;:{&quot;action&quot;:&quot;https:\\\/\\\/moncompte.actu.fr&quot;,&quot;category&quot;:&quot;mon compte&quot;,&quot;from&quot;:&quot;article footer&quot;,&quot;name&quot;:&quot;Mon actu&quot;,&quot;type&quot;:&quot;cta&quot;}}\" target=\"_blank\">Mon Actu<\/a>.<\/p>\n<p>                    <script async src=\"\/\/www.tiktok.com\/embed.js\"><\/script><\/p>\n","protected":false},"excerpt":{"rendered":"Par Adrien Filoche Publi\u00e9 le 29 nov. 2025 \u00e0 12h08 Il reste encore quelques travaux, mais l\u2019ouverture s\u2019annonce&hellip;\n","protected":false},"author":2,"featured_media":566720,"comment_status":"","ping_status":"","sticky":false,"template":"","format":"standard","meta":{"footnotes":""},"categories":[9587],"tags":[1111,11,9086,1719,1777,674,1011,27,1652,12,5161,25,9590],"class_list":{"0":"post-566719","1":"post","2":"type-post","3":"status-publish","4":"format-standard","5":"has-post-thumbnail","7":"category-rouen","8":"tag-actu","9":"tag-actualites","10":"tag-bon-plan-a-rouen","11":"tag-enfants","12":"tag-eu","13":"tag-europe","14":"tag-fr","15":"tag-france","16":"tag-loisirs-culture","17":"tag-news","18":"tag-normandie","19":"tag-republique-francaise","20":"tag-rouen"},"share_on_mastodon":{"url":"https:\/\/pubeurope.com\/@fr\/115633222098381134","error":""},"_links":{"self":[{"href":"https:\/\/www.europesays.com\/fr\/wp-json\/wp\/v2\/posts\/566719","targetHints":{"allow":["GET"]}}],"collection":[{"href":"https:\/\/www.europesays.com\/fr\/wp-json\/wp\/v2\/posts"}],"about":[{"href":"https:\/\/www.europesays.com\/fr\/wp-json\/wp\/v2\/types\/post"}],"author":[{"embeddable":true,"href":"https:\/\/www.europesays.com\/fr\/wp-json\/wp\/v2\/users\/2"}],"replies":[{"embeddable":true,"href":"https:\/\/www.europesays.com\/fr\/wp-json\/wp\/v2\/comments?post=566719"}],"version-history":[{"count":0,"href":"https:\/\/www.europesays.com\/fr\/wp-json\/wp\/v2\/posts\/566719\/revisions"}],"wp:featuredmedia":[{"embeddable":true,"href":"https:\/\/www.europesays.com\/fr\/wp-json\/wp\/v2\/media\/566720"}],"wp:attachment":[{"href":"https:\/\/www.europesays.com\/fr\/wp-json\/wp\/v2\/media?parent=566719"}],"wp:term":[{"taxonomy":"category","embeddable":true,"href":"https:\/\/www.europesays.com\/fr\/wp-json\/wp\/v2\/categories?post=566719"},{"taxonomy":"post_tag","embeddable":true,"href":"https:\/\/www.europesays.com\/fr\/wp-json\/wp\/v2\/tags?post=566719"}],"curies":[{"name":"wp","href":"https:\/\/api.w.org\/{rel}","templated":true}]}}