{"id":566721,"date":"2025-11-29T13:28:18","date_gmt":"2025-11-29T13:28:18","guid":{"rendered":"https:\/\/www.europesays.com\/fr\/566721\/"},"modified":"2025-11-29T13:28:18","modified_gmt":"2025-11-29T13:28:18","slug":"des-microscopes-en-papier-au-marche-de-noel-de-la-capsule-echosciences","status":"publish","type":"post","link":"https:\/\/www.europesays.com\/fr\/566721\/","title":{"rendered":"Des microscopes en papier au march\u00e9 de No\u00ebl de La Capsule | ECHOSCIENCES"},"content":{"rendered":"<p>      Le mercredi 3 d\u00e9cembre, Nemeton participera au march\u00e9 de No\u00ebl de La Capsule (Cap Berriat) en proposant des foldscopes en kit \u00e0 petit prix. L&rsquo;occasion de d\u00e9couvrir cet outil de microscopie accessible qui permet d&rsquo;observer le monde invisible qui nous entoure.<\/p>\n<p><strong>Le foldscope : un microscope d\u00e9mocratis\u00e9<\/strong><\/p>\n<p>Le foldscope est un microscope en papier d\u00e9velopp\u00e9 par l&rsquo;\u00e9quipe du professeur Manu Prakash \u00e0 l&rsquo;universit\u00e9 de Stanford. Enti\u00e8rement pliable, il offre un grossissement jusqu&rsquo;\u00e0 140x pour un co\u00fbt de production d\u00e9risoire. Cette innovation illustre parfaitement le concept de technologie frugale : locale, r\u00e9parable, appropriable et accessible \u00e0 toutes et tous.<\/p>\n<p>Contrairement aux microscopes traditionnels qui co\u00fbtent plusieurs centaines d&rsquo;euros, le foldscope permet de d\u00e9mocratiser l&rsquo;acc\u00e8s \u00e0 l&rsquo;observation microscopique. Que ce soit pour observer des cellules v\u00e9g\u00e9tales, du plancton d&rsquo;eau douce, des ailes d&rsquo;insectes ou des fibres textiles, cet outil ouvre les portes du monde invisible \u00e0 un large public.<\/p>\n<p><strong>Un kit complet pour d\u00e9buter l&rsquo;observation<\/strong><\/p>\n<p>Les kits propos\u00e9s par Nemeton au march\u00e9 de No\u00ebl comprennent tout le n\u00e9cessaire pour se lancer dans l&rsquo;observation microscopique :<\/p>\n<ul>&#13;<\/p>\n<li>Le foldscope \u00e0 assembler soi-m\u00eame<\/li>\n<p>&#13;<\/p>\n<li>Des lames papier pour monter les \u00e9chantillons<\/li>\n<p>&#13;<\/p>\n<li>Une pochette zipp\u00e9e de rangement<\/li>\n<p>&#13;<\/p>\n<li>Un guide d&rsquo;observation avec des exemples concrets<\/li>\n<p>&#13;<\/p>\n<li>La notice de montage d\u00e9taill\u00e9e<\/li>\n<p>&#13;\n<\/ul>\n<p>Le montage du foldscope, qui prend environ 10 minutes, constitue d\u00e9j\u00e0 une premi\u00e8re \u00e9tape p\u00e9dagogique permettant de comprendre les principes optiques en jeu.<\/p>\n<p><img decoding=\"async\" src=\"https:\/\/www.europesays.com\/fr\/wp-content\/uploads\/2025\/11\/img_2963__1_.jpg\" id=\"1005551435\" data-image=\"1005551435\"\/><\/p>\n<p>\ufeffCr\u00e9dit photo : Quentin Daveau<\/p>\n<p><strong>Nemeton : d\u00e9mocratiser les sciences du vivant<\/strong><\/p>\n<p>Cette initiative s&rsquo;inscrit dans la mission de Nemeton, association grenobloise cr\u00e9\u00e9e en 2018 qui \u0153uvre \u00e0 la d\u00e9mocratisation des sciences et techniques du vivant. \u00c0 travers son biolab partag\u00e9 et ses activit\u00e9s de m\u00e9diation scientifique, Nemeton propose des approches innovantes et accessibles pour comprendre le vivant qui nous entoure.<\/p>\n<p>L&rsquo;association utilise r\u00e9guli\u00e8rement les foldscopes dans ses animations p\u00e9dagogiques, notamment lors de sorties nature o\u00f9 les participants et participantes peuvent observer en direct le plancton pr\u00e9lev\u00e9 dans les lacs alpins. Ces microscopes portables permettent de transformer n&rsquo;importe quelle sortie en v\u00e9ritable investigation scientifique.<\/p>\n<p><strong>Informations pratiques<\/strong><\/p>\n<p><strong>March\u00e9 de No\u00ebl \u00e0 La Capsule<\/strong>&#13;<br \/>\nDate : Mercredi 3 d\u00e9cembre 2024&#13;<br \/>\nHoraires : 17h30 &#8211; 22h30&#13;<br \/>\nLieu : La Capsule, 21 rue Boucher de Perthes, 38000 Grenoble&#13;<br \/>\nPrix du kit foldscope : 9\u20ac90<\/p>\n<p>Au-del\u00e0 de Nemeton, le march\u00e9 accueillera de nombreux autres stands proposant de l&rsquo;artisanat local, des cr\u00e9ations fait-main, ainsi qu&rsquo;une restauration assur\u00e9e par La Bouillotte.<\/p>\n<p>Un cadeau original et p\u00e9dagogique qui allie science, d\u00e9couverte et accessibilit\u00e9, dans l&rsquo;esprit d&rsquo;un futur o\u00f9 la technologie s&rsquo;appuie sur le vivant.<\/p>\n","protected":false},"excerpt":{"rendered":"Le mercredi 3 d\u00e9cembre, Nemeton participera au march\u00e9 de No\u00ebl de La Capsule (Cap Berriat) en proposant des&hellip;\n","protected":false},"author":2,"featured_media":566722,"comment_status":"","ping_status":"","sticky":false,"template":"","format":"standard","meta":{"footnotes":""},"categories":[9566],"tags":[1111,11,2430,1777,674,1011,27,2731,12,25],"class_list":{"0":"post-566721","1":"post","2":"type-post","3":"status-publish","4":"format-standard","5":"has-post-thumbnail","7":"category-grenoble","8":"tag-actu","9":"tag-actualites","10":"tag-auvergne-rhone-alpes","11":"tag-eu","12":"tag-europe","13":"tag-fr","14":"tag-france","15":"tag-grenoble","16":"tag-news","17":"tag-republique-francaise"},"share_on_mastodon":{"url":"https:\/\/pubeurope.com\/@fr\/115633227694303434","error":""},"_links":{"self":[{"href":"https:\/\/www.europesays.com\/fr\/wp-json\/wp\/v2\/posts\/566721","targetHints":{"allow":["GET"]}}],"collection":[{"href":"https:\/\/www.europesays.com\/fr\/wp-json\/wp\/v2\/posts"}],"about":[{"href":"https:\/\/www.europesays.com\/fr\/wp-json\/wp\/v2\/types\/post"}],"author":[{"embeddable":true,"href":"https:\/\/www.europesays.com\/fr\/wp-json\/wp\/v2\/users\/2"}],"replies":[{"embeddable":true,"href":"https:\/\/www.europesays.com\/fr\/wp-json\/wp\/v2\/comments?post=566721"}],"version-history":[{"count":0,"href":"https:\/\/www.europesays.com\/fr\/wp-json\/wp\/v2\/posts\/566721\/revisions"}],"wp:featuredmedia":[{"embeddable":true,"href":"https:\/\/www.europesays.com\/fr\/wp-json\/wp\/v2\/media\/566722"}],"wp:attachment":[{"href":"https:\/\/www.europesays.com\/fr\/wp-json\/wp\/v2\/media?parent=566721"}],"wp:term":[{"taxonomy":"category","embeddable":true,"href":"https:\/\/www.europesays.com\/fr\/wp-json\/wp\/v2\/categories?post=566721"},{"taxonomy":"post_tag","embeddable":true,"href":"https:\/\/www.europesays.com\/fr\/wp-json\/wp\/v2\/tags?post=566721"}],"curies":[{"name":"wp","href":"https:\/\/api.w.org\/{rel}","templated":true}]}}