{"id":566723,"date":"2025-11-29T13:29:17","date_gmt":"2025-11-29T13:29:17","guid":{"rendered":"https:\/\/www.europesays.com\/fr\/566723\/"},"modified":"2025-11-29T13:29:17","modified_gmt":"2025-11-29T13:29:17","slug":"vaste-coup-de-filet-anti-drogue-dans-lagglomeration-de-grenoble-linfo-re","status":"publish","type":"post","link":"https:\/\/www.europesays.com\/fr\/566723\/","title":{"rendered":"Vaste coup de filet anti-drogue dans l\u2019agglom\u00e9ration de Grenoble &#8211; LINFO.re"},"content":{"rendered":"<p>Cette op\u00e9ration ciblait sp\u00e9cifiquement le trafic de stup\u00e9fiants. Les forces de l\u2019ordre ont port\u00e9 un coup tr\u00e8s dur au crime organis\u00e9 dans la r\u00e9gion grenobloise.<\/p>\n<p>\t\t\t\t\t\t<strong>Une mobilisation exceptionnelle lundi<\/strong><\/p>\n<p style=\"text-align: justify;\">Selon les informations relay\u00e9es par <a href=\"https:\/\/www.lefigaro.fr\/\" target=\"_blank\" rel=\"noopener\">Le Figaro<\/a>, cette intervention polici\u00e8re de grande ampleur a \u00e9t\u00e9 effectu\u00e9e \u00e0 Saint-Martin-d\u2019H\u00e8res \u00e0 <a href=\"https:\/\/www.linfo.re\/france\/faits-divers\/grenoble-un-enfant-gravement-touche-par-des-tirs-sur-un-point-de-deal\" target=\"_blank\" rel=\"noopener\"><strong>Grenoble<\/strong><\/a>. Elle a engag\u00e9 150 forces de l\u2019ordre dont le RAID, des CRS sp\u00e9cialis\u00e9s et des \u00e9quipes cynophiles. Le coup de filet visait un point de vente de drogue r\u00e9put\u00e9 dont la configuration en \u00ab\u00a0d\u00e9dale\u00a0\u00bb favorise les <strong>trafiquants de drogue<\/strong>. Douze individus, \u00e2g\u00e9s de 22 \u00e0 40 ans, ont \u00e9t\u00e9 interpell\u00e9s. Sept d\u2019entre eux ont \u00e9t\u00e9 pr\u00e9sent\u00e9s \u00e0 la justice le vendredi. L\u2019enqu\u00eate avait d\u00e9but\u00e9 en juin.<\/p>\n<p><strong>Des saisies lourdes \u00e9valu\u00e9es \u00e0 858 000 euros<\/strong><\/p>\n<p style=\"text-align: justify;\">L\u2019investigation conduit \u00e0 la r\u00e9cup\u00e9ration de plusieurs kilos de coca\u00efne et de cannabis, pour une valeur estim\u00e9e \u00e0 858 000 euros. Plus de 2 000 paquets de cigarettes et cinq armes de cat\u00e9gorie B ont \u00e9galement \u00e9t\u00e9 d\u00e9couverts.<\/p>\n<p style=\"text-align: justify;\">Le procureur \u00c9tienne Manteaux souligne une baisse marqu\u00e9e des violences li\u00e9es au narcotrafic depuis un an, tout en rappelant que la situation reste fragile. La police veut maintenir un rythme soutenu d\u2019interventions coordonn\u00e9es dans les quartiers concern\u00e9s.\u00a0<\/p>\n<p style=\"text-align: justify;\">Retrouvez notre dossier sur les <a href=\"https:\/\/www.linfo.re\/france\/faits-divers\/\" target=\"_blank\" rel=\"noopener\"><strong>faits divers<\/strong><\/a><\/p>\n<p>\u00a0<\/p>\n","protected":false},"excerpt":{"rendered":"Cette op\u00e9ration ciblait sp\u00e9cifiquement le trafic de stup\u00e9fiants. Les forces de l\u2019ordre ont port\u00e9 un coup tr\u00e8s dur&hellip;\n","protected":false},"author":2,"featured_media":566724,"comment_status":"","ping_status":"","sticky":false,"template":"","format":"standard","meta":{"footnotes":""},"categories":[9566],"tags":[1111,47,11,2430,1052,1777,674,118,1011,27,2731,1922,12,25],"class_list":{"0":"post-566723","1":"post","2":"type-post","3":"status-publish","4":"format-standard","5":"has-post-thumbnail","7":"category-grenoble","8":"tag-actu","9":"tag-actualite","10":"tag-actualites","11":"tag-auvergne-rhone-alpes","12":"tag-drogue","13":"tag-eu","14":"tag-europe","15":"tag-faits-divers","16":"tag-fr","17":"tag-france","18":"tag-grenoble","19":"tag-info","20":"tag-news","21":"tag-republique-francaise"},"share_on_mastodon":{"url":"https:\/\/pubeurope.com\/@fr\/115633230171829861","error":""},"_links":{"self":[{"href":"https:\/\/www.europesays.com\/fr\/wp-json\/wp\/v2\/posts\/566723","targetHints":{"allow":["GET"]}}],"collection":[{"href":"https:\/\/www.europesays.com\/fr\/wp-json\/wp\/v2\/posts"}],"about":[{"href":"https:\/\/www.europesays.com\/fr\/wp-json\/wp\/v2\/types\/post"}],"author":[{"embeddable":true,"href":"https:\/\/www.europesays.com\/fr\/wp-json\/wp\/v2\/users\/2"}],"replies":[{"embeddable":true,"href":"https:\/\/www.europesays.com\/fr\/wp-json\/wp\/v2\/comments?post=566723"}],"version-history":[{"count":0,"href":"https:\/\/www.europesays.com\/fr\/wp-json\/wp\/v2\/posts\/566723\/revisions"}],"wp:featuredmedia":[{"embeddable":true,"href":"https:\/\/www.europesays.com\/fr\/wp-json\/wp\/v2\/media\/566724"}],"wp:attachment":[{"href":"https:\/\/www.europesays.com\/fr\/wp-json\/wp\/v2\/media?parent=566723"}],"wp:term":[{"taxonomy":"category","embeddable":true,"href":"https:\/\/www.europesays.com\/fr\/wp-json\/wp\/v2\/categories?post=566723"},{"taxonomy":"post_tag","embeddable":true,"href":"https:\/\/www.europesays.com\/fr\/wp-json\/wp\/v2\/tags?post=566723"}],"curies":[{"name":"wp","href":"https:\/\/api.w.org\/{rel}","templated":true}]}}