{"id":566725,"date":"2025-11-29T13:30:17","date_gmt":"2025-11-29T13:30:17","guid":{"rendered":"https:\/\/www.europesays.com\/fr\/566725\/"},"modified":"2025-11-29T13:30:17","modified_gmt":"2025-11-29T13:30:17","slug":"pourquoi-il-faut-prendre-le-virus-au-serieux","status":"publish","type":"post","link":"https:\/\/www.europesays.com\/fr\/566725\/","title":{"rendered":"pourquoi il faut prendre le virus au s\u00e9rieux"},"content":{"rendered":"<p>                    Par<br \/>\n        <strong><br \/>\n            <a href=\"https:\/\/actu.fr\/auteur\/clemence-pays02-actu-fr\" title=\"Consulter tous les articles de Cl\u00e9mence Pays\" target=\"_blank\" rel=\"noopener\">Cl\u00e9mence Pays<\/a><br \/>\n                    <\/strong><\/p>\n<p>        Publi\u00e9 le<\/p>\n<p>            29 nov. 2025 \u00e0 14h21        <\/p>\n<p><strong>342\u2009165.<\/strong> C\u2019est le <strong>nombre de vaccins contre la <a href=\"https:\/\/actu.fr\/tag\/grippe\" target=\"_blank\" rel=\"noopener\">grippe<\/a><\/strong> ayant \u00e9t\u00e9 rembours\u00e9s par l\u2019Assurance Maladie en Bretagne depuis le 14\u00a0octobre 2025, d\u00e9but de la campagne de vaccination. C\u2019est bien (+ 9,7 % par rapport \u00e0 la campagne pr\u00e9c\u00e9dente), mais <strong>pas suffisant.<\/strong> \u00ab\u2009Notre message est clair\u2009:<strong> il est encore temps de se faire vacciner<\/strong> contre la grippe\u2009\u00bb, mart\u00e8le Nathalie Le Formal, directrice de la Sant\u00e9 publique, \u00e0 l\u2019Agence r\u00e9gionale de sant\u00e9 (ARS Bretagne).<\/p>\n<p class=\" wall-content\">Lors d\u2019une conf\u00e9rence de presse organis\u00e9e mercredi 26\u00a0novembre 2025, diff\u00e9rents acteurs de la sant\u00e9 se sont r\u00e9unis \u00e0 <a href=\"https:\/\/actu.fr\/rennes\/\" target=\"_blank\" rel=\"noopener\">Rennes<\/a>, au si\u00e8ge de l\u2019ARS Bretagne pour faire passer ce message.<\/p>\n<blockquote class=\"ac-article-quote wall-content\">\n<p>La grippe, ce n&rsquo;est pas un simple rhume. Cela peut entra\u00eener des hospitalisations voire des d\u00e9c\u00e8s. <\/p>\n<p>    <strong>Nathalie Le Formal<\/strong><br \/>\n        Directrice de la Sant\u00e9 publique, \u00e0 l&rsquo;Agence r\u00e9gionale de sant\u00e9 Bretagne    <\/p><\/blockquote>\n<p class=\" wall-content\">En 2024, en Bretagne, <strong>11\u2009000 actes SOS M\u00e9decins<\/strong> et <strong>5\u2009000 passages aux urgences<\/strong> ont \u00e9t\u00e9 enregistr\u00e9s pour des cas de grippe. \u00ab\u2009La plupart du temps ces personnes \u00e9taient non vaccin\u00e9es\u2009\u00bb, pr\u00e9cise Bertrand Gagni\u00e8re, m\u00e9decin \u00e9pid\u00e9miologiste Sant\u00e9 publique France. Ce m\u00eame hiver, en France, <strong>17\u2009000\u00a0personnes sont d\u00e9c\u00e9d\u00e9es<\/strong> apr\u00e8s avoir eu la grippe.<\/p>\n<p>Une campagne d\u2019invitation \u00e0 se faire vacciner<\/p>\n<p class=\" wall-content\">Alors pour faire mieux que l\u2019an pass\u00e9, l\u2019ARS Bretagne et l\u2019Assurance Maladie mettent les petits plats dans les grands. \u00ab\u2009Pr\u00e8s d\u2019<strong>un million d\u2019invitations<\/strong> [\u00e0 se faire vacciner, N.D.L.R.] ont \u00e9t\u00e9 envoy\u00e9es aux ressortissants de l\u2019Assurance Maladie\u2009\u00bb, annonce Nathalie Le Formal. 25,8\u2009% de ces destinataires ont re\u00e7u leur injection contre la grippe.<\/p>\n<p class=\" wall-content\">Pour am\u00e9liorer ce r\u00e9sultat, \u00ab\u2009on ne se contente pas seulement d\u2019envoyer une premi\u00e8re invitation, il y a un suivi avec <strong>des relances\u2009\u00bb,<\/strong> appuie Chryst\u00e8le Le Bihan, directrice de la coordination r\u00e9gionale de la gestion du risque, \u00e0 la CPAM 35.<\/p>\n<p class=\" wall-content\"><strong>Une particularit\u00e9<\/strong> est pr\u00e9vue dans le <a href=\"https:\/\/actu.fr\/morbihan\/\" target=\"_blank\" rel=\"noopener\">Morbihan<\/a>, avec \u00ab\u2009une <strong>campagne d\u2019appels<\/strong> sortants\u2009\u00bb \u00e0 destination des personnes cat\u00e9goris\u00e9es comme prioritaires pour la vaccination contre la grippe, \u00e0 savoir \u00ab\u2009les personnes en affection longue dur\u00e9e (ALD), ceux qui ont 65\u00a0ans cette ann\u00e9e et les femmes enceintes\u2009\u00bb, \u00e9num\u00e8re Chryst\u00e8le Le Bihan.<\/p>\n<p>Votre r\u00e9gion, votre actu !<\/p>\n<p>Recevez chaque jour les infos qui comptent pour vous.<\/p>\n<p>\t<a href=\"https:\/\/actu.fr\/newsletter\" class=\"ac-btn ac-btn--corner ac-btn--medium ac-btn--blue800\" target=\"_blank\" rel=\"noopener\">S&rsquo;incrire<\/a><br \/>\nPour qui le vaccin contre la grippe est conseill\u00e9 ?<\/p>\n<p>L&rsquo;ARS invite les publics suivant \u00e0 se faire vacciner contre la grippe durant la campagne vaccinale du 14 octobre 2025 au 31 janvier 2026 :<br \/>&#8211; toutes les personnes \u00e2g\u00e9es de 65 ans et plus ;<br \/>&#8211; les personnes, \u00e2g\u00e9es de 6 mois ou plus, atteintes de comorbidit\u00e9s ayant un risque plus \u00e9lev\u00e9 de forme grave de la maladie (maladies chroniques cardiaques, vasculaires, h\u00e9patiques, r\u00e9nales, pulmonaires, diab\u00e8te, ob\u00e9sit\u00e9, cancers, personnes ayant subi une greffe d\u2019organe solide ou de cellules souches h\u00e9matopo\u00ef\u00e9tiques) ;<br \/>&#8211; les personnes immunod\u00e9prim\u00e9es ;<br \/>&#8211; les femmes enceintes ; <br \/>&#8211; les r\u00e9sidents en \u00e9tablissements d\u2019h\u00e9bergement pour personnes \u00e2g\u00e9es d\u00e9pendantes (Ehpad) et unit\u00e9s de soins de longue dur\u00e9e (USLD) et les r\u00e9sidents en \u00e9tablissements pour personnes en situation de handicap ; <br \/>&#8211; les personnes \u00e0 tr\u00e8s haut risque de forme grave selon chaque situation m\u00e9dicale individuelle et dans le cadre d\u2019une d\u00e9cision partag\u00e9e avec les \u00e9quipes soignantes ; <br \/>&#8211; les personnes vivant dans l\u2019entourage ou en contacts r\u00e9guliers avec des personnes immunod\u00e9prim\u00e9es ou vuln\u00e9rables, y compris les professionnels des secteurs sanitaire et m\u00e9dico-social ;<br \/>&#8211; les professionnels de sant\u00e9 et du secteur m\u00e9dico-social, tr\u00e8s expos\u00e9s, qui peuvent se contaminer entre eux et contaminer leurs patients ;<br \/>&#8211; les professionnels expos\u00e9s aux virus influenza porcins et aviaires.<\/p>\n<p class=\" wall-content\">\u00ab\u2009C\u2019est un sujet de sant\u00e9 publique. La grippe peut \u00eatre <strong>source de forte tension sur le syst\u00e8me de sant\u00e9<\/strong> \u00e0 cette p\u00e9riode\u2009\u00bb o\u00f9 les virus respiratoires circulent et durant laquelle le personnel soignant est fortement sollicit\u00e9.<\/p>\n<p>La vaccination des professionnels de sant\u00e9 en baisse<\/p>\n<p class=\" wall-content\">Personnel soignant qui est d\u2019ailleurs fortement invit\u00e9 \u00e0 se faire vacciner contre le virus. En effet, la <strong>couverture vaccinale des professionnels est insuffisante<\/strong> et diminue chaque ann\u00e9e. En moyenne, \u00ab\u2009un professionnel de sant\u00e9 sur cinq (au contact de patients ou de r\u00e9sidents en Ehpad) est vaccin\u00e9. Ce qui est tr\u00e8s peu\u2009\u00bb, alerte Nathalie Le Formal.<\/p>\n<p class=\" wall-content\">Un chiffre <strong>loin des recommandations<\/strong> de l\u2019Organisation mondiale de la sant\u00e9 (OMS) qui pr\u00e9conise une couverture vaccinale de <strong>75\u2009%.<\/strong><\/p>\n<p class=\" wall-content\">Alors \u00e0 l\u2019<a href=\"https:\/\/actu.fr\/tag\/chu-de-rennes\" target=\"_blank\" rel=\"noopener\">h\u00f4pital Pontchaillou<\/a>, la direction tente de \u00ab\u2009simplifier l\u2019acc\u00e8s \u00e0 la vaccination\u2009\u00bb, avec par exemple la possibilit\u00e9 pour le personnel de nuit de <strong>se faire vacciner sur ses horaires de travail,<\/strong> ce qui \u00e9vite de revenir au CHU en journ\u00e9e.<\/p>\n<p class=\" wall-content\">\u00ab\u2009On insiste aussi sur le fait que c\u2019est s\u00fbr que l\u2019on va rencontrer la grippe si on travaille \u00e0 l\u2019h\u00f4pital\u2009\u00bb, poursuit le professeur Pierre Tattevin.<\/p>\n<blockquote class=\"ac-article-quote wall-content\">\n<p>M\u00eame si on respecte les r\u00e8gles et les gestes barri\u00e8res en tant que soignant, sans \u00eatre vaccin\u00e9, cela ne suffit pas car on est contagieux 24 heures avant l&rsquo;apparition des premiers sympt\u00f4mes. <\/p>\n<p>    <strong>Pierre Tattevin<\/strong><br \/>\n        Professeur au CHU Pontchaillou de Rennes et m\u00e9decin infectiologue    <\/p><\/blockquote>\n<p>R\u00e9duire les barri\u00e8res pour passer le cap du vaccin<\/p>\n<p class=\" wall-content\">Alors pourquoi professionnels de sant\u00e9 comme particuliers n\u2019ont pas le reflex (ou l\u2019envie) de se faire vacciner contre ce virus\u2009? L\u2019ARS Bretagne a men\u00e9 une <strong>enqu\u00eate sur l\u2019h\u00e9sitation vaccinale<\/strong> aupr\u00e8s des professionnels de sant\u00e9.<\/p>\n<p class=\" wall-content\">\u00ab\u2009La <strong>confiance<\/strong> dans le vaccin, la faible <strong>perception du risque,<\/strong> l\u2019<strong>acc\u00e8s<\/strong> au vaccin, l\u2019int\u00e9r\u00eat collectif, ou la confiance dans le syst\u00e8me, ce qui vient des autorit\u00e9s\u2009\u00bb sont les principaux axes qui en d\u00e9coulent.<\/p>\n<blockquote class=\"ac-article-quote wall-content\">\n<p>Il y a beaucoup d&rsquo;affect autour du vaccin. Il faut remettre de la rationalit\u00e9 : la grippe revient tous les ans avec un exc\u00e8s de mortalit\u00e9. On a tout ce qu&rsquo;il faut pour \u00e9viter de faire circuler le virus et \u00eatre fragilis\u00e9 par l&rsquo;infection.<\/p>\n<p>    <strong>Nathalie Le Formal<\/strong><br \/>\n        Directrice de la Sant\u00e9 publique, \u00e0 l&rsquo;Agence r\u00e9gionale de sant\u00e9 Bretagne    <\/p><\/blockquote>\n<p class=\" wall-content\">Pour comprendre \u00e9galement ce qui peut freiner les particuliers, il faut \u00ab\u2009prendre en compte les usagers pour savoir <strong>comment r\u00e9duire les barri\u00e8res<\/strong>\u2009\u00bb entre eux et l\u2019acc\u00e8s au vaccin, d\u00e9voile Thierry Prestel, vice-pr\u00e9sident de la commission pr\u00e9vention de la Conf\u00e9rence r\u00e9gionale de la sant\u00e9 et de l\u2019autonomie (CRSA).<\/p>\n<p class=\" wall-content\">Mais ce n\u2019est pas tout. Le m\u00e9decin \u00e9pid\u00e9miologiste, Bertrand Gagni\u00e8re a pu observer que les patients n\u2019ont<strong> \u00ab\u2009pas conscience des cons\u00e9quences d\u2019une infection virale\u2009\u00bb.<\/strong><\/p>\n<p class=\" wall-content\">\u00ab\u2009La grippe s\u2019inscrit dans un \u00e9cosyst\u00e8me d\u2019autres maladies, telles que la <a href=\"https:\/\/actu.fr\/societe\/coronavirus\" target=\"_blank\" rel=\"noopener\">Covid<\/a>, la <a href=\"https:\/\/actu.fr\/societe\/bronchiolite-pourquoi-il-n-y-a-pas-que-les-enfants-qui-doivent-se-faire-vacciner-pour-eviter-l-hopital_61855252.html\" target=\"_blank\" rel=\"noopener\">bronchiolite<\/a>\u2026\u2009\u00bb<\/p>\n<blockquote class=\"ac-article-quote wall-content\">\n<p>C&rsquo;est une temp\u00eate immunitaire, qui peut entra\u00eener des AVC (accident vasculaire c\u00e9r\u00e9bral) ou des infarctus du myocarde.<\/p>\n<p>    <strong>Bertrand Gagni\u00e8re<\/strong><br \/>\n        M\u00e9decin \u00e9pid\u00e9miologiste Sant\u00e9 publique France    <\/p><\/blockquote>\n<p class=\" wall-content\"><strong>\u00ab\u2009La grippe est un motif d\u2019admission en r\u00e9animation\u2009\u00bb,<\/strong> appuie le professeur Pierre Tattevin, du CHU Pontchaillou \u00e0 Rennes.<\/p>\n<p class=\" wall-content\">\u00ab\u2009Chez les personnes \u00e2g\u00e9es, les infections virales sont souvent associ\u00e9es \u00e0 un <strong>d\u00e9clin cognitif<\/strong> et \u00e0 une diminution de l\u2019autonomie. On est vivant, mais plus dans le m\u00eame \u00e9tat\u2009\u00bb, poursuit Bertrand Gagni\u00e8re.<\/p>\n<p>Pas encore d\u2019\u00e9pid\u00e9mie en France<\/p>\n<p class=\" wall-content\">En France, <strong>aucune activit\u00e9 \u00e9pid\u00e9mique<\/strong> concernant la grippe n\u2019est recens\u00e9e \u00e0 ce jour, selon l\u2019ARS. Toutefois, \u00ab\u2009en Grande-Bretagne, le d\u00e9but de l\u2019\u00e9pid\u00e9mie a \u00e9t\u00e9 pr\u00e9coce et brutal, constate le m\u00e9decin \u00e9pid\u00e9miologiste. La souche qui circule <strong>(H3N2)<\/strong> se traduit souvent en France par une <strong>forme plus agressive pour les personnes \u00e2g\u00e9es<\/strong> que pour la souche H1N1.\u2009\u00bb Bertrand Gagni\u00e8re remarque \u00e9galement que si l\u2019Hexagone est encore en \u00ab\u2009p\u00e9riode pr\u00e9-\u00e9pid\u00e9mique, <strong>cela fr\u00e9mit en Bretagne<\/strong>\u2009\u00bb.<\/p>\n<p class=\" wall-content\">L\u2019hiver dernier la p\u00e9riode d\u2019\u00e9pid\u00e9mie a \u00e9t\u00e9 \u00ab\u2009assez longue\u2009\u00bb avec 12 semaines comptabilis\u00e9es, de <strong>d\u00e9but d\u00e9cembre\u00a02024 \u00e0 fin f\u00e9vrier\u00a02025.<\/strong><\/p>\n<p class=\" wall-content\">Le vaccin met environ <strong>deux semaines avant d\u2019\u00eatre totalement efficace.<\/strong> \u00ab\u2009Se vacciner maintenant, c\u2019est se prot\u00e9ger pour le c\u0153ur de l\u2019hiver\u2009\u00bb, encourage donc l\u2019ARS Bretagne.<\/p>\n<p class=\" wall-content\">Et bien que \u00ab\u2009l\u2019<strong>efficacit\u00e9<\/strong> moyenne du vaccin se situe autour de <strong>50\u2009%<\/strong>\u2009\u00bb, si une personne vaccin\u00e9e contracte la grippe, elle d\u00e9veloppera une<strong> forme \u00ab\u2009moins grave et moins contagieuse\u2009\u00bb<\/strong> que sans vaccin, abonde le professeur Pierre Tattevin. \u00ab\u2009Avoir la grippe malgr\u00e9 le vaccin ne doit pas \u00eatre v\u00e9cu comme un \u00e9chec\u2009\u00bb, conclut le professionnel du CHU de Rennes.<\/p>\n<p>Le vaccin contre la grippe est pris en charge \u00e0 100\u2009% par l\u2019Assurance Maladie, pour les personnes cibl\u00e9es par la campagne. La vaccination peut \u00eatre r\u00e9alis\u00e9e par un m\u00e9decin, un pharmacien, une sage-femme ou un infirmier.<br \/>\nPlus d\u2019informations sur la campagne de vaccination grippe sur <a href=\"https:\/\/www.ameli.fr\/assure\/sante\/assurance-maladie\/campagnes-vaccination\/vaccination-grippe\" target=\"_blank\" rel=\"noopener\">le site Ameli<\/a>.<br \/>\nPlus d\u2019informations sur les gestes barri\u00e8res sur le site de <a href=\"https:\/\/www.santepubliquefrance.fr\/les-actualites\/2025\/port-du-masque-lavage-des-mains-et-aeration-des-pieces-cet-hiver-retrouvons-le-reflexe-des-gestes-barrieres\" target=\"_blank\" rel=\"noopener\">Sant\u00e9 publique France<\/a>.<\/p>\n<p class=\" wall-content\">Personnalisez votre actualit\u00e9 en ajoutant vos villes et m\u00e9dias en favori avec <a href=\"https:\/\/moncompte.actu.fr\" title=\"D\u00e9couvez Mon Actu\" rel=\"nofollow noopener\" data-trk=\"{&quot;cta&quot;:{&quot;action&quot;:&quot;https:\\\/\\\/moncompte.actu.fr&quot;,&quot;category&quot;:&quot;mon compte&quot;,&quot;from&quot;:&quot;article footer&quot;,&quot;name&quot;:&quot;Mon actu&quot;,&quot;type&quot;:&quot;cta&quot;}}\" target=\"_blank\">Mon Actu<\/a>.<\/p>\n","protected":false},"excerpt":{"rendered":"Par Cl\u00e9mence Pays Publi\u00e9 le 29 nov. 2025 \u00e0 14h21 342\u2009165. C\u2019est le nombre de vaccins contre la&hellip;\n","protected":false},"author":2,"featured_media":566726,"comment_status":"","ping_status":"","sticky":false,"template":"","format":"standard","meta":{"footnotes":""},"categories":[2821],"tags":[1111,11,829,1777,674,1011,27,29786,12,584,25,71,104],"class_list":{"0":"post-566725","1":"post","2":"type-post","3":"status-publish","4":"format-standard","5":"has-post-thumbnail","7":"category-rennes","8":"tag-actu","9":"tag-actualites","10":"tag-bretagne","11":"tag-eu","12":"tag-europe","13":"tag-fr","14":"tag-france","15":"tag-grippe","16":"tag-news","17":"tag-rennes","18":"tag-republique-francaise","19":"tag-sante","20":"tag-societe"},"share_on_mastodon":{"url":"https:\/\/pubeurope.com\/@fr\/115633233858221496","error":""},"_links":{"self":[{"href":"https:\/\/www.europesays.com\/fr\/wp-json\/wp\/v2\/posts\/566725","targetHints":{"allow":["GET"]}}],"collection":[{"href":"https:\/\/www.europesays.com\/fr\/wp-json\/wp\/v2\/posts"}],"about":[{"href":"https:\/\/www.europesays.com\/fr\/wp-json\/wp\/v2\/types\/post"}],"author":[{"embeddable":true,"href":"https:\/\/www.europesays.com\/fr\/wp-json\/wp\/v2\/users\/2"}],"replies":[{"embeddable":true,"href":"https:\/\/www.europesays.com\/fr\/wp-json\/wp\/v2\/comments?post=566725"}],"version-history":[{"count":0,"href":"https:\/\/www.europesays.com\/fr\/wp-json\/wp\/v2\/posts\/566725\/revisions"}],"wp:featuredmedia":[{"embeddable":true,"href":"https:\/\/www.europesays.com\/fr\/wp-json\/wp\/v2\/media\/566726"}],"wp:attachment":[{"href":"https:\/\/www.europesays.com\/fr\/wp-json\/wp\/v2\/media?parent=566725"}],"wp:term":[{"taxonomy":"category","embeddable":true,"href":"https:\/\/www.europesays.com\/fr\/wp-json\/wp\/v2\/categories?post=566725"},{"taxonomy":"post_tag","embeddable":true,"href":"https:\/\/www.europesays.com\/fr\/wp-json\/wp\/v2\/tags?post=566725"}],"curies":[{"name":"wp","href":"https:\/\/api.w.org\/{rel}","templated":true}]}}