{"id":566729,"date":"2025-11-29T13:33:13","date_gmt":"2025-11-29T13:33:13","guid":{"rendered":"https:\/\/www.europesays.com\/fr\/566729\/"},"modified":"2025-11-29T13:33:13","modified_gmt":"2025-11-29T13:33:13","slug":"strasbourg-au-maillon-francois-gremaud-presente-un-theatre-ou-lon-pense-et-ou-lon-rit-2","status":"publish","type":"post","link":"https:\/\/www.europesays.com\/fr\/566729\/","title":{"rendered":"Strasbourg. Au Maillon, Fran\u00e7ois Gremaud pr\u00e9sente un th\u00e9\u00e2tre o\u00f9 l\u2019on pense et o\u00f9 l\u2019on rit"},"content":{"rendered":"<blockquote class=\"question\"><p>V <strong>ous cr\u00e9ez un th\u00e9\u00e2tre o\u00f9 l\u2019on rit, o\u00f9 l\u2019on pense. Quelle place occupent l\u2019humour et la joie dans votre travail\u00a0?<\/strong><\/p><\/blockquote>\n<p>\u00ab\u00a0Je crois que cela a \u00e0 voir avec une mani\u00e8re d\u2019\u00eatre au monde. J\u2019ai la chance d\u2019\u00eatre une personne plut\u00f4t joyeuse mais dans le sens presque philosophique du terme. Pour autant, je suis conscient du tragique de l\u2019existence. Mes parents me disent que j\u2019ai toujours \u00e9t\u00e9 quelqu\u2019un de plut\u00f4t rigolo.\u00a0\u00bb<\/p>\n<p><strong>Apr\u00e8s <a href=\"https:\/\/www.dna.fr\/culture-loisirs\/2022\/04\/21\/au-maillon-giselle-avec-joie?login=1\" target=\"_blank\" rel=\"noopener\">\u00a0 Giselle\u2026 ,<\/a> vous pr\u00e9sentez au <a href=\"https:\/\/maillon.eu\/paysage\/8.10-jours-avec-francois-gremaud\" target=\"_blank\" rel=\"noopener\">Maillon de Strasbourg<\/a> , Ph\u00e8dre\u00a0! sous la forme d\u2019une conf\u00e9rence\u00a0: comment conciliez-vous l\u2019aspect ludique et didactique\u00a0?<\/strong><\/p>\n<p>\u00ab\u00a0Si je suis tr\u00e8s honn\u00eate, cette dimension didactique doit s\u00fbrement venir du fait que j\u2019ai grandi avec un fr\u00e8re cadet sourd&#8230;.<\/p>\n","protected":false},"excerpt":{"rendered":"V ous cr\u00e9ez un th\u00e9\u00e2tre o\u00f9 l\u2019on rit, o\u00f9 l\u2019on pense. Quelle place occupent l\u2019humour et la joie&hellip;\n","protected":false},"author":2,"featured_media":566613,"comment_status":"","ping_status":"","sticky":false,"template":"","format":"standard","meta":{"footnotes":""},"categories":[2820],"tags":[1111,11,2389,1687,1777,674,107,1011,27,775,12,25,3140,640],"class_list":{"0":"post-566729","1":"post","2":"type-post","3":"status-publish","4":"format-standard","5":"has-post-thumbnail","7":"category-strasbourg","8":"tag-actu","9":"tag-actualites","10":"tag-alsace","11":"tag-culture-loisirs","12":"tag-eu","13":"tag-europe","14":"tag-fil-info","15":"tag-fr","16":"tag-france","17":"tag-grand-est","18":"tag-news","19":"tag-republique-francaise","20":"tag-spectacle","21":"tag-strasbourg"},"share_on_mastodon":{"url":"https:\/\/pubeurope.com\/@fr\/115633245710469338","error":""},"_links":{"self":[{"href":"https:\/\/www.europesays.com\/fr\/wp-json\/wp\/v2\/posts\/566729","targetHints":{"allow":["GET"]}}],"collection":[{"href":"https:\/\/www.europesays.com\/fr\/wp-json\/wp\/v2\/posts"}],"about":[{"href":"https:\/\/www.europesays.com\/fr\/wp-json\/wp\/v2\/types\/post"}],"author":[{"embeddable":true,"href":"https:\/\/www.europesays.com\/fr\/wp-json\/wp\/v2\/users\/2"}],"replies":[{"embeddable":true,"href":"https:\/\/www.europesays.com\/fr\/wp-json\/wp\/v2\/comments?post=566729"}],"version-history":[{"count":0,"href":"https:\/\/www.europesays.com\/fr\/wp-json\/wp\/v2\/posts\/566729\/revisions"}],"wp:featuredmedia":[{"embeddable":true,"href":"https:\/\/www.europesays.com\/fr\/wp-json\/wp\/v2\/media\/566613"}],"wp:attachment":[{"href":"https:\/\/www.europesays.com\/fr\/wp-json\/wp\/v2\/media?parent=566729"}],"wp:term":[{"taxonomy":"category","embeddable":true,"href":"https:\/\/www.europesays.com\/fr\/wp-json\/wp\/v2\/categories?post=566729"},{"taxonomy":"post_tag","embeddable":true,"href":"https:\/\/www.europesays.com\/fr\/wp-json\/wp\/v2\/tags?post=566729"}],"curies":[{"name":"wp","href":"https:\/\/api.w.org\/{rel}","templated":true}]}}