{"id":566730,"date":"2025-11-29T13:34:15","date_gmt":"2025-11-29T13:34:15","guid":{"rendered":"https:\/\/www.europesays.com\/fr\/566730\/"},"modified":"2025-11-29T13:34:15","modified_gmt":"2025-11-29T13:34:15","slug":"beaucoup-de-questions-mais-pas-dinquietude-selon-la-police","status":"publish","type":"post","link":"https:\/\/www.europesays.com\/fr\/566730\/","title":{"rendered":"beaucoup de questions, mais pas d\u2019inqui\u00e9tude, selon la police"},"content":{"rendered":"<p>  Dans un pot de fleurs<\/p>\n<p>Alors qu\u2019ils travaillaient \u00e0 l\u2019entretien de la v\u00e9g\u00e9tation, dans ce secteur des Ponts-Couverts, les professionnels sont tomb\u00e9s sur le pistolet automatique en \u00e9tat de fonctionnement, dans un pot de fleurs. \u00ab\u00a0Ils ont bien agi, salue Sylvain Andr\u00e9. Imm\u00e9diatement, ils ont s\u00e9curis\u00e9 le lieu et appel\u00e9 les forces de l\u2019ordre pour qu\u2019on puisse proc\u00e9der aux premi\u00e8res investigations.\u00a0\u00bb<\/p>\n<p>L\u2019enqu\u00eate, confi\u00e9e au service interd\u00e9partemental de la police judiciaire de Strasbourg, a rapidement permis d\u2019\u00e9tablir que l\u2019arme avait \u00e9t\u00e9 vol\u00e9e en 2022, dans le Haut-Rhin, au domicile d\u2019un particulier qui pratiquait le tir sportif.<\/p>\n<p>  Les investigations s\u2019annoncent compliqu\u00e9es<\/p>\n<p>\u00ab\u00a0Depuis combien de temps \u00e9tait-elle l\u00e0\u00a0? Qui l\u2019a mise\u00a0? Pourquoi\u00a0? On va essayer de r\u00e9pondre \u00e0 toutes ces questions dans les jours ou les semaines qui viennent\u00a0\u00bb, assure Emmanuel Georg, secr\u00e9taire d\u00e9partemental du syndicat de police Un1t\u00e9 67.<\/p>\n<p>Les investigations s\u2019annoncent compliqu\u00e9es. Les autorit\u00e9s ont saisi les images des cam\u00e9ras de vid\u00e9osurveillance de l\u2019Eurom\u00e9tropole de Strasbourg. \u00ab\u00a0Il faut v\u00e9rifier si on voit quelqu\u2019un s\u2019approcher du buisson\u00a0\u00bb dans les jours pr\u00e9c\u00e9dant la d\u00e9couverte. Sachant que les images ne sont g\u00e9n\u00e9ralement conserv\u00e9es que \u00ab\u00a096 heures\u00a0\u00bb, pr\u00e9cise Emmanuel Georg.<\/p>\n<p>  Tests ADN et analyses balistiques<\/p>\n<p>Des analyses de police technique et scientifique doivent \u00eatre effectu\u00e9es, en parall\u00e8le. \u00ab\u00a0Avec la pluie et les intemp\u00e9ries, l\u2019ADN dispara\u00eet vite, rel\u00e8ve le secr\u00e9taire d\u2019Un1t\u00e9 67. Si on a du bol, on va peut-\u00eatre trouver une trace sur une cartouche.\u00a0\u00bb Il croit davantage aux \u00ab\u00a0tests balistiques\u00a0\u00bb pour \u00ab\u00a0essayer de savoir si elle a servi sur un braquage, un meurtre\u2026 et retracer son histoire depuis 2022\u00a0\u00bb.<\/p>\n<p>Cette d\u00e9couverte n\u2019est \u00e9videmment pas sans rappeler <a href=\"https:\/\/www.dna.fr\/faits-divers-justice\/2024\/03\/06\/le-revolver-utilise-par-cherif-chekatt-etait-en-parfait-etat-de-marche-selon-l-expert-en-balistique\" target=\"_blank\" rel=\"noopener\">le revolver d\u2019ordonnance, lui aussi rouill\u00e9, qu\u2019avait utilis\u00e9 Cherif Chekatt<\/a> pour tuer cinq personnes le soir du 11\u00a0d\u00e9cembre 2018, au centre de Strasbourg. La police, elle, ne fait pas de raccourci. \u00ab\u00a0Ce n\u2019est pas la premi\u00e8re fois qu\u2019on trouve une arme dans un buisson. Pour l\u2019instant, c\u2019est une d\u00e9couverte comme on en a fait des dizaines\u00a0\u00bb, \u00e9vacue Emmanuel Georg.<\/p>\n<p>  \u00ab\u00a0Il ne faudrait pas que cette d\u00e9couverte remette en cause la s\u00e9curit\u00e9 du march\u00e9 de No\u00ebl\u00a0\u00bb<\/p>\n<p>Pendant les festivit\u00e9s, la presqu\u2019\u00eele du quartier de la Petite-France o\u00f9 a \u00e9t\u00e9 trouv\u00e9 le pistolet accueille le village de l\u2019avent, un espace d\u00e9di\u00e9 au jeune public. \u00ab\u00a0\u00c9videmment, si un enfant tombe dessus, \u00e7a peut vite d\u00e9raper. C\u2019est plus \u00e7a qui nous inqui\u00e8te.\u00a0\u00bb Sur le risque d\u2019attentat, \u00ab\u00a0on est assez sereins\u00a0\u00bb, assure le responsable syndical.<\/p>\n<p>\u00ab\u00a0Il ne faudrait pas que cette d\u00e9couverte remette en cause la s\u00e9curit\u00e9 du march\u00e9 de No\u00ebl\u00a0\u00bb, insiste Sylvain Andr\u00e9. Plusieurs centaines de policiers, CRS et gendarmes mobiles sont mobilis\u00e9s sur l\u2019\u00e9v\u00e9nement, avec le renfort des militaires de l\u2019op\u00e9ration Sentinelle. \u00ab\u00a0C\u2019est une mission prioritaire dans laquelle mes coll\u00e8gues sont pleinement investis. Ils sont d\u2019une grande rigueur et d\u2019un grand professionnalisme, assure le porte-parole du syndicat Alliance. Aussi bien le c\u00f4t\u00e9 visible avec les patrouilles et les forces d\u00e9ploy\u00e9es, que le c\u00f4t\u00e9 invisible avec les unit\u00e9s pr\u00eates \u00e0 intervenir au cas o\u00f9.\u00a0\u00bb<\/p>\n<p>  Les agents de\u00a0s\u00e9curit\u00e9 \u00ab\u00a0jet\u00e9s en p\u00e2ture sur les r\u00e9seaux sociaux\u00a0\u00bb<\/p>\n<p>Il regrette aussi que les agents de s\u00e9curit\u00e9 priv\u00e9e, charg\u00e9s de contr\u00f4ler les visiteurs entrant dans la Grande-\u00cele, soient \u00ab\u00a0jet\u00e9s en p\u00e2ture sur les r\u00e9seaux sociaux\u00a0\u00bb. Car \u00ab\u00a0on ne leur demande pas de v\u00e9rifier les affaires de l\u2019ensemble des personnes qui entrent sur le march\u00e9 de No\u00ebl\u00a0\u00bb, insiste-t-il. Une t\u00e2che qui serait aussi impossible que vaine.<\/p>\n","protected":false},"excerpt":{"rendered":"Dans un pot de fleurs Alors qu\u2019ils travaillaient \u00e0 l\u2019entretien de la v\u00e9g\u00e9tation, dans ce secteur des Ponts-Couverts,&hellip;\n","protected":false},"author":2,"featured_media":566731,"comment_status":"","ping_status":"","sticky":false,"template":"","format":"standard","meta":{"footnotes":""},"categories":[2820],"tags":[1111,11,2389,2649,2880,1777,674,274,107,1011,27,775,12,25,640,2879],"class_list":{"0":"post-566730","1":"post","2":"type-post","3":"status-publish","4":"format-standard","5":"has-post-thumbnail","7":"category-strasbourg","8":"tag-actu","9":"tag-actualites","10":"tag-alsace","11":"tag-bas-rhin","12":"tag-edition-strasbourg","13":"tag-eu","14":"tag-europe","15":"tag-faits-divers-justice","16":"tag-fil-info","17":"tag-fr","18":"tag-france","19":"tag-grand-est","20":"tag-news","21":"tag-republique-francaise","22":"tag-strasbourg","23":"tag-strasbourg-ville"},"share_on_mastodon":{"url":"https:\/\/pubeurope.com\/@fr\/115633249720338922","error":""},"_links":{"self":[{"href":"https:\/\/www.europesays.com\/fr\/wp-json\/wp\/v2\/posts\/566730","targetHints":{"allow":["GET"]}}],"collection":[{"href":"https:\/\/www.europesays.com\/fr\/wp-json\/wp\/v2\/posts"}],"about":[{"href":"https:\/\/www.europesays.com\/fr\/wp-json\/wp\/v2\/types\/post"}],"author":[{"embeddable":true,"href":"https:\/\/www.europesays.com\/fr\/wp-json\/wp\/v2\/users\/2"}],"replies":[{"embeddable":true,"href":"https:\/\/www.europesays.com\/fr\/wp-json\/wp\/v2\/comments?post=566730"}],"version-history":[{"count":0,"href":"https:\/\/www.europesays.com\/fr\/wp-json\/wp\/v2\/posts\/566730\/revisions"}],"wp:featuredmedia":[{"embeddable":true,"href":"https:\/\/www.europesays.com\/fr\/wp-json\/wp\/v2\/media\/566731"}],"wp:attachment":[{"href":"https:\/\/www.europesays.com\/fr\/wp-json\/wp\/v2\/media?parent=566730"}],"wp:term":[{"taxonomy":"category","embeddable":true,"href":"https:\/\/www.europesays.com\/fr\/wp-json\/wp\/v2\/categories?post=566730"},{"taxonomy":"post_tag","embeddable":true,"href":"https:\/\/www.europesays.com\/fr\/wp-json\/wp\/v2\/tags?post=566730"}],"curies":[{"name":"wp","href":"https:\/\/api.w.org\/{rel}","templated":true}]}}