{"id":566732,"date":"2025-11-29T13:35:16","date_gmt":"2025-11-29T13:35:16","guid":{"rendered":"https:\/\/www.europesays.com\/fr\/566732\/"},"modified":"2025-11-29T13:35:16","modified_gmt":"2025-11-29T13:35:16","slug":"ils-ne-veulent-pas-dun-parking-sous-le-square-wilson-a-nice","status":"publish","type":"post","link":"https:\/\/www.europesays.com\/fr\/566732\/","title":{"rendered":"ils ne veulent pas d\u2019un parking sous le square Wilson \u00e0 Nice"},"content":{"rendered":"<p class=\"fs-5 \">Si l\u2019on demandait finalement aux principaux int\u00e9ress\u00e9s ? Ce vendredi soir \u00e0 17 heures, alors que le soleil commence \u00e0 se coucher, le parc de la place Wilson ne d\u00e9semplit pas.<\/p>\n<p class=\"fs-5 \">Des enfants de tous les \u00e2ges s\u2019amusent sur les jeux, les b\u00e9b\u00e9s les regardent depuis leur poussette, des adolescents s\u2019enlacent sur un banc \u00e0 l\u2019abri des regards, des dames plus \u00e2g\u00e9es discutent\u2026 Bref, un v\u00e9ritable lieu de vie. Mais certains habitants sont inquiets : <a href=\"https:\/\/www.nicematin.com\/societe\/urbanisme\/parking-souterrain-place-wilson-a-nice-quatre-questions-pour-tout-comprendre-de-ce-projet-avec-gael-nofri-adjoint-au-maire-a-la-circulation-982759\" target=\"_blank\" rel=\"noopener\">la mairie ambitionne de construire un parking sous la place<\/a>.<\/p>\n<p class=\"fs-5 \">Elle pr\u00e9voit de commencer les travaux d\u00e9but 2026, pour une livraison en 2028. \u00ab O\u00f9 irons-nous pendant deux ans ? Aucun lieu de substitution ne nous est propos\u00e9. Et qu\u2019allons-nous trouver apr\u00e8s ? \u00bb, questionne C\u00e9dric Gonnet.<\/p>\n<p>                                                                                \u00ab La promenade du Paillon est un lieu de passage \u00bb<\/p>\n<p class=\"fs-5 \">P\u00e8re de deux petits gar\u00e7ons, il fait partie d\u2019un collectif de riverains oppos\u00e9s au projet de parking.<\/p>\n<p class=\"fs-5 \">Et il n\u2019est pas seul. Catherine est assistante maternelle. Elle a la charge de trois filles de 12, 18 et 24 mois.<\/p>\n<p class=\"fs-5 \">\u00ab Le parc Wilson est le seul o\u00f9 je peux m\u2019occuper de la plus jeune et surveiller les deux autres \u00bb, mart\u00e8le-t-elle. Impossible d\u2019atteindre cette tranquillit\u00e9 d\u2019esprit sur la promenade du Paillon.<\/p>\n<p class=\"fs-5 \">\u00ab C\u2019est un long couloir, un lieu de passage\u2026 Aucune assistante maternelle ne va l\u00e0-bas. Ici, les gens se connaissent et les enfants jouent entre eux \u00bb, assure Catherine.<\/p>\n<p class=\"fs-5 \">Et, pendant ce temps, les parents discutent. Morgane a emm\u00e9nag\u00e9 dans le quartier en septembre.<\/p>\n<p class=\"fs-5 \">Fra\u00eechement s\u00e9par\u00e9e du p\u00e8re de sa fille L\u00e9a, 22 mois, elle s\u2019est rapidement li\u00e9e d\u2019amiti\u00e9 avec Helena, une autre jeune maman.<\/p>\n<p class=\"fs-5 \">\u00ab Je suis all\u00e9e \u00e0 l\u2019anniversaire de sa fille. Ce parc est plus qu\u2019un espace vert, c\u2019est un endroit o\u00f9 parents et enfants peuvent d\u00e9compresser \u00bb, sourit-elle.<\/p>\n<p class=\"fs-5 \">Helena approuve. Tout en portant Lola, un an, dans ses bras, elle surveille sa petite deuxi\u00e8me, Julietta, \u00e2g\u00e9e de 2 ans et demi. \u00ab C\u2019est le seul parc du centre-ville o\u00f9 nos enfants sont en s\u00e9curit\u00e9. On demande juste \u00e0 la mairie de vraiment nous \u00e9couter \u00bb, soupire-t-elle.<\/p>\n<p>                                                                                Un parc qui abrite du soleil<\/p>\n<p class=\"fs-5 \">Il y a certes le square Durandy \u00e0 proximit\u00e9 mais aucun espace n\u2019y est d\u00e9di\u00e9 aux enfants. \u00ab Il y a trois points de sortie, deux bacs d\u2019eau, le tramway\u2026 Impensable \u00bb, ajoute Catherine.<\/p>\n<p class=\"fs-5 \">Et reprend : \u00ab On nous a ferm\u00e9 le jardin de la T\u00eate Carr\u00e9e, le jardin Marshall\u2026 Il ne nous reste que le parc Wilson. \u00bb<\/p>\n<p class=\"fs-5 \">D\u2019autant qu\u2019elle travaille aussi l\u2019\u00e9t\u00e9, pendant les fortes chaleurs. Or, \u00e0 Wilson, de grands arbres permettent un peu d\u2019ombre et de fra\u00eecheur.<\/p>\n<p class=\"fs-5 \">\u00ab \u00c0 partir de 16 h 15, il y a toujours un c\u00f4t\u00e9 pr\u00e9serv\u00e9 du soleil gr\u00e2ce aux rang\u00e9es d\u2019arbres, de part et d\u2019autre du parc \u00bb, pr\u00e9cisent Catherine et C\u00e9dric. Alors, pour sauver leur petit havre de paix, le collectif de riverains a publi\u00e9 une p\u00e9tition, qui regroupe plus de 250 signatures.<\/p>\n<p class=\"fs-5 \">Pour trouver la p\u00e9tition, vous pouvez saisir \u00ab<a href=\"https:\/\/www.change.org\/p\/sauvons-notre-parc-wilson-%C3%A0-nice-let-s-save-our-wilson-park-in-nice?recruiter=1394091455&amp;recruited_by_id=a6483130-b832-11f0-a833-89e93c324e35&amp;utm_source=share_petition&amp;utm_campaign=petition_dashboard&amp;utm_medium=copylink\" target=\"_blank\" rel=\"nofollow noopener\">\u00ab Sauvons notre parc Wilson \u00e0 Nice \/ Let\u2019s save our Wilson Park in Nice \u00bb<\/a> sur la plateforme Change.org.<\/p>\n<p>                                                                                Christian Estrosi : \u00ab Un v\u00e9ritable jardin urbain \u00bb<\/p>\n<p class=\"fs-5 \">R\u00e9guli\u00e8rement interrog\u00e9 sur ce projet, Christian Estrosi a adress\u00e9 un communiqu\u00e9 de presse \u00e0 Nice-Matin, ce vendredi, pour rappeler ses \u00ab engagements \u00bb : \u00ab Les arbres de la place Wilson seront int\u00e9gralement conserv\u00e9s, en particulier les ginkgo biloba et les platanes de l\u2019all\u00e9e Sandro-Pertini. \u00bb<\/p>\n<p class=\"fs-5 \">Le maire l\u2019assure : \u00ab Le futur parking garantira un niveau de stationnement compatible avec la vie locale sans sacrifier l\u2019environnement ni le patrimoine v\u00e9g\u00e9tal \u00bb. Celui qui brigue en mars un quatri\u00e8me mandat promet m\u00eame \u00ab un nouvel espace vert paysager, un v\u00e9ritable jardin urbain de respiration, largement v\u00e9g\u00e9talis\u00e9, dans la continuit\u00e9 de nos grandes r\u00e9alisations \u2014 Promenade du Paillon saison 2, trames vertes, jardin d\u2019Arm\u00e9nie, jardin Saint-Jean d\u2019Ang\u00e9ly, etc. \u00bb<\/p>\n<p class=\"fs-5 \">Une d\u00e9lib\u00e9ration actant son projet sera mise au vote vendredi prochain en conseil m\u00e9tropolitain.<\/p>\n","protected":false},"excerpt":{"rendered":"Si l\u2019on demandait finalement aux principaux int\u00e9ress\u00e9s ? Ce vendredi soir \u00e0 17 heures, alors que le soleil&hellip;\n","protected":false},"author":2,"featured_media":566733,"comment_status":"","ping_status":"","sticky":false,"template":"","format":"standard","meta":{"footnotes":""},"categories":[2819],"tags":[1111,11,1777,674,1011,27,12,2401,882,25],"class_list":{"0":"post-566732","1":"post","2":"type-post","3":"status-publish","4":"format-standard","5":"has-post-thumbnail","7":"category-nice","8":"tag-actu","9":"tag-actualites","10":"tag-eu","11":"tag-europe","12":"tag-fr","13":"tag-france","14":"tag-news","15":"tag-nice","16":"tag-provence-alpes-cote-dazur","17":"tag-republique-francaise"},"share_on_mastodon":{"url":"https:\/\/pubeurope.com\/@fr\/115633253666754771","error":""},"_links":{"self":[{"href":"https:\/\/www.europesays.com\/fr\/wp-json\/wp\/v2\/posts\/566732","targetHints":{"allow":["GET"]}}],"collection":[{"href":"https:\/\/www.europesays.com\/fr\/wp-json\/wp\/v2\/posts"}],"about":[{"href":"https:\/\/www.europesays.com\/fr\/wp-json\/wp\/v2\/types\/post"}],"author":[{"embeddable":true,"href":"https:\/\/www.europesays.com\/fr\/wp-json\/wp\/v2\/users\/2"}],"replies":[{"embeddable":true,"href":"https:\/\/www.europesays.com\/fr\/wp-json\/wp\/v2\/comments?post=566732"}],"version-history":[{"count":0,"href":"https:\/\/www.europesays.com\/fr\/wp-json\/wp\/v2\/posts\/566732\/revisions"}],"wp:featuredmedia":[{"embeddable":true,"href":"https:\/\/www.europesays.com\/fr\/wp-json\/wp\/v2\/media\/566733"}],"wp:attachment":[{"href":"https:\/\/www.europesays.com\/fr\/wp-json\/wp\/v2\/media?parent=566732"}],"wp:term":[{"taxonomy":"category","embeddable":true,"href":"https:\/\/www.europesays.com\/fr\/wp-json\/wp\/v2\/categories?post=566732"},{"taxonomy":"post_tag","embeddable":true,"href":"https:\/\/www.europesays.com\/fr\/wp-json\/wp\/v2\/tags?post=566732"}],"curies":[{"name":"wp","href":"https:\/\/api.w.org\/{rel}","templated":true}]}}