{"id":566734,"date":"2025-11-29T13:36:16","date_gmt":"2025-11-29T13:36:16","guid":{"rendered":"https:\/\/www.europesays.com\/fr\/566734\/"},"modified":"2025-11-29T13:36:16","modified_gmt":"2025-11-29T13:36:16","slug":"franck-haise-justifie-son-refus-de-demissionner","status":"publish","type":"post","link":"https:\/\/www.europesays.com\/fr\/566734\/","title":{"rendered":"Franck Haise justifie son refus de d\u00e9missionner"},"content":{"rendered":"<p>Le 17e match de suite sans victoire de l\u2019OGC Nice en coupes d\u2019Europe n\u2019aura pas \u00e9t\u00e9 celui de trop. Le Gym n\u2019a pourtant jamais exist\u00e9 \u00e0 Porto, fess\u00e9 3-0 en encaissant un premier but apr\u00e8s quelques secondes seulement. Apr\u00e8s ce match, <a href=\"https:\/\/www.footmercato.net\/a5825175857993646653-nice-franck-haise-a-propose-de-demissionner-apres-lom\" target=\"_blank\" rel=\"noopener\">Franck Haise avait r\u00e9v\u00e9l\u00e9 avoir propos\u00e9 son d\u00e9part<\/a> suite \u00e0 la pr\u00e9c\u00e9dente d\u00e9convenue, 5 jours plus t\u00f4t seulement, \u00e0 domicile, face \u00e0 l\u2019OM (5-1). \u00abJ\u2019ai propos\u00e9 \u00e0 mes dirigeants d\u2019\u00eatre l\u2019\u00e9lectrochoc apr\u00e8s Marseille, mais ce n\u2019\u00e9tait pas le moment sinon je ne serais pas devant vous. Pas de d\u00e9mission non, mais j\u2019assume mes responsabilit\u00e9s.\u00bb<\/p>\n<p>            La suite apr\u00e8s cette publicit\u00e9<\/p>\n<p>Comme nous vous le r\u00e9v\u00e9lions hier matin, <a href=\"https:\/\/www.footmercato.net\/a1397944920670615654-nice-les-vraies-raisons-du-non-depart-de-franck-haise\" target=\"_blank\" rel=\"noopener\">Fabrice Bocquet a refus\u00e9 et pour plusieurs raisons<\/a>. Le pr\u00e9sident du Gym estime que ce n\u2019est pas la meilleure solution. Il garde sa confiance en un entra\u00eeneur qu\u2019il a fait prolonger jusqu\u2019en 2029 pas plus tard qu\u2019en septembre dernier. On en arrive \u00e0 l\u2019autre point. En refusant de d\u00e9missionner (comme la tr\u00e8s grande majorit\u00e9 des entra\u00eeneurs en manque de r\u00e9sultats), mais en acceptant le licenciement, <a href=\"https:\/\/www.footmercato.net\/entraineur\/franck-haise\" target=\"_blank\" rel=\"noopener\">Haise<\/a> aurait touch\u00e9 plusieurs millions d\u2019euros d\u2019indemnit\u00e9s, lui qui touche 200 000 euros brut par mois. Par les temps qui court, le club ne peut pas se le permettre.<\/p>\n<p>            La suite apr\u00e8s cette publicit\u00e9<\/p>\n<p>        \u00abD\u00e9missionner voudrait dire que je suis le seul et unique responsable\u00bb<\/p>\n<p>\u00abL\u2019\u00e9l\u00e9ctrochoc\u00bb propos\u00e9 par Haise sera pour une autre fois. \u00abSi j\u2019ai dit \u00e7a, c\u2019est parce que c\u2019est la r\u00e9alit\u00e9, revient le coach azur\u00e9en en conf\u00e9rence de presse ce samedi avant de se d\u00e9placer \u00e0 Lorient (17h15). Je l\u2019avais dit aux joueurs en amont. C\u2019\u00e9tait pour expliquer, quand les journalistes parlent de leviers, que c\u2019\u00e9tait l\u2019un des leviers. J\u2019ai dit que je ne d\u00e9missionnerai pas. D\u00e9missionner voudrait dire que je suis le seul et unique responsable, ou que je consid\u00e8re que je suis le seul et unique responsable. Je n\u2019enl\u00e8ve pas ma responsabilit\u00e9. En je ne vais pas d\u00e9missionner, on est tous responsables.\u00bb<\/p>\n<p>Le coach ne se d\u00e9douane pas mais la responsabilit\u00e9 est collective, staff technique et joueurs compris. \u00abJe pense qu\u2019on est tous responsables de la situation. J\u2019\u00e9change avec les joueurs. Vous dire qu\u2019ils sont tous satisfaits\u2026 c\u2019est comme dans tout groupe. Je sais qu\u2019ils ont l\u2019envie et qu\u2019ils sont concern\u00e9s. Ils sont \u00e9videmment affect\u00e9s, il n\u2019y a pas de doute. C\u2019est d\u2019abord dur pour eux. On peut les critiquer, mais je sais qu\u2019ils sont affect\u00e9s, et chacun l\u2019exprime \u00e0 sa mani\u00e8re. Dans leur tr\u00e8s grande majorit\u00e9, ils ont envie de faire\u00bb, assure-t-il, frustr\u00e9 par la situation sportive de son \u00e9quipe.<\/p>\n<p>            La suite apr\u00e8s cette publicit\u00e9<\/p>\n<p>        \u00abSi je devais partir, je ne toucherai pas la totalit\u00e9 de mes indemnit\u00e9s\u00bb<\/p>\n<p>Il poursuit, expliquant qu\u2019il ne toucherait pas la totalit\u00e9 des 43 mois de salaires restants en cas de licenciement, comme c\u2019est le cas dans la plupart des proc\u00e9dures. \u00ab\u00c7a fait partie de la r\u00e9alit\u00e9. Ceux qui connaissent mon contrat au club savent tr\u00e8s bien que m\u00eame si je devais partir, je ne toucherai pas la totalit\u00e9 de mes indemnit\u00e9s. Et de loin. Mais c\u2019est une r\u00e9alit\u00e9. Si j\u2019\u00e9tais s\u00fbr \u00e0 100% d\u2019\u00eatre le seul responsable de la situation, intellectuellement, je devrais d\u00e9missionner, mais ce n\u2019est pas le cas, je le r\u00e9p\u00e8te.\u00bb D\u00e9j\u00e0 \u00e9limin\u00e9 en Ligue Europa apr\u00e8s 5 d\u00e9faites en autant de matchs, <a href=\"https:\/\/www.footmercato.net\/club\/ogc-nice\/\" target=\"_blank\" rel=\"noopener\">Nice<\/a> aligne \u00e9galement une s\u00e9rie de 5 d\u00e9faites cons\u00e9cutives toutes comp\u00e9titions confondues et occupe <a href=\"https:\/\/www.footmercato.net\/france\/ligue-1\/classement\" target=\"_blank\" rel=\"noopener\">la 9e place de Ligue 1<\/a>. Il est grand temps de r\u00e9agir.<\/p>\n<p>\n    Pub. le 29\/11\/2025 13:45<br \/>\n            &#8211; MAJ le 29\/11\/2025 14:09\n    <\/p>\n","protected":false},"excerpt":{"rendered":"Le 17e match de suite sans victoire de l\u2019OGC Nice en coupes d\u2019Europe n\u2019aura pas \u00e9t\u00e9 celui de&hellip;\n","protected":false},"author":2,"featured_media":566735,"comment_status":"","ping_status":"","sticky":false,"template":"","format":"standard","meta":{"footnotes":""},"categories":[2819],"tags":[1111,11,1777,674,1011,27,12,2401,882,25],"class_list":{"0":"post-566734","1":"post","2":"type-post","3":"status-publish","4":"format-standard","5":"has-post-thumbnail","7":"category-nice","8":"tag-actu","9":"tag-actualites","10":"tag-eu","11":"tag-europe","12":"tag-fr","13":"tag-france","14":"tag-news","15":"tag-nice","16":"tag-provence-alpes-cote-dazur","17":"tag-republique-francaise"},"share_on_mastodon":{"url":"https:\/\/pubeurope.com\/@fr\/115633257508000325","error":""},"_links":{"self":[{"href":"https:\/\/www.europesays.com\/fr\/wp-json\/wp\/v2\/posts\/566734","targetHints":{"allow":["GET"]}}],"collection":[{"href":"https:\/\/www.europesays.com\/fr\/wp-json\/wp\/v2\/posts"}],"about":[{"href":"https:\/\/www.europesays.com\/fr\/wp-json\/wp\/v2\/types\/post"}],"author":[{"embeddable":true,"href":"https:\/\/www.europesays.com\/fr\/wp-json\/wp\/v2\/users\/2"}],"replies":[{"embeddable":true,"href":"https:\/\/www.europesays.com\/fr\/wp-json\/wp\/v2\/comments?post=566734"}],"version-history":[{"count":0,"href":"https:\/\/www.europesays.com\/fr\/wp-json\/wp\/v2\/posts\/566734\/revisions"}],"wp:featuredmedia":[{"embeddable":true,"href":"https:\/\/www.europesays.com\/fr\/wp-json\/wp\/v2\/media\/566735"}],"wp:attachment":[{"href":"https:\/\/www.europesays.com\/fr\/wp-json\/wp\/v2\/media?parent=566734"}],"wp:term":[{"taxonomy":"category","embeddable":true,"href":"https:\/\/www.europesays.com\/fr\/wp-json\/wp\/v2\/categories?post=566734"},{"taxonomy":"post_tag","embeddable":true,"href":"https:\/\/www.europesays.com\/fr\/wp-json\/wp\/v2\/tags?post=566734"}],"curies":[{"name":"wp","href":"https:\/\/api.w.org\/{rel}","templated":true}]}}