{"id":566736,"date":"2025-11-29T13:37:40","date_gmt":"2025-11-29T13:37:40","guid":{"rendered":"https:\/\/www.europesays.com\/fr\/566736\/"},"modified":"2025-11-29T13:37:40","modified_gmt":"2025-11-29T13:37:40","slug":"on-a-montre-quon-etait-solide-energie-de-nantes-le-succes-de-citoyens-devenus","status":"publish","type":"post","link":"https:\/\/www.europesays.com\/fr\/566736\/","title":{"rendered":"\u00ab\u00a0On a montr\u00e9 qu\u2019on \u00e9tait solide \u00bb : \u00c9nergie de Nantes, le succ\u00e8s de citoyens devenus"},"content":{"rendered":"<tr wp_automatic_readability=\"6.890625\">\n<td valign=\"middle\" align=\"center\" class=\"col-logo\" wp_automatic_readability=\"5\">\n    <img decoding=\"async\" src=\"https:\/\/maville.com\/design\/images\/logo-of-monetise.svg?version=20130627\" alt=\"logo Ouest-France\" height=\"66\"\/><\/p>\n<p>Contenu r\u00e9serv\u00e9 aux abonn\u00e9s<\/p>\n<\/td>\n<td class=\"col-titre\">\n\t\t\tVendredi 28 novembre 2025 08:30<br \/>\n\t\t\t<a class=\"icon-bulle sizeL count\" href=\"#ancreAvis\"><br \/>\n\t&#8230;<br \/>\n<\/a><\/td>\n<\/tr>\n<p>\t\t<a class=\"mavillebox2 elmt-photo\" href=\"https:\/\/maville.com\/photosmvi\/2025\/11\/28\/P35607207D7084436G.jpg\" title=\" Ana\u00efs Levet, \u00c9lodie Lancar et Arthur, producteurs et fournisseurs b\u00e9n\u00e9voles d\u2019\u00e9lectricit\u00e9 au sein de l\u2019association \u00c9nergie de Nantes. \u00ab\u00a0On r\u00e9volutionne des choses et on montre que c\u2019est possible.\u00a0\u00bb  \u00a9  Ouest-France  \" rel=\"galerie_actu noopener\" target=\"_blank\"><br \/>\n\t<img decoding=\"async\" src=\"https:\/\/www.europesays.com\/fr\/wp-content\/uploads\/2025\/11\/P35607207D7084436G_crop_640-330_.jpg\" alt=\"photo  ana\u00efs levet, \u00e9lodie lancar et arthur, producteurs et fournisseurs b\u00e9n\u00e9voles d\u2019\u00e9lectricit\u00e9 au sein de l\u2019association \u00e9nergie de nantes. \u00ab\u00a0on r\u00e9volutionne des choses et on montre que c\u2019est possible.\u00a0\u00bb  \u00a9  ouest-france \"\/><br \/>\n\t2<br \/>\n<\/a><\/p>\n<p class=\"elmt-legende\"> Ana\u00efs Levet, \u00c9lodie Lancar et Arthur, producteurs et fournisseurs b\u00e9n\u00e9voles d\u2019\u00e9lectricit\u00e9 au sein de l\u2019association \u00c9nergie de Nantes. \u00ab\u00a0On r\u00e9volutionne des choses et on montre que c\u2019est possible.\u00a0\u00bb  \u00a9  Ouest-France  <\/p>\n<p><a class=\"mavillebox2\" href=\"https:\/\/maville.com\/photosmvi\/2025\/11\/28\/P35607208D7084436G.jpg\" title=\"Le moulin d\u2019Angreviers \u00e0 Gorges pr\u00e8s de Nantes appartient \u00e0 \u00c9nergie de Nantes pour produire de l\u2019\u00e9lectricit\u00e9. La turbine qui a cass\u00e9 doit \u00eatre remplac\u00e9e par une roue \u00e0 aubes. \u00a9  EDN \" rel=\"galerie_actu noopener\" target=\"_blank\"><\/p>\n<p>\t\tDepuis un peu plus d\u2019un an, \u00c9nergie de Nantes produit et vend son \u00e9lectricit\u00e9 renouvelable \u00e0 un millier de personnes. Une communaut\u00e9 de citoyens, unique en France qui croie en l\u2019avenir des moulins.<\/p>\n<p><b>Cet article est r\u00e9serv\u00e9 aux abonn\u00e9s<\/b><\/p>\n<p>Pour un acc\u00e8s imm\u00e9diat, abonnez-vous<\/p>\n<p><b>1\u00e8re semaine offerte<\/b><\/p>\n<p>\t\t Marylise Couraud \u00a0\u00a0<br \/>\n\t\tOuest-France<\/p>\n<p>Retrouvez d&rsquo;autres actus sur les communes de :<\/p>\n<p>\t\t&#13;<\/p>\n","protected":false},"excerpt":{"rendered":"Contenu r\u00e9serv\u00e9 aux abonn\u00e9s Vendredi 28 novembre 2025 08:30 &#8230; 2 Ana\u00efs Levet, \u00c9lodie Lancar et Arthur, producteurs&hellip;\n","protected":false},"author":2,"featured_media":566737,"comment_status":"","ping_status":"","sticky":false,"template":"","format":"standard","meta":{"footnotes":""},"categories":[2818],"tags":[1111,11,28489,29174,579,893,1777,674,68195,1011,27,15422,766,12,2636,9576,25,6689,15526,6006,9693],"class_list":{"0":"post-566736","1":"post","2":"type-post","3":"status-publish","4":"format-standard","5":"has-post-thumbnail","7":"category-nantes","8":"tag-actu","9":"tag-actualites","10":"tag-citoyens","11":"tag-devenus","12":"tag-electricite","13":"tag-energie","14":"tag-eu","15":"tag-europe","16":"tag-fournisseurs","17":"tag-fr","18":"tag-france","19":"tag-montre","20":"tag-nantes","21":"tag-news","22":"tag-pays-de-la-loire","23":"tag-qu","24":"tag-republique-francaise","25":"tag-roche","26":"tag-solide","27":"tag-succes","28":"tag-yon"},"share_on_mastodon":{"url":"https:\/\/pubeurope.com\/@fr\/115633262193564593","error":""},"_links":{"self":[{"href":"https:\/\/www.europesays.com\/fr\/wp-json\/wp\/v2\/posts\/566736","targetHints":{"allow":["GET"]}}],"collection":[{"href":"https:\/\/www.europesays.com\/fr\/wp-json\/wp\/v2\/posts"}],"about":[{"href":"https:\/\/www.europesays.com\/fr\/wp-json\/wp\/v2\/types\/post"}],"author":[{"embeddable":true,"href":"https:\/\/www.europesays.com\/fr\/wp-json\/wp\/v2\/users\/2"}],"replies":[{"embeddable":true,"href":"https:\/\/www.europesays.com\/fr\/wp-json\/wp\/v2\/comments?post=566736"}],"version-history":[{"count":0,"href":"https:\/\/www.europesays.com\/fr\/wp-json\/wp\/v2\/posts\/566736\/revisions"}],"wp:featuredmedia":[{"embeddable":true,"href":"https:\/\/www.europesays.com\/fr\/wp-json\/wp\/v2\/media\/566737"}],"wp:attachment":[{"href":"https:\/\/www.europesays.com\/fr\/wp-json\/wp\/v2\/media?parent=566736"}],"wp:term":[{"taxonomy":"category","embeddable":true,"href":"https:\/\/www.europesays.com\/fr\/wp-json\/wp\/v2\/categories?post=566736"},{"taxonomy":"post_tag","embeddable":true,"href":"https:\/\/www.europesays.com\/fr\/wp-json\/wp\/v2\/tags?post=566736"}],"curies":[{"name":"wp","href":"https:\/\/api.w.org\/{rel}","templated":true}]}}