{"id":566738,"date":"2025-11-29T13:38:18","date_gmt":"2025-11-29T13:38:18","guid":{"rendered":"https:\/\/www.europesays.com\/fr\/566738\/"},"modified":"2025-11-29T13:38:18","modified_gmt":"2025-11-29T13:38:18","slug":"mangala-sera-dans-le-groupe-contre-nantes","status":"publish","type":"post","link":"https:\/\/www.europesays.com\/fr\/566738\/","title":{"rendered":"Mangala sera dans le groupe contre Nantes"},"content":{"rendered":"<p>                            <img width=\"770\" height=\"433\" src=\"https:\/\/www.europesays.com\/fr\/wp-content\/uploads\/2025\/11\/IMG_2924-770x433.jpg\" class=\"attachment-article size-article wp-post-image\" alt=\"Orel Mangala \u00e0 l'entra\u00eenement de l'OL\" decoding=\"async\" fetchpriority=\"high\"  \/><\/p>\n<p>Orel Mangala \u00e0 l\u2019entra\u00eenement de l\u2019OL (cr\u00e9dit : David Hernandez)<\/p>\n<p>Absent depuis f\u00e9vrier dernier suite \u00e0 une rupture du ligament crois\u00e9 \u00e0 Everton, Orel Mangala va retrouver le groupe de l\u2019OL ce dimanche. Le Belge est disponible contre le FC Nantes.<\/p>\n<p>C\u2019est un retour qui \u00e9tait attendu depuis quelques semaines d\u00e9j\u00e0. Aper\u00e7u d\u00e9but septembre avec le reste de l&rsquo;effectif pour un entra\u00eenement ouvert au public, Orel\u00a0<strong>Mangala<\/strong>\u00a0n\u2019\u00e9tait pourtant toujours pas\u00a0pr\u00e9sent dans les groupes retenus par Paulo Fonseca. Le coach portugais avait sous-entendu qu\u2019il y avait eu des complications pour le Belge ces derni\u00e8res semaines, notamment avec un genou qui gonfle. Seulement, l\u2019attente va prendre fin dans les prochaines heures, comme l\u2019a confirm\u00e9 Fonseca ce samedi en conf\u00e9rence de presse.\u00a0\u00ab\u00a0Orel sera dans le groupe, oui\u00a0\u00bb. Contre le\u00a0<strong>FC Nantes<\/strong>, Orel\u00a0<strong>Mangala<\/strong>\u00a0mettra fin \u00e0 une longue absence, suite \u00e0 une rupture du ligament crois\u00e9 v\u00e9cue \u00e0 Everton en f\u00e9vrier dernier.<\/p>\n<p>Retour des suspendus d&rsquo;Auxerre<\/p>\n<p>Toutefois, apr\u00e8s autant de temps sur le c\u00f4t\u00e9, il ne faut pas s\u2019attendre \u00e0 voir le milieu encha\u00eener les grosses minutes. \u00ab\u00a0C&rsquo;est un joueur qui n&rsquo;est pas pr\u00eat pour jouer beaucoup de temps, mais on va voir si nous avons la possibilit\u00e9 de commencer \u00e0 le faire jouer.\u00a0Je pense que ce sera un joueur pour nous important sur le futur de notre \u00e9quipe.\u00a0\u00bb Cela reste malgr\u00e9 tout une bonne nouvelle pour Paulo\u00a0<strong>Fonseca<\/strong>\u00a0\u00e0 l\u2019heure o\u00f9 les blessures et autres suspensions ont jalonn\u00e9 l\u2019actualit\u00e9 de l\u2019OL ces derni\u00e8res semaines.<\/p>\n<p>Pour la venue du FC Nantes, la formation lyonnaise devra donc se passer de Clinton\u00a0<strong><a href=\"https:\/\/www.olympique-et-lyonnais.com\/lol-toujours-sans-mata-ghezzal-en-reprise-individuelle,385601.html\" target=\"_blank\" rel=\"noopener\">Mata<\/a><\/strong>, en plus de Malick\u00a0<strong>Fofana<\/strong>, Ernest\u00a0<strong>Nuamah<\/strong>,\u00a0\u00ab\u00a0attendus vers fin janvier pour \u00eatre dans le groupe\u00a0\u00bb, ainsi que Ruben\u00a0<strong>Kluivert<\/strong>. En revanche, l\u2019entra\u00eeneur rhodanien r\u00e9cup\u00e8re Hans\u00a0<strong>Hateboer<\/strong>, Nicolas\u00a0<strong>Tagliafico<\/strong>\u00a0et Tyler\u00a0<strong>Morton<\/strong>, suspendus \u00e0 Auxerre, m\u00eame si les deux derniers ont d\u00e9j\u00e0 retrouv\u00e9 le groupe face au Maccabi Tel Aviv.<\/p>\n","protected":false},"excerpt":{"rendered":"Orel Mangala \u00e0 l\u2019entra\u00eenement de l\u2019OL (cr\u00e9dit : David Hernandez) Absent depuis f\u00e9vrier dernier suite \u00e0 une rupture&hellip;\n","protected":false},"author":2,"featured_media":527562,"comment_status":"","ping_status":"","sticky":false,"template":"","format":"standard","meta":{"footnotes":""},"categories":[2818],"tags":[1111,11,1777,674,1011,27,66,766,12,241,978,2636,25],"class_list":{"0":"post-566738","1":"post","2":"type-post","3":"status-publish","4":"format-standard","5":"has-post-thumbnail","7":"category-nantes","8":"tag-actu","9":"tag-actualites","10":"tag-eu","11":"tag-europe","12":"tag-fr","13":"tag-france","14":"tag-ligue-1","15":"tag-nantes","16":"tag-news","17":"tag-ol","18":"tag-olympique-lyonnais","19":"tag-pays-de-la-loire","20":"tag-republique-francaise"},"share_on_mastodon":{"url":"https:\/\/pubeurope.com\/@fr\/115633265694911432","error":""},"_links":{"self":[{"href":"https:\/\/www.europesays.com\/fr\/wp-json\/wp\/v2\/posts\/566738","targetHints":{"allow":["GET"]}}],"collection":[{"href":"https:\/\/www.europesays.com\/fr\/wp-json\/wp\/v2\/posts"}],"about":[{"href":"https:\/\/www.europesays.com\/fr\/wp-json\/wp\/v2\/types\/post"}],"author":[{"embeddable":true,"href":"https:\/\/www.europesays.com\/fr\/wp-json\/wp\/v2\/users\/2"}],"replies":[{"embeddable":true,"href":"https:\/\/www.europesays.com\/fr\/wp-json\/wp\/v2\/comments?post=566738"}],"version-history":[{"count":0,"href":"https:\/\/www.europesays.com\/fr\/wp-json\/wp\/v2\/posts\/566738\/revisions"}],"wp:featuredmedia":[{"embeddable":true,"href":"https:\/\/www.europesays.com\/fr\/wp-json\/wp\/v2\/media\/527562"}],"wp:attachment":[{"href":"https:\/\/www.europesays.com\/fr\/wp-json\/wp\/v2\/media?parent=566738"}],"wp:term":[{"taxonomy":"category","embeddable":true,"href":"https:\/\/www.europesays.com\/fr\/wp-json\/wp\/v2\/categories?post=566738"},{"taxonomy":"post_tag","embeddable":true,"href":"https:\/\/www.europesays.com\/fr\/wp-json\/wp\/v2\/tags?post=566738"}],"curies":[{"name":"wp","href":"https:\/\/api.w.org\/{rel}","templated":true}]}}