{"id":566739,"date":"2025-11-29T13:39:23","date_gmt":"2025-11-29T13:39:23","guid":{"rendered":"https:\/\/www.europesays.com\/fr\/566739\/"},"modified":"2025-11-29T13:39:23","modified_gmt":"2025-11-29T13:39:23","slug":"entre-extinction-totale-et-retour-de-leclairage-public-va-et-vient-dans-la-metropole-de-bordeaux","status":"publish","type":"post","link":"https:\/\/www.europesays.com\/fr\/566739\/","title":{"rendered":"Entre extinction totale et retour de l&rsquo;\u00e9clairage public, va-et-vient dans la m\u00e9tropole de Bordeaux"},"content":{"rendered":"<p class=\"wp-block-post-excerpt__excerpt\">Le Haillan a lanc\u00e9 \u00ab J\u2019allume ma rue \u00bb, un dispositif permettant d\u2019\u00e9clairer gr\u00e2ce \u00e0 la g\u00e9olocalisation de son t\u00e9l\u00e9phone. \u00c9clairage public \u00e0 la demande, modulation de l\u2019intensit\u00e9, retour de la lumi\u00e8re sur tout ou partie de leurs territoires \u2026 apr\u00e8s avoir \u00e9teint leurs lampadaires pour des raisons d\u2019\u00e9conomie et d\u2019\u00e9cologie, la plupart des villes de la m\u00e9tropole bordelaise remettent d\u00e9sormais la lumi\u00e8re, invoquant des questions de s\u00e9curit\u00e9. <\/p>\n","protected":false},"excerpt":{"rendered":"Le Haillan a lanc\u00e9 \u00ab J\u2019allume ma rue \u00bb, un dispositif permettant d\u2019\u00e9clairer gr\u00e2ce \u00e0 la g\u00e9olocalisation de&hellip;\n","protected":false},"author":2,"featured_media":566740,"comment_status":"","ping_status":"","sticky":false,"template":"","format":"standard","meta":{"footnotes":""},"categories":[2817],"tags":[1111,11,1997,68196,9063,1777,674,60720,1011,27,68197,60721,68198,12304,12,2219,25],"class_list":{"0":"post-566739","1":"post","2":"type-post","3":"status-publish","4":"format-standard","5":"has-post-thumbnail","7":"category-bordeaux","8":"tag-actu","9":"tag-actualites","10":"tag-bordeaux","11":"tag-eclairage-public","12":"tag-economies-denergie","13":"tag-eu","14":"tag-europe","15":"tag-eysines","16":"tag-fr","17":"tag-france","18":"tag-le-bouscat","19":"tag-le-haillan","20":"tag-le-taillan","21":"tag-merignac","22":"tag-news","23":"tag-nouvelle-aquitaine","24":"tag-republique-francaise"},"share_on_mastodon":{"url":"https:\/\/pubeurope.com\/@fr\/115633269289916298","error":""},"_links":{"self":[{"href":"https:\/\/www.europesays.com\/fr\/wp-json\/wp\/v2\/posts\/566739","targetHints":{"allow":["GET"]}}],"collection":[{"href":"https:\/\/www.europesays.com\/fr\/wp-json\/wp\/v2\/posts"}],"about":[{"href":"https:\/\/www.europesays.com\/fr\/wp-json\/wp\/v2\/types\/post"}],"author":[{"embeddable":true,"href":"https:\/\/www.europesays.com\/fr\/wp-json\/wp\/v2\/users\/2"}],"replies":[{"embeddable":true,"href":"https:\/\/www.europesays.com\/fr\/wp-json\/wp\/v2\/comments?post=566739"}],"version-history":[{"count":0,"href":"https:\/\/www.europesays.com\/fr\/wp-json\/wp\/v2\/posts\/566739\/revisions"}],"wp:featuredmedia":[{"embeddable":true,"href":"https:\/\/www.europesays.com\/fr\/wp-json\/wp\/v2\/media\/566740"}],"wp:attachment":[{"href":"https:\/\/www.europesays.com\/fr\/wp-json\/wp\/v2\/media?parent=566739"}],"wp:term":[{"taxonomy":"category","embeddable":true,"href":"https:\/\/www.europesays.com\/fr\/wp-json\/wp\/v2\/categories?post=566739"},{"taxonomy":"post_tag","embeddable":true,"href":"https:\/\/www.europesays.com\/fr\/wp-json\/wp\/v2\/tags?post=566739"}],"curies":[{"name":"wp","href":"https:\/\/api.w.org\/{rel}","templated":true}]}}