{"id":566749,"date":"2025-11-29T13:45:29","date_gmt":"2025-11-29T13:45:29","guid":{"rendered":"https:\/\/www.europesays.com\/fr\/566749\/"},"modified":"2025-11-29T13:45:29","modified_gmt":"2025-11-29T13:45:29","slug":"quand-les-megots-deviennent-une-ressource","status":"publish","type":"post","link":"https:\/\/www.europesays.com\/fr\/566749\/","title":{"rendered":"Quand les m\u00e9gots deviennent une ressource"},"content":{"rendered":"<p>            <a href=\"https:\/\/www.europesays.com\/fr\/wp-content\/uploads\/2025\/11\/Recyclop-equipe.png\" data-caption=\"Les b\u00e9n\u00e9voles de Recyclop devant le stade V\u00e9lodrome sensibilisent les supporters de l'OM. \u00a9Alain Robert - Le M\u00e9ridional\"><img loading=\"lazy\" decoding=\"async\" width=\"696\" height=\"486\" class=\"entry-thumb td-modal-image\" src=\"https:\/\/www.europesays.com\/fr\/wp-content\/uploads\/2025\/11\/Recyclop-equipe.png\" alt=\"\" title=\"Recyclop \u00e9quipe\"\/><\/a>Les b\u00e9n\u00e9voles de Recyclop devant le stade V\u00e9lodrome sensibilisent les supporters de l&rsquo;OM. \u00a9Alain Robert &#8211; Le M\u00e9ridional<\/p>\n<p><strong>Cr\u00e9\u00e9e en 2013, RecyClop vient de recevoir le troph\u00e9e des entrepreneurs positifs 2025 pour r\u00e9compenser leur id\u00e9e de valoriser les m\u00e9gots en \u00e9nergie d\u00e9carbon\u00e9e. D\u00e9sormais, l\u2019association en r\u00e9cup\u00e8re plus de 3 tonnes par an.<\/strong><\/p>\n<p>Depuis 2013, RecyClop cherche \u00e0 r\u00e9duire l\u2019impact des m\u00e9gots de cigarettes sur notre environnement, en \u00e9veillant les consciences. Elle compte deux antennes, une \u00e0 Marseille, l\u2019autre \u00e0 Toulon, et s\u2019est associ\u00e9e avec une quinzaine d\u2019associations principalement de la r\u00e9gion, comme Notra Mar, Alternatiba, Tiers Lab des Transitions (LICA) ou Rescue ocean Antibes, qui, pour certaines, organisent des ramassages dans la nature.<\/p>\n<p>L\u2019association collecte aussi les m\u00e9gots dans les entreprises et les collectivit\u00e9s locales dans lesquelles ils repensent les coins fumeurs, dans les festivals, d\u2019o\u00f9 leur v\u00e9lo-cargo repart charg\u00e9 en fin de soir\u00e9e, dans les bars et les restaurants \u00e0 qui ils pr\u00eatent des f\u00fbts herm\u00e9tiques. D\u00e9sormais, ils sensibilisent \u00e9galement le public certains soirs de match de l\u2019OM.<\/p>\n<p><strong>Ne pas stigmatiser les fumeurs<\/strong><\/p>\n<p>Au V\u00e9lodrome, les b\u00e9n\u00e9voles de l\u2019association s\u2019installent pr\u00e8s des marches d\u2019acc\u00e8s au stade, pour interpeller un maximum de personnes, explique le directeur adjoint et coordinateur de projet\u00a0Alexandre Ben Hamou\u00a0: \u00ab\u00a0Nous r\u00e9cup\u00e9rons les\u00a0m\u00e9gots directement aupr\u00e8s des fumeurs, sans les stigmatiser. \u00bb Il avoue qu\u2019il pr\u00e9f\u00e9rerait voir en ville plus de cendriers urbains.<\/p>\n<p><img fetchpriority=\"high\" decoding=\"async\" width=\"1772\" height=\"1342\" src=\"https:\/\/www.europesays.com\/fr\/wp-content\/uploads\/2025\/11\/Recclop-Alexandre-2.png\" alt=\"\" class=\"wp-image-60679\"\/>Alexandre Ben Hamou, directeur adjoint et coordinateur de projet de RecyClop veut impliquer les fumeurs dans leur d\u00e9marche \u00e9coresponsable. \u00a9Alain Robert Le M\u00e9ridional<\/p>\n<p>Reda, \u00e9tudiant \u00e0 Marseille, fumeur, a rejoint l\u2019association il y a quelques semaines\u00a0:\u00a0\u00ab\u00a0J\u2019ai beaucoup aim\u00e9 le concept. Dans une action durable, il y a le c\u00f4t\u00e9 \u00e9nergie, durabilit\u00e9, valorisation, mais aussi l\u2019aspect humain. On peut faire beaucoup en se joignant \u00e0 ce type d\u2019initiative.\u00a0\u00bb Fan de l\u2019OM, il profite des avant-matchs pour convaincre les autres supporters de l\u2019utilit\u00e9 de leur d\u00e9marche et leur offrir des cendriers de poche. Micka\u00ebl accepte le cendrier\u00a0: \u00ab\u00a0Je ne les jette jamais, je les mets dans mes poches de pantalon, au grand dam de ma femme. Je fais gaffe \u00e0 \u00e7a, car j\u2019habite en for\u00eat. C\u2019est important de ne pas polluer et de prot\u00e9ger notre environnement. \u00bb<\/p>\n<p><strong>Valoriser en \u00e9nergie d\u00e9carbon\u00e9e<\/strong><\/p>\n<p>\u00catre sur le terrain leur permet d\u2019expliquer comment ils transforment ces d\u00e9chets en ressource\u00a0\u00e9nerg\u00e9tique. Devant le stade, Jean-Yves vient spontan\u00e9ment voir de quoi il retourne : \u00ab\u00a0Quand on voit le nombre de gens qui fument et la pollution qu\u2019un m\u00e9got engendre, donc je trouve \u00e7a vraiment int\u00e9ressant de conna\u00eetre ce processus\u00a0\u00bb. Les m\u00e9gots sont trait\u00e9s par l\u2019entreprise Spur Environnement, sp\u00e9cialis\u00e9e dans la valorisation des d\u00e9chets toxiques. L\u2019usine les d\u00e9truit par oxydation thermique, qui cr\u00e9e des fum\u00e9es refroidies et \u00e9pur\u00e9es pour g\u00e9n\u00e9rer de la vapeur. Cette derni\u00e8re est utilis\u00e9e pour produire de l\u2019\u00e9lectricit\u00e9. Le proc\u00e9d\u00e9 a un bilan carbone beaucoup plus int\u00e9ressant que s\u2019ils avaient cherch\u00e9 \u00e0 valoriser la mati\u00e8re. Cela a permis de g\u00e9n\u00e9rer pr\u00e8s de 5 000 kilowatts d\u2019\u00e9lectricit\u00e9.<\/p>\n<p><strong>Severine Krikorian<\/strong><\/p>\n","protected":false},"excerpt":{"rendered":"Les b\u00e9n\u00e9voles de Recyclop devant le stade V\u00e9lodrome sensibilisent les supporters de l&rsquo;OM. \u00a9Alain Robert &#8211; Le M\u00e9ridional&hellip;\n","protected":false},"author":2,"featured_media":566750,"comment_status":"","ping_status":"","sticky":false,"template":"","format":"standard","meta":{"footnotes":""},"categories":[2814],"tags":[1111,11,1777,674,1011,27,884,12,882,25],"class_list":{"0":"post-566749","1":"post","2":"type-post","3":"status-publish","4":"format-standard","5":"has-post-thumbnail","7":"category-marseille","8":"tag-actu","9":"tag-actualites","10":"tag-eu","11":"tag-europe","12":"tag-fr","13":"tag-france","14":"tag-marseille","15":"tag-news","16":"tag-provence-alpes-cote-dazur","17":"tag-republique-francaise"},"share_on_mastodon":{"url":"https:\/\/pubeurope.com\/@fr\/115633292962110946","error":""},"_links":{"self":[{"href":"https:\/\/www.europesays.com\/fr\/wp-json\/wp\/v2\/posts\/566749","targetHints":{"allow":["GET"]}}],"collection":[{"href":"https:\/\/www.europesays.com\/fr\/wp-json\/wp\/v2\/posts"}],"about":[{"href":"https:\/\/www.europesays.com\/fr\/wp-json\/wp\/v2\/types\/post"}],"author":[{"embeddable":true,"href":"https:\/\/www.europesays.com\/fr\/wp-json\/wp\/v2\/users\/2"}],"replies":[{"embeddable":true,"href":"https:\/\/www.europesays.com\/fr\/wp-json\/wp\/v2\/comments?post=566749"}],"version-history":[{"count":0,"href":"https:\/\/www.europesays.com\/fr\/wp-json\/wp\/v2\/posts\/566749\/revisions"}],"wp:featuredmedia":[{"embeddable":true,"href":"https:\/\/www.europesays.com\/fr\/wp-json\/wp\/v2\/media\/566750"}],"wp:attachment":[{"href":"https:\/\/www.europesays.com\/fr\/wp-json\/wp\/v2\/media?parent=566749"}],"wp:term":[{"taxonomy":"category","embeddable":true,"href":"https:\/\/www.europesays.com\/fr\/wp-json\/wp\/v2\/categories?post=566749"},{"taxonomy":"post_tag","embeddable":true,"href":"https:\/\/www.europesays.com\/fr\/wp-json\/wp\/v2\/tags?post=566749"}],"curies":[{"name":"wp","href":"https:\/\/api.w.org\/{rel}","templated":true}]}}