{"id":566753,"date":"2025-11-29T13:48:17","date_gmt":"2025-11-29T13:48:17","guid":{"rendered":"https:\/\/www.europesays.com\/fr\/566753\/"},"modified":"2025-11-29T13:48:17","modified_gmt":"2025-11-29T13:48:17","slug":"mehdi-maizi-delocalise-son-podcast-a-lyon-ce-samedi","status":"publish","type":"post","link":"https:\/\/www.europesays.com\/fr\/566753\/","title":{"rendered":"Mehdi Ma\u00efzi d\u00e9localise son podcast \u00e0 Lyon ce samedi"},"content":{"rendered":"<p>                            <img loading=\"lazy\" width=\"906\" height=\"900\" class=\"attachment-article size-article wp-post-image lazyload\" alt=\"\" decoding=\"async\" src=\"https:\/\/www.europesays.com\/fr\/wp-content\/uploads\/2025\/11\/IMG_3464.jpg\" data-eio-rwidth=\"906\" data-eio-rheight=\"900\"\/><\/p>\n<p>Cr\u00e9dit : instagram @mousecast.pod<\/p>\n<p class=\"content\" style=\"font-size:1.2em;font-weight:700\">Ce samedi 29 novembre, le journaliste musical et voix incontournable du rap francophone Mehdi Ma\u00efzi pose ses valises \u00e0 Lyon pour un double \u00e9v\u00e8nement. Il animera une session publique de son podcast MouseCast \u00e0 18h avant d&rsquo;encha\u00eener \u00e0 partir de 23h ses c\u00e9l\u00e8bres Mouse Party, au club Le Sucre. <\/p>\n<p>Ce samedi 29 novembre, le journaliste et nouvelle voix de France Inter, Mehdi Ma\u00efzi, offre une double dose de rap et de partage au Sucre, dans le 2e arrondissement de Lyon. Avec, tout d&rsquo;abord, un \u00e9pisode du MouseCast, podcast hebdomadaire cr\u00e9\u00e9 en 2021 avec Ngiraan Fall, d\u00e9localis\u00e9 et enregistr\u00e9 devant le public \u00e0 18h. Une conversation libre et pleine d\u2019\u00e9lans passionn\u00e9s, o\u00f9 l\u2019on passe du rap au cin\u00e9ma, de sujets de soci\u00e9t\u00e9s \u00e0 des d\u00e9bats, avec des invit\u00e9s surprises en circonstance.<\/p>\n<p>Puis les micros laisseront place \u00e0 la musique avec la Mouse Party \u00e0 partir de 23h. Les c\u00e9l\u00e8bres soir\u00e9es itin\u00e9rantes, en pause ces deux derni\u00e8res ann\u00e9es, reviennent afin de c\u00e9l\u00e9brer la passion communicative du journaliste pour le hip-hop, avec un m\u00e9lange de tubes et de classiques plus ou moins obscures. <\/p>\n<p>La Mouse Party annonce d\u00e9j\u00e0 salle comble, mais il reste quelques places pour assister au MouseCast. <\/p>\n<p>Plus d&rsquo;informations et billetterie <a href=\"https:\/\/shotgun.live\/fr\/events\/mousecast\" target=\"_blank\" rel=\"noreferrer noopener\">ici<\/a>. <\/p>\n","protected":false},"excerpt":{"rendered":"Cr\u00e9dit : instagram @mousecast.pod Ce samedi 29 novembre, le journaliste musical et voix incontournable du rap francophone Mehdi&hellip;\n","protected":false},"author":2,"featured_media":566754,"comment_status":"","ping_status":"","sticky":false,"template":"","format":"standard","meta":{"footnotes":""},"categories":[1889],"tags":[1111,11,2430,251,1777,674,1011,27,2428,873,12,25,2429],"class_list":{"0":"post-566753","1":"post","2":"type-post","3":"status-publish","4":"format-standard","5":"has-post-thumbnail","7":"category-lyon","8":"tag-actu","9":"tag-actualites","10":"tag-auvergne-rhone-alpes","11":"tag-culture","12":"tag-eu","13":"tag-europe","14":"tag-fr","15":"tag-france","16":"tag-lyon","17":"tag-musique","18":"tag-news","19":"tag-republique-francaise","20":"tag-rhone"},"share_on_mastodon":{"url":"https:\/\/pubeurope.com\/@fr\/115633305756950113","error":""},"_links":{"self":[{"href":"https:\/\/www.europesays.com\/fr\/wp-json\/wp\/v2\/posts\/566753","targetHints":{"allow":["GET"]}}],"collection":[{"href":"https:\/\/www.europesays.com\/fr\/wp-json\/wp\/v2\/posts"}],"about":[{"href":"https:\/\/www.europesays.com\/fr\/wp-json\/wp\/v2\/types\/post"}],"author":[{"embeddable":true,"href":"https:\/\/www.europesays.com\/fr\/wp-json\/wp\/v2\/users\/2"}],"replies":[{"embeddable":true,"href":"https:\/\/www.europesays.com\/fr\/wp-json\/wp\/v2\/comments?post=566753"}],"version-history":[{"count":0,"href":"https:\/\/www.europesays.com\/fr\/wp-json\/wp\/v2\/posts\/566753\/revisions"}],"wp:featuredmedia":[{"embeddable":true,"href":"https:\/\/www.europesays.com\/fr\/wp-json\/wp\/v2\/media\/566754"}],"wp:attachment":[{"href":"https:\/\/www.europesays.com\/fr\/wp-json\/wp\/v2\/media?parent=566753"}],"wp:term":[{"taxonomy":"category","embeddable":true,"href":"https:\/\/www.europesays.com\/fr\/wp-json\/wp\/v2\/categories?post=566753"},{"taxonomy":"post_tag","embeddable":true,"href":"https:\/\/www.europesays.com\/fr\/wp-json\/wp\/v2\/tags?post=566753"}],"curies":[{"name":"wp","href":"https:\/\/api.w.org\/{rel}","templated":true}]}}