{"id":566755,"date":"2025-11-29T13:49:16","date_gmt":"2025-11-29T13:49:16","guid":{"rendered":"https:\/\/www.europesays.com\/fr\/566755\/"},"modified":"2025-11-29T13:49:16","modified_gmt":"2025-11-29T13:49:16","slug":"lindependance-albanaise-fetee-bruyamment-a-bellecour","status":"publish","type":"post","link":"https:\/\/www.europesays.com\/fr\/566755\/","title":{"rendered":"l\u2019Ind\u00e9pendance albanaise f\u00eat\u00e9e bruyamment \u00e0 Bellecour"},"content":{"rendered":"<p>\u00c0 Lyon, o\u00f9 r\u00e9side l\u2019une des plus grandes diasporas albanaises de France, la f\u00eate de l\u2019Ind\u00e9pendance (D\u00e9claration du 28\u00a0novembre 2012), a donn\u00e9 lieu \u00e0 une manifestation spontan\u00e9e qui a surpris, vendredi soir.<\/p>\n<p>150 \u00e0 200 personnes se sont mass\u00e9es autour de Bellecour, tandis qu\u2019une trentaine de v\u00e9hicules accompagnait le mouvement. De quoi produire pas mal de nuisances, dont du tapage nocturne \u00e0 force de klaxons, mais aussi des embouteillages, n\u00e9cessitant la mobilisation de forces de police.<\/p>\n<p>  Pluie de verbalisations<\/p>\n<p>Des verbalisations pour des infractions routi\u00e8res ont \u00e9t\u00e9 dress\u00e9es en nombre. Le bilan fait \u00e9tat de 36 PV pour vitesse excessive, 61 pour non-respect des distances, 41 pour usage abusif de klaxons, ainsi que d\u2019autres pour non-port de la ceinture de s\u00e9curit\u00e9, circulation sur une piste cyclable ou sur la voie de bus. Une ligne TCL a d\u2019ailleurs d\u00fb \u00eatre suspendue et la circulation d\u00e9vi\u00e9e.<\/p>\n<p>Le rassemblement n\u2019a cependant pas d\u00e9g\u00e9n\u00e9r\u00e9. Aucune d\u00e9gradation n\u2019a \u00e9t\u00e9 constat\u00e9e, souligne la pr\u00e9fecture \u00e0 propos d\u2019une liesse qui avait \u00e9clat\u00e9 vers 21 heures et pris fin vers 23 heures.<\/p>\n<p>On se souvient que la diaspora albanaise s\u2019\u00e9tait rassembl\u00e9e, lors de <a href=\"https:\/\/prsnet-sp.media.local\/GBIM_PDOC_B\/DetailArticle.aspx?key=492b5cd1-3ab4-43fa-9dab-0930b02d183e\" target=\"_blank\" rel=\"noopener\">l\u2019Euro 2016<\/a>, aux abords de la place Bellecour toujours, lorsque sa s\u00e9lection avait surclass\u00e9 l\u2019\u00e9quipe roumaine 1 but \u00e0 0. Et tout r\u00e9cemment, le 11 octobre dernier, c\u2019est une victoire contre la Serbie qui a donn\u00e9 lieu \u00e0 des d\u00e9bordements de type rod\u00e9os en presqu\u2019\u00eele cette fois encore.<\/p>\n","protected":false},"excerpt":{"rendered":"\u00c0 Lyon, o\u00f9 r\u00e9side l\u2019une des plus grandes diasporas albanaises de France, la f\u00eate de l\u2019Ind\u00e9pendance (D\u00e9claration du&hellip;\n","protected":false},"author":2,"featured_media":566756,"comment_status":"","ping_status":"","sticky":false,"template":"","format":"standard","meta":{"footnotes":""},"categories":[1889],"tags":[1111,11,2430,271,272,2757,1777,674,274,107,1011,27,2428,2756,12,25,2429],"class_list":{"0":"post-566755","1":"post","2":"type-post","3":"status-publish","4":"format-standard","5":"has-post-thumbnail","7":"category-lyon","8":"tag-actu","9":"tag-actualites","10":"tag-auvergne-rhone-alpes","11":"tag-crime","12":"tag-delit-et-contravention","13":"tag-edition-lyon-villeurbanne","14":"tag-eu","15":"tag-europe","16":"tag-faits-divers-justice","17":"tag-fil-info","18":"tag-fr","19":"tag-france","20":"tag-lyon","21":"tag-lyon-bassin","22":"tag-news","23":"tag-republique-francaise","24":"tag-rhone"},"share_on_mastodon":{"url":"https:\/\/pubeurope.com\/@fr\/115633308512241058","error":""},"_links":{"self":[{"href":"https:\/\/www.europesays.com\/fr\/wp-json\/wp\/v2\/posts\/566755","targetHints":{"allow":["GET"]}}],"collection":[{"href":"https:\/\/www.europesays.com\/fr\/wp-json\/wp\/v2\/posts"}],"about":[{"href":"https:\/\/www.europesays.com\/fr\/wp-json\/wp\/v2\/types\/post"}],"author":[{"embeddable":true,"href":"https:\/\/www.europesays.com\/fr\/wp-json\/wp\/v2\/users\/2"}],"replies":[{"embeddable":true,"href":"https:\/\/www.europesays.com\/fr\/wp-json\/wp\/v2\/comments?post=566755"}],"version-history":[{"count":0,"href":"https:\/\/www.europesays.com\/fr\/wp-json\/wp\/v2\/posts\/566755\/revisions"}],"wp:featuredmedia":[{"embeddable":true,"href":"https:\/\/www.europesays.com\/fr\/wp-json\/wp\/v2\/media\/566756"}],"wp:attachment":[{"href":"https:\/\/www.europesays.com\/fr\/wp-json\/wp\/v2\/media?parent=566755"}],"wp:term":[{"taxonomy":"category","embeddable":true,"href":"https:\/\/www.europesays.com\/fr\/wp-json\/wp\/v2\/categories?post=566755"},{"taxonomy":"post_tag","embeddable":true,"href":"https:\/\/www.europesays.com\/fr\/wp-json\/wp\/v2\/tags?post=566755"}],"curies":[{"name":"wp","href":"https:\/\/api.w.org\/{rel}","templated":true}]}}