{"id":566757,"date":"2025-11-29T13:52:03","date_gmt":"2025-11-29T13:52:03","guid":{"rendered":"https:\/\/www.europesays.com\/fr\/566757\/"},"modified":"2025-11-29T13:52:03","modified_gmt":"2025-11-29T13:52:03","slug":"mareva-michel-de-miss-ile-de-france-a-miss-france","status":"publish","type":"post","link":"https:\/\/www.europesays.com\/fr\/566757\/","title":{"rendered":"Mareva Michel, de Miss \u00cele-de-France \u00e0 Miss France"},"content":{"rendered":"<p>Originaire des Yvelines, connue comme \u00ab <a href=\"https:\/\/tv78.com\/mareva-michel-miss-yvelines-2025\/?utm_\" target=\"_blank\" rel=\"noopener\">100 % Yvelines<\/a> \u00bb, Mareva Michel (<a href=\"https:\/\/tv78.com\/mareva-michel-miss-yvelines-miss-ile-de-france-2\/\" target=\"_blank\" rel=\"noopener\">Miss \u00cele-de-France 2025<\/a>) s\u2019appr\u00eate \u00e0 franchir la derni\u00e8re \u00e9tape avant la grande soir\u00e9e nationale. Apr\u00e8s un voyage de pr\u00e9paration en Martinique avec les 30 candidates, elle revient d\u00e9termin\u00e9e \u00e0 porter haut les couleurs du 78.<\/p>\n<p>Quand on lui demande ce qu\u2019elle ressent, Mareva Michel r\u00e9pond avec un sourire m\u00eal\u00e9 d\u2019impatience que c\u2019est maintenant que tout se joue. Originaire du Chesnay-Rocquencourt (Yvelines), \u00e2g\u00e9e de 21 ans et mesurant 1,78 m, elle s\u2019impose d\u00e9j\u00e0 comme une figure marquante du concours. Elle repr\u00e9sentera la r\u00e9gion \u00cele-de-France lors de la prochaine \u00e9dition de l\u2019\u00e9lection Miss France 2026.<\/p>\n<p>Une candidate des Yvelines jusqu\u2019au bout<\/p>\n<p>\u00ab 100 % Yvelines \u00bb, voil\u00e0 un slogan qu\u2019elle assume pleinement. De Poissy \u00e0 Maisons-Laffitte en passant par Le Chesnay, sa vie s\u2019est d\u00e9roul\u00e9e dans le d\u00e9partement, ce qui lui offre une belle l\u00e9gitimit\u00e9 locale. En choisissant de porter cette identit\u00e9, elle r\u00e9affirme que la grande \u00e9lection nationale n\u2019efface pas ses racines.<br \/>Dans cette <a href=\"https:\/\/tv78.com\/mareva-michel-miss-yvelines-miss-ile-de-france\/\" target=\"_blank\" rel=\"noopener\">derni\u00e8re ligne droite<\/a>, elle multiplie les rendez-vous dans le 78 : maisons associatives, interventions dans des lyc\u00e9es, signatures d\u2019engagements. Elle sait que le soutien local peut faire la diff\u00e9rence.<\/p>\n<p>Un voyage charni\u00e8re en Martinique<\/p>\n<p>Fin <strong>octobre 2025,<\/strong> Mareva s\u2019est envol\u00e9e avec ses <strong>29 concurrentes<\/strong> pour un <a href=\"https:\/\/www.femmeactuelle.fr\/actu\/news-actu\/miss-france-2026-voici-la-destination-du-voyage-de-preparation-des-30-candidates-2200129?utm_\" target=\"_blank\" rel=\"noopener\">voyage de pr\u00e9paration<\/a> en<strong> Martinique<\/strong>. Ce d\u00e9placement \u00e9tait organis\u00e9 par le comit\u00e9 Miss France.<br \/>Ce s\u00e9jour n\u2019\u00e9tait pas seulement touristique : entre atelier coiffure, s\u00e9ances photo officielles, interviews et rencontres culturelles. Chaque moment participait \u00e0 la mise en condition pour l\u2019\u00e9lection nationale. <\/p>\n<p>Mareva \u00e9voque dans ses publications : \u00ab Des souvenirs grav\u00e9s pour longtemps\u2026 et d\u00e9j\u00e0 la nostalgie qui s\u2019installe. \u00bb Elle sait que c\u2019est ici que le tempo s\u2019acc\u00e9l\u00e8re.<\/p>\n<p>Une \u00e9tudiante en \u00e9cole de commerce<\/p>\n<p>Loin du clich\u00e9 de la Miss uniquement tourn\u00e9e vers les podiums, Mareva Michel m\u00e8ne en parall\u00e8le des \u00e9tudes exigeantes. Elle est \u00e9tudiante \u00e0 l\u2019<strong>ESSEC Business School<\/strong>, l\u2019une des grandes \u00e9coles de commerce fran\u00e7aises.<\/p>\n<p>Mareva se sp\u00e9cialise en <strong>management<\/strong> et s\u2019int\u00e9resse au <strong>marketing digital<\/strong>. Elle envisage une carri\u00e8re dans la cosm\u00e9tique, la parfumerie ou l\u2019entrepreneuriat.Son exp\u00e9rience de Miss compl\u00e8te ses comp\u00e9tences. Cette double casquette la distingue dans le concours national.<\/p>\n<p>La tension de la derni\u00e8re ligne droite<\/p>\n<p>Maintenant que le voyage est derri\u00e8re elle, Mareva entre dans la phase d\u00e9cisive : r\u00e9p\u00e9titions, shootings, interviews, choix des tenues, coaching en communication\u2026 Elle indique que \u00ab <strong>ce sont les d\u00e9tails qui feront la diff\u00e9rence<\/strong> \u00bb.<br \/>Pour les Yvelines, c\u2019est un enjeu : avoir une fille du 78 en finale nationale renforce l\u2019image du d\u00e9partement, confirme que ses jeunes femmes sont ambitieuses, polyvalentes et engag\u00e9es.<\/p>\n<p>Et apr\u00e8s ?<\/p>\n<p>Si le titre national lui revenait, Mareva <strong>porterait la couronne pour repr\u00e9senter la France.<\/strong> Aujourd\u2019hui, elle \u00e9voque surtout le 6<strong> d\u00e9cembre et le Z\u00e9nith d\u2019Amiens<\/strong> comme un moment cl\u00e9.<\/p>\n<p>Quoi qu\u2019il arrive, son parcours reste un exemple pour les jeunes Yvelinoises. Elle suit des \u00e9tudes sup\u00e9rieures et poss\u00e8de une double nationalit\u00e9 franco-mexicaine. Elle s\u2019engage aussi dans l\u2019associatif, notamment contre le cancer du sein. Sa candidature ne se limite pas \u00e0 l\u2019image ou aux apparences.<\/p>\n","protected":false},"excerpt":{"rendered":"Originaire des Yvelines, connue comme \u00ab 100 % Yvelines \u00bb, Mareva Michel (Miss \u00cele-de-France 2025) s\u2019appr\u00eate \u00e0 franchir&hellip;\n","protected":false},"author":2,"featured_media":566758,"comment_status":"","ping_status":"","sticky":false,"template":"","format":"standard","meta":{"footnotes":""},"categories":[1592],"tags":[1111,11,1777,674,1011,27,662,12,626,25],"class_list":{"0":"post-566757","1":"post","2":"type-post","3":"status-publish","4":"format-standard","5":"has-post-thumbnail","7":"category-ile-de-france","8":"tag-actu","9":"tag-actualites","10":"tag-eu","11":"tag-europe","12":"tag-fr","13":"tag-france","14":"tag-ile-de-france","15":"tag-news","16":"tag-paris","17":"tag-republique-francaise"},"share_on_mastodon":{"url":"https:\/\/pubeurope.com\/@fr\/115633320469088876","error":""},"_links":{"self":[{"href":"https:\/\/www.europesays.com\/fr\/wp-json\/wp\/v2\/posts\/566757","targetHints":{"allow":["GET"]}}],"collection":[{"href":"https:\/\/www.europesays.com\/fr\/wp-json\/wp\/v2\/posts"}],"about":[{"href":"https:\/\/www.europesays.com\/fr\/wp-json\/wp\/v2\/types\/post"}],"author":[{"embeddable":true,"href":"https:\/\/www.europesays.com\/fr\/wp-json\/wp\/v2\/users\/2"}],"replies":[{"embeddable":true,"href":"https:\/\/www.europesays.com\/fr\/wp-json\/wp\/v2\/comments?post=566757"}],"version-history":[{"count":0,"href":"https:\/\/www.europesays.com\/fr\/wp-json\/wp\/v2\/posts\/566757\/revisions"}],"wp:featuredmedia":[{"embeddable":true,"href":"https:\/\/www.europesays.com\/fr\/wp-json\/wp\/v2\/media\/566758"}],"wp:attachment":[{"href":"https:\/\/www.europesays.com\/fr\/wp-json\/wp\/v2\/media?parent=566757"}],"wp:term":[{"taxonomy":"category","embeddable":true,"href":"https:\/\/www.europesays.com\/fr\/wp-json\/wp\/v2\/categories?post=566757"},{"taxonomy":"post_tag","embeddable":true,"href":"https:\/\/www.europesays.com\/fr\/wp-json\/wp\/v2\/tags?post=566757"}],"curies":[{"name":"wp","href":"https:\/\/api.w.org\/{rel}","templated":true}]}}