{"id":566759,"date":"2025-11-29T13:53:15","date_gmt":"2025-11-29T13:53:15","guid":{"rendered":"https:\/\/www.europesays.com\/fr\/566759\/"},"modified":"2025-11-29T13:53:15","modified_gmt":"2025-11-29T13:53:15","slug":"paris-previsions-meteo-du-samedi-29-novembre-2025","status":"publish","type":"post","link":"https:\/\/www.europesays.com\/fr\/566759\/","title":{"rendered":"Paris : pr\u00e9visions m\u00e9t\u00e9o du samedi 29 novembre 2025"},"content":{"rendered":"<p>\u00c0 Paris, la journ\u00e9e du samedi 29 novembre 2025 sera marqu\u00e9e par une couverture nuageuse dense le matin, suivie d\u2019\u00e9claircies avant de retrouver une pluie faible en soir\u00e9e. Les temp\u00e9ratures resteront fra\u00eeches, entre 7 et 11 \u00b0C, avec un vent mod\u00e9r\u00e9 de secteur sud.<\/p>\n<p>    Matin : grisaille humide<\/p>\n<p>\u00c0 08 h 20, le soleil tente de percer au-dessus des toits parisiens, mais sa lumi\u00e8re reste filtr\u00e9e par une \u00e9paisse couverture nuageuse, typique de cette fin de novembre souvent grise.<\/p>\n<p>\u00c0 09 h, le thermom\u00e8tre indique <b>7 \u00b0C<\/b>, avec un ressenti de <b>5 \u00b0C<\/b>. L\u2019humidit\u00e9 atteint <b>94 %<\/b> et la pression est de <b>1014 hPa<\/b>. Une brise de Sud soufflant \u00e0 <b>12 km\/h<\/b> maintient une certaine fra\u00eecheur. Aucune pr\u00e9cipitation n\u2019est attendue avant midi.<\/p>\n<p>La visibilit\u00e9 reste correcte pour les d\u00e9placements matinaux, mais l\u2019humidit\u00e9 \u00e9lev\u00e9e peut rendre les chauss\u00e9es glissantes : il est conseill\u00e9 d\u2019adopter une conduite prudente \u00e0 v\u00e9lo et de penser au bonnet pour se prot\u00e9ger de la sensation de froid humide.<\/p>\n<p>Le vent discret limite la dispersion des polluants. M\u00eame si l\u2019indice officiel n\u2019est pas encore publi\u00e9, il est recommand\u00e9 d\u2019a\u00e9rer bri\u00e8vement \u2013 cinq minutes suffisent \u2013 avant de refermer, afin de conserver la chaleur et d\u2019\u00e9viter l\u2019accumulation d\u2019humidit\u00e9 \u00e0 l\u2019int\u00e9rieur.<\/p>\n<ul>\n<li><b>Temp\u00e9rature<\/b> : 7 \u00b0C (ressenti 5 \u00b0C)<\/li>\n<li><b>Humidit\u00e9<\/b> : 94 %<\/li>\n<li><b>Pression<\/b> : 1014 hPa<\/li>\n<li><b>Vent<\/b> : Sud 12 km\/h<\/li>\n<\/ul>\n<p>Apr\u00e8s-midi : \u00e9claircies timides<\/p>\n<p>\u00c0 la mi-journ\u00e9e, la grisaille se d\u00e9chire par endroits, permettant \u00e0 quelques rayons de soleil de r\u00e9chauffer timidement l\u2019atmosph\u00e8re.<\/p>\n<p>\u00c0 15 h, le thermom\u00e8tre grimpe \u00e0 <b>11 \u00b0C<\/b>, ressenti <b>9 \u00b0C<\/b>. L\u2019humidit\u00e9 baisse \u00e0 <b>74 %<\/b>, la pression s\u2019\u00e9tablit \u00e0 <b>1008 hPa<\/b>. Le vent de Sud se renforce \u00e0 <b>19 km\/h<\/b>. La probabilit\u00e9 de pluie atteint <b>100 %<\/b>, mais il ne s\u2019agit que d\u2019averses tr\u00e8s faibles (0,5 mm).<\/p>\n<p>Ces quelques gouttes dispers\u00e9es ne suffiront pas \u00e0 assainir l\u2019air, encore satur\u00e9 d\u2019humidit\u00e9 ; mieux vaut pr\u00e9voir un parapluie compact pour les trajets courts, et penser \u00e0 ventiler les int\u00e9rieurs pour limiter la condensation.<\/p>\n<p>Le soleil, bien que discret, fait remonter l\u2019indice UV autour de 1 : le risque reste faible mais non n\u00e9gligeable pour les peaux claires. Un peu de cr\u00e8me sur le visage avant une pause d\u00e9jeuner en terrasse reste conseill\u00e9.<\/p>\n<ul>\n<li><b>Temp\u00e9rature<\/b> : 11 \u00b0C (ressenti 9 \u00b0C)<\/li>\n<li><b>Humidit\u00e9<\/b> : 74 %<\/li>\n<li><b>Pression<\/b> : 1008 hPa<\/li>\n<li><b>Vent<\/b> : Sud 19 km\/h<\/li>\n<\/ul>\n<p>Soir : pluie faible persistante<\/p>\n<p>Le soleil se couche \u00e0 16 h 57, laissant place \u00e0 la nuit qui s\u2019installe sur la capitale, d\u00e9sormais arros\u00e9e par une pluie fine et persistante.<\/p>\n<p>\u00c0 21 h, on rel\u00e8ve <b>10 \u00b0C<\/b>, ressenti <b>8 \u00b0C<\/b>. L\u2019humidit\u00e9 remonte \u00e0 <b>93 %<\/b>, la pression s\u2019abaisse \u00e0 <b>1004 hPa<\/b>. Une pluie faible est attendue, avec <b>1,6 mm<\/b> annonc\u00e9s. Le vent de Sud demeure mod\u00e9r\u00e9, \u00e0 <b>15 km\/h<\/b>.<\/p>\n<p>Sous ces pr\u00e9cipitations r\u00e9guli\u00e8res, la chauss\u00e9e devient luisante ; il convient de ralentir \u00e0 v\u00e9lo et de prot\u00e9ger ses sacs ainsi que ses documents. Le vent, bien que faible, limite la sensation d\u2019inconfort, mais il favorise l\u2019accumulation d\u2019humidit\u00e9 sur les fa\u00e7ades.<\/p>\n<ul>\n<li><b>Temp\u00e9rature<\/b> : 10 \u00b0C (ressenti 8 \u00b0C)<\/li>\n<li><b>Humidit\u00e9<\/b> : 93 %<\/li>\n<li><b>Pression<\/b> : 1004 hPa<\/li>\n<li><b>Pluie<\/b> : 1,6 mm attendus<\/li>\n<\/ul>\n<p>Tendance pour dimanche 30 novembre<\/p>\n<p>Apr\u00e8s une accalmie en deuxi\u00e8me partie de nuit \u2014 avec un ciel d\u00e9gag\u00e9 et <b>4 \u00b0C<\/b> vers 0 h \u2014, une nouvelle perturbation abordera l\u2019\u00cele-de-France le 30 novembre.<\/p>\n<p>Les mod\u00e8les annoncent une <b>pluie mod\u00e9r\u00e9e toute la journ\u00e9e<\/b>, avec un cumul potentiel de <b>15 mm<\/b>. Les temp\u00e9ratures oscilleront de <b>5 \u00b0C<\/b> au lever du jour \u00e0 <b>8 \u00b0C<\/b> dans l\u2019apr\u00e8s-midi, soit 3 \u00b0C en dessous des normales saisonni\u00e8res.<\/p>\n<p>Le vent s\u2019orientera \u00e0 l\u2019Ouest-Nord-Ouest, autour de <b>25 km\/h<\/b>. Cette configuration renforcera la sensation de fra\u00eecheur, sans risque de fortes rafales. Il sera donc pr\u00e9f\u00e9rable de sortir manteaux imperm\u00e9ables et gants pour ce dimanche \u00e0 l\u2019allure hivernale.<\/p>\n<p>Cette succession rapide d\u2019ondes pluvieuses illustre l\u2019intensification des flux atlantiques attendue avec le r\u00e9chauffement global, selon le dernier rapport Copernicus. Paris enregistre d\u00e9j\u00e0 +1,6 \u00b0C par rapport \u00e0 l\u2019\u00e8re pr\u00e9-industrielle.<\/p>\n<p>Pour suivre l\u2019\u00e9volution heure par heure, consultez <a href=\"https:\/\/www.meteocity.com\/france\/paris-v2988507\" target=\"_blank\" rel=\"noopener\">notre page d\u00e9di\u00e9e<\/a>, r\u00e9guli\u00e8rement mise \u00e0 jour gr\u00e2ce aux donn\u00e9es M\u00e9t\u00e9o-France et Copernicus.<\/p>\n<ul>\n<li><b>Temp\u00e9rature<\/b> : 5 \u00b0C \u2192 8 \u00b0C<\/li>\n<li><b>Pluie<\/b> : cumul 15 mm<\/li>\n<li><b>Vent<\/b> : Ouest-Nord-Ouest 25 km\/h<\/li>\n<li><b>Humidit\u00e9<\/b> : 79 %<\/li>\n<\/ul>\n","protected":false},"excerpt":{"rendered":"\u00c0 Paris, la journ\u00e9e du samedi 29 novembre 2025 sera marqu\u00e9e par une couverture nuageuse dense le matin,&hellip;\n","protected":false},"author":2,"featured_media":566760,"comment_status":"","ping_status":"","sticky":false,"template":"","format":"standard","meta":{"footnotes":""},"categories":[1888],"tags":[1111,1928,11,1927,1777,674,1011,27,12,1926,626,1925,25],"class_list":{"0":"post-566759","1":"post","2":"type-post","3":"status-publish","4":"format-standard","5":"has-post-thumbnail","7":"category-paris","8":"tag-actu","9":"tag-actu-paris","10":"tag-actualites","11":"tag-actualites-paris","12":"tag-eu","13":"tag-europe","14":"tag-fr","15":"tag-france","16":"tag-news","17":"tag-news-paris","18":"tag-paris","19":"tag-paris-news","20":"tag-republique-francaise"},"share_on_mastodon":{"url":"https:\/\/pubeurope.com\/@fr\/115633324397950415","error":""},"_links":{"self":[{"href":"https:\/\/www.europesays.com\/fr\/wp-json\/wp\/v2\/posts\/566759","targetHints":{"allow":["GET"]}}],"collection":[{"href":"https:\/\/www.europesays.com\/fr\/wp-json\/wp\/v2\/posts"}],"about":[{"href":"https:\/\/www.europesays.com\/fr\/wp-json\/wp\/v2\/types\/post"}],"author":[{"embeddable":true,"href":"https:\/\/www.europesays.com\/fr\/wp-json\/wp\/v2\/users\/2"}],"replies":[{"embeddable":true,"href":"https:\/\/www.europesays.com\/fr\/wp-json\/wp\/v2\/comments?post=566759"}],"version-history":[{"count":0,"href":"https:\/\/www.europesays.com\/fr\/wp-json\/wp\/v2\/posts\/566759\/revisions"}],"wp:featuredmedia":[{"embeddable":true,"href":"https:\/\/www.europesays.com\/fr\/wp-json\/wp\/v2\/media\/566760"}],"wp:attachment":[{"href":"https:\/\/www.europesays.com\/fr\/wp-json\/wp\/v2\/media?parent=566759"}],"wp:term":[{"taxonomy":"category","embeddable":true,"href":"https:\/\/www.europesays.com\/fr\/wp-json\/wp\/v2\/categories?post=566759"},{"taxonomy":"post_tag","embeddable":true,"href":"https:\/\/www.europesays.com\/fr\/wp-json\/wp\/v2\/tags?post=566759"}],"curies":[{"name":"wp","href":"https:\/\/api.w.org\/{rel}","templated":true}]}}