{"id":566761,"date":"2025-11-29T13:54:32","date_gmt":"2025-11-29T13:54:32","guid":{"rendered":"https:\/\/www.europesays.com\/fr\/566761\/"},"modified":"2025-11-29T13:54:32","modified_gmt":"2025-11-29T13:54:32","slug":"une-soiree-exceptionnelle-sur-m6-le-29-novembre","status":"publish","type":"post","link":"https:\/\/www.europesays.com\/fr\/566761\/","title":{"rendered":"une soir\u00e9e exceptionnelle sur M6 le 29 novembre"},"content":{"rendered":"<p data-start=\"75\" data-end=\"465\">Le 29 novembre \u00e0 <strong data-start=\"92\" data-end=\"101\">21h10<\/strong>, M6 c\u00e9l\u00e8bre une page enti\u00e8re de la chanson fran\u00e7aise avec une soir\u00e9e exceptionnelle d\u00e9di\u00e9e \u00e0 <strong data-start=\"195\" data-end=\"218\">Notre-Dame de Paris<\/strong>, la com\u00e9die musicale qui a boulevers\u00e9 des millions de spectateurs depuis 1998. Vingt-cinq ans apr\u00e8s sa cr\u00e9ation, <strong data-start=\"332\" data-end=\"355\">le casting original<\/strong> se r\u00e9unit pour un concert \u00e9v\u00e9nement, port\u00e9 par la nostalgie, la ferveur et une mise en sc\u00e8ne spectaculaire.<\/p>\n<p>Le retour d\u2019une l\u00e9gende de la sc\u00e8ne<\/p>\n<p data-start=\"509\" data-end=\"903\">Sous les vo\u00fbtes d\u2019une <strong data-start=\"531\" data-end=\"555\">Notre-Dame virtuelle<\/strong>, <strong data-start=\"557\" data-end=\"645\">Garou, Patrick Fiori, Daniel Lavoie, H\u00e9l\u00e8ne S\u00e9gara, Julie Zenatti et Bruno Pelletier<\/strong> reprennent leurs r\u00f4les mythiques \u2013 Quasimodo, Phoebus, Frollo, Esmeralda, Fleur de Lys \u2013 pour interpr\u00e9ter les chansons qui ont marqu\u00e9 l\u2019histoire : Le Temps des cath\u00e9drales, Belle, Vivre, D\u00e9chir\u00e9, La F\u00eate des fous ou encore Danse mon Esmeralda.<\/p>\n<p data-start=\"905\" data-end=\"1166\">Accompagn\u00e9s d\u2019un orchestre et d\u2019une sc\u00e9nographie num\u00e9rique con\u00e7ue pour l\u2019occasion, les six artistes retrouvent une complicit\u00e9 intacte et partagent leurs souvenirs de tourn\u00e9e, leurs fous rires et les instants qui ont fait de ce spectacle un ph\u00e9nom\u00e8ne culturel.<\/p>\n<p>Des retrouvailles entre g\u00e9n\u00e9rations<\/p>\n<p data-start=\"1210\" data-end=\"1585\">Le public retrouvera \u00e9galement <strong data-start=\"1241\" data-end=\"1263\">la troupe actuelle<\/strong>, avec <strong data-start=\"1270\" data-end=\"1330\">Damien Sargue, Angelo Del Vecchio, Gian Marco Schiaretti<\/strong> et <strong data-start=\"1334\" data-end=\"1341\">Jay<\/strong>, venus unir leurs voix \u00e0 celles de leurs a\u00een\u00e9s. Une rencontre symbolique entre deux g\u00e9n\u00e9rations d\u2019interpr\u00e8tes qui illustre la long\u00e9vit\u00e9 exceptionnelle du spectacle, jou\u00e9 devant <strong data-start=\"1519\" data-end=\"1557\">plus de 15 millions de spectateurs<\/strong> dans <strong data-start=\"1563\" data-end=\"1582\">plus de 20 pays<\/strong>.<\/p>\n<p data-start=\"1587\" data-end=\"1852\">Cette soir\u00e9e produite par <strong data-start=\"1613\" data-end=\"1636\">Juste pour divertir<\/strong> s\u2019annonce comme un moment suspendu : entre performance musicale et \u00e9motion brute, elle rappelle combien les chansons de <strong data-start=\"1757\" data-end=\"1774\">Luc Plamondon<\/strong> et <strong data-start=\"1778\" data-end=\"1799\">Richard Cocciante<\/strong> continuent de r\u00e9sonner dans la m\u00e9moire collective.<\/p>\n<p>Une seconde partie d\u00e9di\u00e9e \u00e0 la grande histoire des com\u00e9dies musicales<\/p>\n<p data-start=\"1930\" data-end=\"2392\">M6 prolongera la soir\u00e9e avec le <strong data-start=\"1962\" data-end=\"2029\">documentaire in\u00e9dit \u201cL\u2019Histoire secr\u00e8te des com\u00e9dies musicales\u201d<\/strong>, r\u00e9alis\u00e9 par <strong data-start=\"2043\" data-end=\"2062\">Sylvain Berg\u00e8re<\/strong> et \u00e9crit par <strong data-start=\"2076\" data-end=\"2095\">Laurent Vali\u00e8re<\/strong>. De Notre-Dame de Paris au Roi Soleil, en passant par Starmania et Les Dix Commandements, ce film retrace les grandes heures du genre \u00e0 travers les t\u00e9moignages de <strong data-start=\"2267\" data-end=\"2363\">Dove Attia, Richard Cocciante, Daniel Lavoie, Julie Zenatti, Fabienne Thibault, Thomas Jolly<\/strong> ou encore <strong data-start=\"2374\" data-end=\"2389\">Kamel Ouali<\/strong>.<\/p>\n<p data-start=\"2394\" data-end=\"2590\">Entre archives rares et analyses d\u2019artistes, le documentaire explore pourquoi ces histoires chant\u00e9es continuent de fasciner et comment elles ont red\u00e9fini le paysage du spectacle vivant fran\u00e7ais.<\/p>\n<p>Fiche technique<\/p>\n<p data-start=\"2619\" data-end=\"3248\"><strong data-start=\"2619\" data-end=\"2630\">Titre :<\/strong> Notre-Dame de Paris \u2013 Les Grandes Retrouvailles, 25 ans apr\u00e8s<br data-start=\"2694\" data-end=\"2697\"\/><strong data-start=\"2697\" data-end=\"2712\">Diffusion :<\/strong> Samedi 29 novembre 2025 \u00e0 21h10 sur M6<br data-start=\"2751\" data-end=\"2754\"\/><strong data-start=\"2754\" data-end=\"2770\">Production :<\/strong> Juste pour divertir<br data-start=\"2790\" data-end=\"2793\"\/><strong data-start=\"2793\" data-end=\"2811\">Distribution :<\/strong> Garou, Patrick Fiori, Daniel Lavoie, H\u00e9l\u00e8ne S\u00e9gara, Julie Zenatti, Bruno Pelletier<br data-start=\"2894\" data-end=\"2897\"\/><strong data-start=\"2897\" data-end=\"2910\">Invit\u00e9s :<\/strong> Damien Sargue, Angelo Del Vecchio, Gian Marco Schiaretti, Jay<br data-start=\"2972\" data-end=\"2975\"\/><strong data-start=\"2975\" data-end=\"2990\">Cr\u00e9ateurs :<\/strong> Luc Plamondon (livret), Richard Cocciante (musique)<br data-start=\"3042\" data-end=\"3045\"\/><strong data-start=\"3045\" data-end=\"3062\">R\u00e9alisation :<\/strong> Jean Fran\u00e7ois Blais\u00a0<br data-start=\"3093\" data-end=\"3096\"\/><strong data-start=\"3096\" data-end=\"3110\">Suivi de :<\/strong> L\u2019Histoire secr\u00e8te des com\u00e9dies musicales (documentaire \u2013 23h00)<br data-start=\"3177\" data-end=\"3180\"\/><strong data-start=\"3180\" data-end=\"3212\">Production du documentaire :<\/strong> Morgane Prod \/ Jean-Paul Boucheny<\/p>\n","protected":false},"excerpt":{"rendered":"Le 29 novembre \u00e0 21h10, M6 c\u00e9l\u00e8bre une page enti\u00e8re de la chanson fran\u00e7aise avec une soir\u00e9e exceptionnelle&hellip;\n","protected":false},"author":2,"featured_media":566762,"comment_status":"","ping_status":"","sticky":false,"template":"","format":"standard","meta":{"footnotes":""},"categories":[1888],"tags":[1111,1928,11,1927,1777,674,1011,27,12,1926,626,1925,25],"class_list":{"0":"post-566761","1":"post","2":"type-post","3":"status-publish","4":"format-standard","5":"has-post-thumbnail","7":"category-paris","8":"tag-actu","9":"tag-actu-paris","10":"tag-actualites","11":"tag-actualites-paris","12":"tag-eu","13":"tag-europe","14":"tag-fr","15":"tag-france","16":"tag-news","17":"tag-news-paris","18":"tag-paris","19":"tag-paris-news","20":"tag-republique-francaise"},"share_on_mastodon":{"url":"https:\/\/pubeurope.com\/@fr\/115633328648550433","error":""},"_links":{"self":[{"href":"https:\/\/www.europesays.com\/fr\/wp-json\/wp\/v2\/posts\/566761","targetHints":{"allow":["GET"]}}],"collection":[{"href":"https:\/\/www.europesays.com\/fr\/wp-json\/wp\/v2\/posts"}],"about":[{"href":"https:\/\/www.europesays.com\/fr\/wp-json\/wp\/v2\/types\/post"}],"author":[{"embeddable":true,"href":"https:\/\/www.europesays.com\/fr\/wp-json\/wp\/v2\/users\/2"}],"replies":[{"embeddable":true,"href":"https:\/\/www.europesays.com\/fr\/wp-json\/wp\/v2\/comments?post=566761"}],"version-history":[{"count":0,"href":"https:\/\/www.europesays.com\/fr\/wp-json\/wp\/v2\/posts\/566761\/revisions"}],"wp:featuredmedia":[{"embeddable":true,"href":"https:\/\/www.europesays.com\/fr\/wp-json\/wp\/v2\/media\/566762"}],"wp:attachment":[{"href":"https:\/\/www.europesays.com\/fr\/wp-json\/wp\/v2\/media?parent=566761"}],"wp:term":[{"taxonomy":"category","embeddable":true,"href":"https:\/\/www.europesays.com\/fr\/wp-json\/wp\/v2\/categories?post=566761"},{"taxonomy":"post_tag","embeddable":true,"href":"https:\/\/www.europesays.com\/fr\/wp-json\/wp\/v2\/tags?post=566761"}],"curies":[{"name":"wp","href":"https:\/\/api.w.org\/{rel}","templated":true}]}}