{"id":566771,"date":"2025-11-29T13:59:20","date_gmt":"2025-11-29T13:59:20","guid":{"rendered":"https:\/\/www.europesays.com\/fr\/566771\/"},"modified":"2025-11-29T13:59:20","modified_gmt":"2025-11-29T13:59:20","slug":"paix-en-ukraine-kiev-envoie-des-negociateurs-aux-etats-unis-pour-discuter-du-plan-americain","status":"publish","type":"post","link":"https:\/\/www.europesays.com\/fr\/566771\/","title":{"rendered":"Paix en Ukraine\u00a0: Kiev envoie des n\u00e9gociateurs aux \u00c9tats-Unis pour discuter du plan am\u00e9ricain"},"content":{"rendered":"<p>Une \u00e9quipe de n\u00e9gociateurs ukrainiens est partie, ce samedi, pour les \u00c9tats-Unis afin de discuter du plan am\u00e9ricain visant \u00e0 mettre fin au conflit en Ukraine, a annonc\u00e9 le pr\u00e9sident Volodymyr Zelensky.<\/p>\n<p>\u00ab Le Secr\u00e9taire du Conseil national de s\u00e9curit\u00e9 et de d\u00e9fense de l\u2019Ukraine et chef de la d\u00e9l\u00e9gation ukrainienne, Rustem Oumerov est d\u00e9j\u00e0 en route vers les \u00c9tats-Unis avec l\u2019\u00e9quipe \u00bb, a indiqu\u00e9 Zelensy dans un message post\u00e9 sur X.<\/p>\n","protected":false},"excerpt":{"rendered":"Une \u00e9quipe de n\u00e9gociateurs ukrainiens est partie, ce samedi, pour les \u00c9tats-Unis afin de discuter du plan am\u00e9ricain&hellip;\n","protected":false},"author":2,"featured_media":566772,"comment_status":"","ping_status":"","sticky":false,"template":"","format":"standard","meta":{"footnotes":""},"categories":[1589],"tags":[11,765,73,1866,131,2069,74,12,132,220,1864,1865,1863,308],"class_list":{"0":"post-566771","1":"post","2":"type-post","3":"status-publish","4":"format-standard","5":"has-post-thumbnail","7":"category-etats-unis","8":"tag-actualites","9":"tag-en-continu","10":"tag-etats-unis","11":"tag-etats-unis-damerique","12":"tag-guerre-en-ukraine","13":"tag-guerre-ukraine-russie","14":"tag-monde","15":"tag-news","16":"tag-russie","17":"tag-ukraine","18":"tag-united-states","19":"tag-united-states-of-america","20":"tag-us","21":"tag-usa"},"share_on_mastodon":{"url":"https:\/\/pubeurope.com\/@fr\/115633347958376001","error":""},"_links":{"self":[{"href":"https:\/\/www.europesays.com\/fr\/wp-json\/wp\/v2\/posts\/566771","targetHints":{"allow":["GET"]}}],"collection":[{"href":"https:\/\/www.europesays.com\/fr\/wp-json\/wp\/v2\/posts"}],"about":[{"href":"https:\/\/www.europesays.com\/fr\/wp-json\/wp\/v2\/types\/post"}],"author":[{"embeddable":true,"href":"https:\/\/www.europesays.com\/fr\/wp-json\/wp\/v2\/users\/2"}],"replies":[{"embeddable":true,"href":"https:\/\/www.europesays.com\/fr\/wp-json\/wp\/v2\/comments?post=566771"}],"version-history":[{"count":0,"href":"https:\/\/www.europesays.com\/fr\/wp-json\/wp\/v2\/posts\/566771\/revisions"}],"wp:featuredmedia":[{"embeddable":true,"href":"https:\/\/www.europesays.com\/fr\/wp-json\/wp\/v2\/media\/566772"}],"wp:attachment":[{"href":"https:\/\/www.europesays.com\/fr\/wp-json\/wp\/v2\/media?parent=566771"}],"wp:term":[{"taxonomy":"category","embeddable":true,"href":"https:\/\/www.europesays.com\/fr\/wp-json\/wp\/v2\/categories?post=566771"},{"taxonomy":"post_tag","embeddable":true,"href":"https:\/\/www.europesays.com\/fr\/wp-json\/wp\/v2\/tags?post=566771"}],"curies":[{"name":"wp","href":"https:\/\/api.w.org\/{rel}","templated":true}]}}