{"id":566775,"date":"2025-11-29T14:01:12","date_gmt":"2025-11-29T14:01:12","guid":{"rendered":"https:\/\/www.europesays.com\/fr\/566775\/"},"modified":"2025-11-29T14:01:12","modified_gmt":"2025-11-29T14:01:12","slug":"en-quete-de-respectabilite-lafd-lance-en-allemagne-sa-nouvelle-organisation-de-jeunesse","status":"publish","type":"post","link":"https:\/\/www.europesays.com\/fr\/566775\/","title":{"rendered":"En qu\u00eate de respectabilit\u00e9, l\u2019AfD lance en Allemagne sa nouvelle organisation de jeunesse"},"content":{"rendered":"<p>\n    <strong>D\u00c9CRYPTAGE &#8211;<\/strong> La cr\u00e9ation de Generation Deutschland intervient alors que l\u2019Allemagne se d\u00e9chire sur la position \u00e0 adopter vis-\u00e0-vis du parti d\u2019extr\u00eame droite, dans la foul\u00e9e de la d\u00e9cision d\u2019une organisation patronale de mettre fin au \u00abcordon sanitaire\u00bb jusqu\u2019ici en vigueur.<\/p>\n<p class=\"fig-paragraph\">En Allemagne, l\u2019organisation de jeunesse de l\u2019<a href=\"http:\/\/www.lefigaro.fr\/international\/allemagne-le-parti-afd-accuse-d-abriter-une-cellule-dormante-prorusse-20251105\" data-fig-type=\"NewsFlash\" data-gtm-custom-categorie=\"navigation\" data-gtm-custom-action=\"crossclick\" data-gtm-custom-label=\"Contextuel\" data-gtm-event=\"customEventSPE\" data-fig-domain=\"LEFIGARO\" rel=\"nofollow noopener\" target=\"_blank\">Alternative f\u00fcr Deutschland<\/a>\u00a0(AfD) va rena\u00eetre de ses cendres. Ce week-end sera cr\u00e9\u00e9 un nouveau mouvement r\u00e9serv\u00e9 aux moins de 35 ans qui devrait porter le nom de Generation Deutschland, directement rattach\u00e9 au parti d\u2019extr\u00eame droite, en plein essor dans les urnes et dans les sondages depuis sa cr\u00e9ation en 2013. Environ un millier de participants sont attendus \u00e0 l\u2019\u00e9v\u00e9nement, qui se tiendra \u00e0 Giessen (Hesse), sur les terres du d\u00e9put\u00e9 CDU Johannes Volkmann, lui-m\u00eame membre de la Junge Union de son parti et par ailleurs petit-fils de l\u2019ancien chancelier Helmut Kohl.<\/p>\n<p class=\"fig-paragraph\">La ville universitaire, d\u2019ordinaire paisible, s\u2019appr\u00eate \u00e0 vivre un week-end mouvement\u00e9, des dizaines de milliers de manifestants anti-AfD \u00e9tant attendus sur place. \u00abLes inqui\u00e9tudes compr\u00e9hensibles suscit\u00e9es par l\u2019AfD et sa nouvelle organisation de jeunesse ne justifient en aucun cas de s\u2019affranchir du cadre constitutionnel. Quiconque souhaite d\u00e9fendre notre d\u00e9mocratie se doit de respecter\u2026<\/p>\n<p class=\"fig-premium-paywall__infos\">\n        Cet article est r\u00e9serv\u00e9 aux abonn\u00e9s.        Il vous reste 89% \u00e0 d\u00e9couvrir.\n    <\/p>\n<p>                <img  data- alt=\"Le Figaro\" class=\"fig-img--complete fig-img\"\/><\/p>\n<p class=\"fig-premium-paywall__title\">Black Friday : derniers jours<\/p>\n<p class=\"fig-premium-paywall__subtitle\">-70% sur l&rsquo;abonnement num\u00e9rique<\/p>\n<p class=\"fig-premium-paywall__connect\">\n                D\u00e9j\u00e0 abonn\u00e9\u00a0?                <a class=\"fig-premium-paywall__connect-link\" href=\"https:\/\/connect.lefigaro.fr\/login?client=horizon_web&amp;type=main&amp;redirect_uri=https%3A%2F%2Fwww.lefigaro.fr%2Finternational%2Fen-quete-de-respectabilite-l-afd-lance-en-allemagne-sa-nouvelle-organisation-de-jeunesse-20251129\" data-js-gtm=\"{&quot;customCategorie&quot;: &quot;conversion&quot;, &quot;customAction&quot;: &quot;before_Landing_Connexion_paywall_auto&quot;, &quot;customLabel&quot;: &quot;bGVmaWdhcm8uZnJfXzFmMGNiNzM5LWFhMzQtNmZhMC05YThiLTg5MDJmYWE1OTFlNF9fTmV3c0ZsYXNo_En qu\u00eate de respectabilit\u00e9, l\u2019AfD lance en Allemagne sa nouvelle organisation de jeunesse_386&quot;, &quot;customIDSPE&quot;: &quot;bGVmaWdhcm8uZnJfXzFmMGNiNzM5LWFhMzQtNmZhMC05YThiLTg5MDJmYWE1OTFlNF9fTmV3c0ZsYXNo&quot;, &quot;event&quot;: &quot;customEventSPE&quot;}\" rel=\"nofollow noopener\" target=\"_blank\"><br \/>\n                    Connectez-vous<br \/>\n                <\/a>\n            <\/p>\n","protected":false},"excerpt":{"rendered":"D\u00c9CRYPTAGE &#8211; La cr\u00e9ation de Generation Deutschland intervient alors que l\u2019Allemagne se d\u00e9chire sur la position \u00e0 adopter&hellip;\n","protected":false},"author":2,"featured_media":566776,"comment_status":"","ping_status":"","sticky":false,"template":"","format":"standard","meta":{"footnotes":""},"categories":[1587],"tags":[11,1862,672,1804,1805,1803,1777,674,1801,12,1802],"class_list":{"0":"post-566775","1":"post","2":"type-post","3":"status-publish","4":"format-standard","5":"has-post-thumbnail","7":"category-allemagne","8":"tag-actualites","9":"tag-afd","10":"tag-allemagne","11":"tag-bundesrepublik-deutschland","12":"tag-de","13":"tag-deutschland","14":"tag-eu","15":"tag-europe","16":"tag-germany","17":"tag-news","18":"tag-republique-federale-dallemagne"},"share_on_mastodon":{"url":"https:\/\/pubeurope.com\/@fr\/115633356066883508","error":""},"_links":{"self":[{"href":"https:\/\/www.europesays.com\/fr\/wp-json\/wp\/v2\/posts\/566775","targetHints":{"allow":["GET"]}}],"collection":[{"href":"https:\/\/www.europesays.com\/fr\/wp-json\/wp\/v2\/posts"}],"about":[{"href":"https:\/\/www.europesays.com\/fr\/wp-json\/wp\/v2\/types\/post"}],"author":[{"embeddable":true,"href":"https:\/\/www.europesays.com\/fr\/wp-json\/wp\/v2\/users\/2"}],"replies":[{"embeddable":true,"href":"https:\/\/www.europesays.com\/fr\/wp-json\/wp\/v2\/comments?post=566775"}],"version-history":[{"count":0,"href":"https:\/\/www.europesays.com\/fr\/wp-json\/wp\/v2\/posts\/566775\/revisions"}],"wp:featuredmedia":[{"embeddable":true,"href":"https:\/\/www.europesays.com\/fr\/wp-json\/wp\/v2\/media\/566776"}],"wp:attachment":[{"href":"https:\/\/www.europesays.com\/fr\/wp-json\/wp\/v2\/media?parent=566775"}],"wp:term":[{"taxonomy":"category","embeddable":true,"href":"https:\/\/www.europesays.com\/fr\/wp-json\/wp\/v2\/categories?post=566775"},{"taxonomy":"post_tag","embeddable":true,"href":"https:\/\/www.europesays.com\/fr\/wp-json\/wp\/v2\/tags?post=566775"}],"curies":[{"name":"wp","href":"https:\/\/api.w.org\/{rel}","templated":true}]}}