{"id":566779,"date":"2025-11-29T14:04:12","date_gmt":"2025-11-29T14:04:12","guid":{"rendered":"https:\/\/www.europesays.com\/fr\/566779\/"},"modified":"2025-11-29T14:04:12","modified_gmt":"2025-11-29T14:04:12","slug":"lue-etudie-la-designation-de-2-nouveaux-produits-apple-pour-une-surveillance-reglementaire-accrue","status":"publish","type":"post","link":"https:\/\/www.europesays.com\/fr\/566779\/","title":{"rendered":"L\u2019UE \u00e9tudie la d\u00e9signation de 2 nouveaux produits Apple pour une surveillance r\u00e9glementaire accrue"},"content":{"rendered":"<p>Jusqu\u2019\u00e0 pr\u00e9sent \u00e9pargn\u00e9s par les r\u00e8gles du Digital Markets Act, Apple Ads, le service publicitaire d\u2019<a href=\"https:\/\/www.presse-citron.net\/bourse\/acheter-actions\/apple\/\" target=\"_blank\" rel=\"noopener\">Apple<\/a>, et l\u2019application Apple Plans, pourraient faire l\u2019objet d\u2019une surveillance r\u00e9glementaire accrue de la part de Bruxelles. En effet, dans un communiqu\u00e9, la Commission europ\u00e9enne indique qu\u2019elle a re\u00e7u une notification d\u2019Apple que ces deux produits d\u00e9passent les seuils pr\u00e9vus par le Digital Markets Act. Par cons\u00e9quent, la Commission va d\u00e9sormais \u00e9tudier le dossier pour savoir si elle doit imposer les r\u00e8gles de cette l\u00e9gislation \u00e0 Apple Ads et Apple Plans.<\/p>\n<p>Une d\u00e9cision sera rendue d\u2019ici 45 jours. Et si ces deux services font l\u2019objet d\u2019une d\u00e9signation officielle, Apple aura un d\u00e9lai de six mois pour rendre ceux-ci conformes au Digital Markets Act. \u201cLes r\u00e8gles de la DMA s\u2019appliquent aux entreprises qui exploitent des services de plateformes de base, tels que les moteurs de recherche, les boutiques d\u2019applications et les services de messagerie, qui ont une incidence significative sur le march\u00e9 int\u00e9rieur, occupent une position forte et durable sur le march\u00e9 et constituent une passerelle importante entre les entreprises et les consommateurs. Cela est pr\u00e9sum\u00e9 pour les services qui comptent 45 millions d\u2019utilisateurs finaux actifs par mois et 10\u00a0000 utilisateurs professionnels par an au cours de chacun des trois derniers exercices financiers\u201d, rappelle la Commission europ\u00e9enne. Par exemple, les r\u00e8gles du Digital Markets Act s\u2019appliquent d\u00e9j\u00e0 \u00e0 <a href=\"https:\/\/www.presse-citron.net\/telecharger\/geographie-et-voyage\/cartographie-geolocalisation\/google-maps.html\" target=\"_blank\" rel=\"noopener\">Google Maps.<\/a><\/p>\n<p> Apple plaiderait pour que le DMA ne s\u2019applique pas \u00e0 ces services <\/p>\n<p>Pour rappel, le Digital Markets Act vise \u00e0 encadrer les services populaires des grands acteurs de la tech, afin d\u2019assurer un march\u00e9 plus juste. Parmi les produits Apple d\u00e9j\u00e0 concern\u00e9s, il y a iOS et l\u2019App Store. Et c\u2019est par exemple pour \u00eatre conforme \u00e0 cette l\u00e9gislation qu\u2019Apple a autoris\u00e9 les concurrents de l\u2019App Store, pour la distribution d\u2019applications pour l\u2019iPhone, dans l\u2019Union europ\u00e9enne.<\/p>\n<p>D\u2019apr\u00e8s Reuters, Apple aurait d\u00e9j\u00e0 argument\u00e9 contre l\u2019inclusion d\u2019Apple Ads et d\u2019Apple Plans dans la liste des produits et services concern\u00e9s par le Digital Markets Act. En ce qui concerne Apple Ads, la firme de Cupertino aurait expliqu\u00e9 que ce service n\u2019est pas un grand acteur de la publicit\u00e9 en ligne dans l\u2019Union europ\u00e9enne, et que sa part de march\u00e9 est petite, par rapport aux concurrents tels que Google, Meta, Microsoft, TikTok ou X. Apple aurait aussi \u00e9voqu\u00e9 le fait qu\u2019Apple Ads n\u2019utilise pas de donn\u00e9es provenant d\u2019autres services Apple ou de produits tiers.<\/p>\n<p>En ce qui concerne Apple Plans, la firme aurait expliqu\u00e9 que son app de navigation est peu utilis\u00e9e dans l\u2019Union europ\u00e9enne, par rapport aux concurrents tels que Google Maps ou Waze. D\u2019autre part, Apple Plans n\u2019aurait pas de r\u00f4le d\u2019interm\u00e9diation entre les entreprises et leurs consommateurs.<\/p>\n<ul class=\"tldr\">\n<li>Apple a notifi\u00e9 la Commission europ\u00e9enne qu\u2019Apple Ads et Apple Plans ont franchi les seuils pr\u00e9vus par le Digital Markets Act<\/li>\n<li>Bruxelles doit maintenant d\u00e9terminer s\u2019il faut appliquer les r\u00e8gles suppl\u00e9mentaires de cette l\u00e9gislation \u00e0 ces deux services<\/li>\n<li>Apple aurait d\u00e9j\u00e0 envoy\u00e9 des arguments expliquant pourquoi le DMA ne devrait pas s\u2019appliquer \u00e0 Apple Ads et Apple Plans<\/li>\n<\/ul>\n<blockquote>\n<p class=\"text-base text-neutral-700 dark:text-neutral-300\">\ud83d\udccd Pour ne manquer aucune actualit\u00e9 de Presse-citron, suivez-nous sur <a href=\"https:\/\/news.google.com\/publications\/CAAqBggKMIPiNTC70wU?hl=fr&amp;gl=FR&amp;ceid=FR%3Afr\" target=\"_blank\" rel=\"noopener\">Google Actualit\u00e9s<\/a> et <a href=\"https:\/\/whatsapp.com\/channel\/0029VaCkGuz4NViitBXbEr0b\" target=\"_blank\" rel=\"noopener\">WhatsApp<\/a>.<\/p>\n<\/blockquote>\n","protected":false},"excerpt":{"rendered":"Jusqu\u2019\u00e0 pr\u00e9sent \u00e9pargn\u00e9s par les r\u00e8gles du Digital Markets Act, Apple Ads, le service publicitaire d\u2019Apple, et l\u2019application&hellip;\n","protected":false},"author":2,"featured_media":566780,"comment_status":"","ping_status":"","sticky":false,"template":"","format":"standard","meta":{"footnotes":""},"categories":[1586],"tags":[11,733,2196,1777,674,1779,1011,27,12,25,1778,364],"class_list":{"0":"post-566779","1":"post","2":"type-post","3":"status-publish","4":"format-standard","5":"has-post-thumbnail","7":"category-europe","8":"tag-actualites","9":"tag-apple","10":"tag-commission-europeenne","11":"tag-eu","12":"tag-europe","13":"tag-european-union","14":"tag-fr","15":"tag-france","16":"tag-news","17":"tag-republique-francaise","18":"tag-ue","19":"tag-union-europeenne"},"share_on_mastodon":{"url":"https:\/\/pubeurope.com\/@fr\/115633367522613363","error":""},"_links":{"self":[{"href":"https:\/\/www.europesays.com\/fr\/wp-json\/wp\/v2\/posts\/566779","targetHints":{"allow":["GET"]}}],"collection":[{"href":"https:\/\/www.europesays.com\/fr\/wp-json\/wp\/v2\/posts"}],"about":[{"href":"https:\/\/www.europesays.com\/fr\/wp-json\/wp\/v2\/types\/post"}],"author":[{"embeddable":true,"href":"https:\/\/www.europesays.com\/fr\/wp-json\/wp\/v2\/users\/2"}],"replies":[{"embeddable":true,"href":"https:\/\/www.europesays.com\/fr\/wp-json\/wp\/v2\/comments?post=566779"}],"version-history":[{"count":0,"href":"https:\/\/www.europesays.com\/fr\/wp-json\/wp\/v2\/posts\/566779\/revisions"}],"wp:featuredmedia":[{"embeddable":true,"href":"https:\/\/www.europesays.com\/fr\/wp-json\/wp\/v2\/media\/566780"}],"wp:attachment":[{"href":"https:\/\/www.europesays.com\/fr\/wp-json\/wp\/v2\/media?parent=566779"}],"wp:term":[{"taxonomy":"category","embeddable":true,"href":"https:\/\/www.europesays.com\/fr\/wp-json\/wp\/v2\/categories?post=566779"},{"taxonomy":"post_tag","embeddable":true,"href":"https:\/\/www.europesays.com\/fr\/wp-json\/wp\/v2\/tags?post=566779"}],"curies":[{"name":"wp","href":"https:\/\/api.w.org\/{rel}","templated":true}]}}