{"id":566791,"date":"2025-11-29T14:11:13","date_gmt":"2025-11-29T14:11:13","guid":{"rendered":"https:\/\/www.europesays.com\/fr\/566791\/"},"modified":"2025-11-29T14:11:13","modified_gmt":"2025-11-29T14:11:13","slug":"atp-quand-on-voit-que-novak-djokovic-qui-a-38-ans-est-toujours-la-il-nest-certes-plus-numero-un-mondial-mais-il-est-encore-dans-le-top-10-et-cest-une-bete-absolue-declare-jaume-munar-36e-m","status":"publish","type":"post","link":"https:\/\/www.europesays.com\/fr\/566791\/","title":{"rendered":"ATP > \u00ab\u00a0Quand on voit que Novak Djokovic, qui a 38 ans, est toujours l\u00e0. Il n&rsquo;est certes plus num\u00e9ro un mondial, mais il est encore dans le Top 10 et c&rsquo;est une b\u00eate absolue\u00a0\u00bb, d\u00e9clare Jaume Munar, 36e mondial"},"content":{"rendered":"<p>Auteur de la meilleure saison de sa carri\u00e8re avec une tr\u00e8s belle 36e place mondiale et un statut de num\u00e9ro 1\u202fen Coupe Davis avec l\u2019Espagne suite au forfait de Carlos Alcaraz, Jaume Munar \u00e9tait l\u2019in\u00advit\u00e9 de Radio MARCA Mallorca. <\/p>\n<p>Interrog\u00e9 sur ses objec\u00adtifs \u00e0 long terme, comme le fait de jouer apr\u00e8s 35 ans, l\u2019Espagnol a forc\u00e9\u00adment cit\u00e9 l\u2019exemple de Novak Djokovic, 4e joueur mondial \u00e0 38\u00a0ans.\u00a0<\/p>\n<p><strong>\u00ab\u202fJe fais ce que j\u2019aime, et plus je peux en profiter long\u00adtemps, mieux c\u2019est. Si vous me posez la ques\u00adtion aujourd\u2019hui, je pense que oui. Le fait est que nous verrons comment mon corps tiendra le coup, comment je serai physi\u00adque\u00adment. Mais dans mes projets et ma pr\u00e9pa\u00adra\u00adtion, il y a bien s\u00fbr le fait de profiter encore de nombreuses ann\u00e9es de tennis. Quand on voit que Novak Djokovic, qui a 38 ans, est toujours l\u00e0. Il n\u2019est certes plus num\u00e9ro un mondial, mais je pense qu\u2019il est dans le top 10 et c\u2019est une b\u00eate absolue.\u202f\u00bb<\/strong><\/p>\n<p class=\"post-published-date\" style=\"color: silver; font-size: 75%; text-align: left;\">Publi\u00e9 le samedi 29 novembre 2025 \u00e0 14:06<\/p>\n","protected":false},"excerpt":{"rendered":"Auteur de la meilleure saison de sa carri\u00e8re avec une tr\u00e8s belle 36e place mondiale et un statut&hellip;\n","protected":false},"author":2,"featured_media":457153,"comment_status":"","ping_status":"","sticky":false,"template":"","format":"standard","meta":{"footnotes":""},"categories":[1415],"tags":[1744,105,1011,27,60,1467],"class_list":{"0":"post-566791","1":"post","2":"type-post","3":"status-publish","4":"format-standard","5":"has-post-thumbnail","7":"category-tennis","8":"tag-alcaraz","9":"tag-djokovic","10":"tag-fr","11":"tag-france","12":"tag-sports","13":"tag-tennis"},"share_on_mastodon":{"url":"https:\/\/pubeurope.com\/@fr\/115633394999820764","error":""},"_links":{"self":[{"href":"https:\/\/www.europesays.com\/fr\/wp-json\/wp\/v2\/posts\/566791","targetHints":{"allow":["GET"]}}],"collection":[{"href":"https:\/\/www.europesays.com\/fr\/wp-json\/wp\/v2\/posts"}],"about":[{"href":"https:\/\/www.europesays.com\/fr\/wp-json\/wp\/v2\/types\/post"}],"author":[{"embeddable":true,"href":"https:\/\/www.europesays.com\/fr\/wp-json\/wp\/v2\/users\/2"}],"replies":[{"embeddable":true,"href":"https:\/\/www.europesays.com\/fr\/wp-json\/wp\/v2\/comments?post=566791"}],"version-history":[{"count":0,"href":"https:\/\/www.europesays.com\/fr\/wp-json\/wp\/v2\/posts\/566791\/revisions"}],"wp:featuredmedia":[{"embeddable":true,"href":"https:\/\/www.europesays.com\/fr\/wp-json\/wp\/v2\/media\/457153"}],"wp:attachment":[{"href":"https:\/\/www.europesays.com\/fr\/wp-json\/wp\/v2\/media?parent=566791"}],"wp:term":[{"taxonomy":"category","embeddable":true,"href":"https:\/\/www.europesays.com\/fr\/wp-json\/wp\/v2\/categories?post=566791"},{"taxonomy":"post_tag","embeddable":true,"href":"https:\/\/www.europesays.com\/fr\/wp-json\/wp\/v2\/tags?post=566791"}],"curies":[{"name":"wp","href":"https:\/\/api.w.org\/{rel}","templated":true}]}}