{"id":566792,"date":"2025-11-29T14:15:18","date_gmt":"2025-11-29T14:15:18","guid":{"rendered":"https:\/\/www.europesays.com\/fr\/566792\/"},"modified":"2025-11-29T14:15:18","modified_gmt":"2025-11-29T14:15:18","slug":"eloane-lebreton-cest-inattendu-mais-jai-bosse-pour-actualite","status":"publish","type":"post","link":"https:\/\/www.europesays.com\/fr\/566792\/","title":{"rendered":"Eloane Lebreton : \u00ab C\u2019est inattendu mais j\u2019ai boss\u00e9 pour \u00bb &#8211; Actualit\u00e9"},"content":{"rendered":"<p style=\"text-align: justify;\">Son histoire avec le v\u00e9lo est une affaire de famille. <strong><a href=\"https:\/\/www.directvelo.com\/coureur\/57613\/eloane-lebreton\" target=\"_blank\" rel=\"noopener\">Eloane Lebreton<\/a><\/strong>, 16 ans et aujourd\u2019hui licenci\u00e9e au VC Pays de Loud\u00e9ac, a commenc\u00e9 le v\u00e9lo \u00e0 5 ans. Une vocation n\u00e9e lors d\u2019un Championnat\u00a0national FSGT que son p\u00e8re, \u00c9ric, disputait alors. Ce dimanche, c\u2019est la Finist\u00e9rienne, Junior 1re ann\u00e9e, qui sera sur le v\u00e9lo devant ses proches pour sa toute premi\u00e8re manche de Coupe du Monde, \u00e0 Flamanville.<\/p>\n<p>Pour la future coureuse de la Breizh Ladies, le cyclo-cross \u201cc\u2019est vraiment une discipline de guerrier o\u00f9 c\u2019est le plus fort qui parle. Si tu n\u2019es pas technique ou si tu n\u2019as pas le mental, tu n\u2019auras pas de r\u00e9sultats\u201d. La technique, c\u2019est justement son principal atout, m\u00eame si elle n\u2019est pas en reste physiquement. \u201cDepuis le d\u00e9but de la saison, je me surprends \u00e0 ce niveau-l\u00e0\u201d, confie-t-elle \u00e0 DirectVelo. Cette \u00e9volution lui permet de ne pas \u00eatre loin des meilleures\u00a0fran\u00e7aises pour son entr\u00e9e dans la cat\u00e9gorie U19, comme en attestent ses bonnes courses sur les premi\u00e8res manches de Coupe de France o\u00f9 elle s\u2019est class\u00e9e 5e et 7e \u00e0 Albi, 5e et 6e \u00e0 Quelneuc.<\/p>\n<p><strong>\u00ab PAS DU TOUT UN OBJECTIF \u00bb<\/strong><\/p>\n<p>Ses bons r\u00e9sultats ont tap\u00e9 dans l\u2019\u0153il de Fran\u00e7ois Trarieux. Le s\u00e9lectionneur l\u2019a retenu en \u00e9quipe de France pour la deuxi\u00e8me manche de la Coupe du Monde, la seule de l\u2019hiver disput\u00e9e en France. \u201cCe n\u2019\u00e9tait pas du tout un objectif. J\u2019ai commenc\u00e9 ma saison de cross en y allant sans pression, sans objectifs de r\u00e9sultats. Je me pr\u00e9pare vraiment pour ma saison de route. Finalement, je vois qu\u2019en y allant sans pression et d\u00e9tendue \u00e0 chaque d\u00e9part, c\u2019est cela qui marche\u201d. Mais cette s\u00e9lection n&rsquo;arrive pas par hasard. \u201cC\u2019est inattendu mais j\u2019ai boss\u00e9 pour, je suis contente d\u2019avoir pu l\u2019avoir\u201d.<\/p>\n<p>La marche sera tr\u00e8s haute ce dimanche matin, elle en est consciente et prendra le d\u00e9part une nouvelle fois sans pression. \u201cJ\u2019y vais pour d\u00e9couvrir ce que c\u2019est qu\u2019une Coupe du Monde et son ambiance. Je n\u2019y vais pas avec d\u2019objectifs de r\u00e9sultats. Avec un Top 15 ou Top 20, je serais contente. J\u2019y vais juste pour prendre un maximum de plaisir et pour tout donner jusqu\u2019\u00e0 la fin pour\u00a0obtenir le meilleur r\u00e9sultat possible\u201d.<\/p>\n<p>Elle appr\u00e9cie le circuit normand o\u00f9 elle avait couru une manche de Coupe de France Cadettes il y a deux ans. \u201cC\u2019\u00e9tait ma premi\u00e8re ann\u00e9e en U17, j\u2019\u00e9tais dans le Top 5 d\u00e8s le premier tour\u201d. M\u00eame si un incident m\u00e9canique l\u2019a fait reculer \u00e0 la 11e place, elle en garde un bon souvenir. \u201cC\u2019est un circuit technique et o\u00f9 il faut d\u00e9velopper tout ce que j\u2019aime bien. Il correspond parfaitement \u00e0 mes qualit\u00e9s\u201d. De quoi pr\u00e9sager de bonnes choses avant la course de dimanche.<\/p>\n<p><strong>\u00ab ALLER JOUER LE PODIUM \u00bb<\/strong><\/p>\n<p>Apr\u00e8s Flamanville, Eloane Lebreton aimerait ramener la semaine prochaine un autre maillot de Championne de Bretagne \u00e0 son \u00e9quipe. Ce qui lui permettrait d\u2019aborder la suite de sa saison dans les sous-bois de la meilleure des mani\u00e8res. \u00c0 commencer par la derni\u00e8re manche de la Coupe de France, le 14 d\u00e9cembre, \u00e0 Ouistreham (Calvados). Et l\u00e0 aussi, le terrain lui pla\u00eet. \u201cC\u2019est dans le sable, et le sable je connais bien. J\u2019habite \u00e0 20 minutes de la mer. J\u2019ai h\u00e2te d\u2019y participer et pourquoi pas d\u2019aller jouer le podium comme j\u2019ai pu le faire \u00e0 Quelneuc pour apporter encore le maximum de r\u00e9sultats \u00e0 Loud\u00e9ac\u201d.<\/p>\n<p>Un an apr\u00e8s sa 4e place en Cadettes \u00e0 Pontch\u00e2teau, le Championnat de France sera mi-janvier \u00e0 Troyes le principal objectif de sa saison hivernale. \u201cJe pense que \u00e7a va \u00eatre compliqu\u00e9 quand m\u00eame d\u2019aller chercher un podium, mais je vais me battre pour un Top 5. Pour cette ann\u00e9e, ce serait vraiment top\u201d.<\/p>\n","protected":false},"excerpt":{"rendered":"Son histoire avec le v\u00e9lo est une affaire de famille. Eloane Lebreton, 16 ans et aujourd\u2019hui licenci\u00e9e au&hellip;\n","protected":false},"author":2,"featured_media":566793,"comment_status":"","ping_status":"","sticky":false,"template":"","format":"standard","meta":{"footnotes":""},"categories":[1411],"tags":[834,828,836,829,837,827,83,826,824,823,1154,207,814,817,815,816,822,821,832,211,839,1011,27,820,818,819,835,831,830,833,838,60,212,208,825],"class_list":{"0":"post-566792","1":"post","2":"type-post","3":"status-publish","4":"format-standard","5":"has-post-thumbnail","7":"category-cyclisme","8":"tag-attaque","9":"tag-belgique","10":"tag-braquet","11":"tag-bretagne","12":"tag-chute","13":"tag-competition","14":"tag-coupe-de-france","15":"tag-coureur","16":"tag-course-cyclisme","17":"tag-course-cycliste","18":"tag-cycling","19":"tag-cyclisme","20":"tag-direct","21":"tag-direct-velo","22":"tag-directvelo","23":"tag-directvelo-com","24":"tag-epreuve","25":"tag-epreuve-cycliste","26":"tag-federation-francaise-de-cyclisme","27":"tag-ffc","28":"tag-flandres","29":"tag-fr","30":"tag-france","31":"tag-live","32":"tag-live-course","33":"tag-live-epreuve","34":"tag-peloton","35":"tag-radio-peloton","36":"tag-radio-tour","37":"tag-ravitaillement","38":"tag-relance","39":"tag-sports","40":"tag-uci","41":"tag-velo","42":"tag-velos"},"share_on_mastodon":{"url":"https:\/\/pubeurope.com\/@fr\/115633410806369640","error":""},"_links":{"self":[{"href":"https:\/\/www.europesays.com\/fr\/wp-json\/wp\/v2\/posts\/566792","targetHints":{"allow":["GET"]}}],"collection":[{"href":"https:\/\/www.europesays.com\/fr\/wp-json\/wp\/v2\/posts"}],"about":[{"href":"https:\/\/www.europesays.com\/fr\/wp-json\/wp\/v2\/types\/post"}],"author":[{"embeddable":true,"href":"https:\/\/www.europesays.com\/fr\/wp-json\/wp\/v2\/users\/2"}],"replies":[{"embeddable":true,"href":"https:\/\/www.europesays.com\/fr\/wp-json\/wp\/v2\/comments?post=566792"}],"version-history":[{"count":0,"href":"https:\/\/www.europesays.com\/fr\/wp-json\/wp\/v2\/posts\/566792\/revisions"}],"wp:featuredmedia":[{"embeddable":true,"href":"https:\/\/www.europesays.com\/fr\/wp-json\/wp\/v2\/media\/566793"}],"wp:attachment":[{"href":"https:\/\/www.europesays.com\/fr\/wp-json\/wp\/v2\/media?parent=566792"}],"wp:term":[{"taxonomy":"category","embeddable":true,"href":"https:\/\/www.europesays.com\/fr\/wp-json\/wp\/v2\/categories?post=566792"},{"taxonomy":"post_tag","embeddable":true,"href":"https:\/\/www.europesays.com\/fr\/wp-json\/wp\/v2\/tags?post=566792"}],"curies":[{"name":"wp","href":"https:\/\/api.w.org\/{rel}","templated":true}]}}