{"id":566798,"date":"2025-11-29T14:18:18","date_gmt":"2025-11-29T14:18:18","guid":{"rendered":"https:\/\/www.europesays.com\/fr\/566798\/"},"modified":"2025-11-29T14:18:18","modified_gmt":"2025-11-29T14:18:18","slug":"au-musee-matisse-de-nice-le-chemin-de-croix-du-peintre","status":"publish","type":"post","link":"https:\/\/www.europesays.com\/fr\/566798\/","title":{"rendered":"Au\u00a0Mus\u00e9e Matisse de Nice, le \u00ab\u00a0Chemin de croix\u00a0\u00bb du\u00a0peintre"},"content":{"rendered":"<p>                     <img loading=\"lazy\" decoding=\"async\" src=\"https:\/\/www.europesays.com\/fr\/wp-content\/uploads\/2025\/11\/000968e_upload-1-zmhbwbhrtbtj-vue-de-l-inte-rieur-de-la-chapelle-du-rosaire-a-vence-franc-ois-fernan.jpeg\" alt=\"Vue de l\u2019int\u00e9rieur de la chapelle du Rosaire, r\u00e9alis\u00e9e par Henri Matisse, \u00e0 Vence (Alpes-Maritimes).\"   width=\"664\" height=\"443\"\/>    Vue de l\u2019int\u00e9rieur de la chapelle du Rosaire, r\u00e9alis\u00e9e par Henri Matisse, \u00e0 Vence (Alpes-Maritimes).  FRAN\u00c7OIS FERNANDEZ                 <\/p>\n<p class=\"article__paragraph  \">Elle fait pourtant partie de ce qui fut sa r\u00e9alisation la plus ambitieuse, la chapelle du Rosaire, r\u00e9alis\u00e9e pour les s\u0153urs du couvent des dominicaines de Vence (Alpes-Maritimes), mais c\u2019est sans doute l\u2019\u0153uvre d\u2019Henri Matisse la moins aim\u00e9e \u2013 seul Pablo Picasso l\u2019avait appr\u00e9ci\u00e9e \u2013 et aussi la moins \u00e9tudi\u00e9e, jusqu\u2019\u00e0 maintenant. M\u00eame les \u00ab\u00a0matissol\u00e2tres\u00a0\u00bb sont g\u00ean\u00e9s, Pierre Schneider en t\u00eate\u00a0: dans la somme qu\u2019il publia sur l\u2019artiste, Matisse (Flammarion, 1984), il ne lui consacre que quelques paragraphes, qui disent tout son d\u00e9sarroi.<\/p>\n<p>   Lire plus tard  <\/p>\n<p class=\"article__paragraph  \">Le\u00a0Chemin de croix, une des mosa\u00efques les plus singuli\u00e8res du travail de l\u2019artiste, est enfin l\u2019objet d\u2019une \u00e9tude approfondie, entreprise par l\u2019historien d\u2019art Yve-Alain Bois, commissaire d\u2019une exposition consacr\u00e9e sp\u00e9cifiquement \u00e0 l\u2019\u0153uvre par Aymeric Jeudy au Mus\u00e9e Matisse de Nice (avant le Baltimore Museum of Art en\u00a02026), o\u00f9 sont montr\u00e9es\u00a080 des tr\u00e8s nombreuses esquisses pr\u00e9paratoires. On pr\u00e9f\u00e9rera, et pas seulement pour des raisons pratiques, visiter la premi\u00e8re, qui permet, pour peu qu\u2019on se d\u00e9place aussi \u00e0 Vence, de se confronter \u00e0 l\u2019\u0153uvre achev\u00e9e.<\/p>\n<p class=\"reading-mode-only \"><strong>Il vous reste 82.82% de cet article \u00e0 lire. La suite est r\u00e9serv\u00e9e aux abonn\u00e9s.<\/strong><\/p>\n","protected":false},"excerpt":{"rendered":"Vue de l\u2019int\u00e9rieur de la chapelle du Rosaire, r\u00e9alis\u00e9e par Henri Matisse, \u00e0 Vence (Alpes-Maritimes). FRAN\u00c7OIS FERNANDEZ Elle&hellip;\n","protected":false},"author":2,"featured_media":566799,"comment_status":"","ping_status":"","sticky":false,"template":"","format":"standard","meta":{"footnotes":""},"categories":[1358],"tags":[1348,1384,1385,1386,58,59,1011,27],"class_list":{"0":"post-566798","1":"post","2":"type-post","3":"status-publish","4":"format-standard","5":"has-post-thumbnail","7":"category-arts-et-design","8":"tag-arts","9":"tag-arts-and-design","10":"tag-arts-et-design","11":"tag-design","12":"tag-divertissement","13":"tag-entertainment","14":"tag-fr","15":"tag-france"},"share_on_mastodon":{"url":"https:\/\/pubeurope.com\/@fr\/115633423829064246","error":""},"_links":{"self":[{"href":"https:\/\/www.europesays.com\/fr\/wp-json\/wp\/v2\/posts\/566798","targetHints":{"allow":["GET"]}}],"collection":[{"href":"https:\/\/www.europesays.com\/fr\/wp-json\/wp\/v2\/posts"}],"about":[{"href":"https:\/\/www.europesays.com\/fr\/wp-json\/wp\/v2\/types\/post"}],"author":[{"embeddable":true,"href":"https:\/\/www.europesays.com\/fr\/wp-json\/wp\/v2\/users\/2"}],"replies":[{"embeddable":true,"href":"https:\/\/www.europesays.com\/fr\/wp-json\/wp\/v2\/comments?post=566798"}],"version-history":[{"count":0,"href":"https:\/\/www.europesays.com\/fr\/wp-json\/wp\/v2\/posts\/566798\/revisions"}],"wp:featuredmedia":[{"embeddable":true,"href":"https:\/\/www.europesays.com\/fr\/wp-json\/wp\/v2\/media\/566799"}],"wp:attachment":[{"href":"https:\/\/www.europesays.com\/fr\/wp-json\/wp\/v2\/media?parent=566798"}],"wp:term":[{"taxonomy":"category","embeddable":true,"href":"https:\/\/www.europesays.com\/fr\/wp-json\/wp\/v2\/categories?post=566798"},{"taxonomy":"post_tag","embeddable":true,"href":"https:\/\/www.europesays.com\/fr\/wp-json\/wp\/v2\/tags?post=566798"}],"curies":[{"name":"wp","href":"https:\/\/api.w.org\/{rel}","templated":true}]}}