{"id":566800,"date":"2025-11-29T14:20:17","date_gmt":"2025-11-29T14:20:17","guid":{"rendered":"https:\/\/www.europesays.com\/fr\/566800\/"},"modified":"2025-11-29T14:20:17","modified_gmt":"2025-11-29T14:20:17","slug":"audiences-10h35-au-lendemain-du-complement-denquete-anti-cnews-morandini-live-senvole-avec-plus-dun-demi-million-de-telespectateurs-et-un-ecart-historique-avec-la-concurrence","status":"publish","type":"post","link":"https:\/\/www.europesays.com\/fr\/566800\/","title":{"rendered":"Audiences 10h35: Au lendemain du Compl\u00e9ment d&rsquo;enqu\u00eate anti-CNews, Morandini Live s&rsquo;envole avec plus d&rsquo;un demi-million de t\u00e9l\u00e9spectateurs et un \u00e9cart historique avec la concurrence"},"content":{"rendered":"<p>\u00a0Au lendemain du Compl\u00e9ment d&rsquo;enqu\u00eate anti CNews, l&rsquo;audience de Morandini Live s&rsquo;envole avec plus d&rsquo;un demi-million de t\u00e9l\u00e9spectateurs et un \u00e9cart historique avec la concurrence. Si l&rsquo;objectif \u00e9tait d&rsquo;affaiblir la premi\u00e8re cha\u00eene info de France, le moins que l&rsquo;on puisse dire c&rsquo;est que c&rsquo;est rat\u00e9, et c&rsquo;est m\u00eame un effet boomerang, car la cha\u00eene \u00e9tait tr\u00e8s puissante hier et Morandini Live \u00e0 partir de 10h35 a m\u00eame enregistr\u00e9 un \u00e9cart record avec BFM TV.<\/p>\n<p>Quand \u00e0 France Info qui se plaisait \u00e0 rediffuser des extraits de son magazine Compl\u00e9ment d&rsquo;enqu\u00eate, la cha\u00eene fait \u00e0 cette heure l\u00e0 5 fois moins d&rsquo;audience que Morandini Live.<\/p>\n<p>Toute l&rsquo;\u00e9quipe de Morandini Live, vous donne rendez-vous, lundi en direct pour continuer \u00e0 parler de la vraie vie, du r\u00e9el et de la vraie situation en France.<\/p>\n<p>Rendez-vous lundi, en direct, \u00e0 partir de 10h35, sur la premi\u00e8re cha\u00eene info de France : CNews<\/p>\n<p>        Morandini Live<br \/>\n        14.5 % de PDA\n        <\/p>\n<p>        515 000<\/p>\n<p>        Arnaud Direct<br \/>\n        4.2 % de PDA\n        <\/p>\n<p>        148 000<\/p>\n<p>        Tranche info<br \/>\n        3.3 % de PDA\n        <\/p>\n<p>        119 000<\/p>\n<p>        Tranche info<br \/>\n        2.6 % de PDA\n        <\/p>\n<p>        91 000<\/p>\n<p>  Le Top des parts de march\u00e9<\/p>\n","protected":false},"excerpt":{"rendered":"\u00a0Au lendemain du Compl\u00e9ment d&rsquo;enqu\u00eate anti CNews, l&rsquo;audience de Morandini Live s&rsquo;envole avec plus d&rsquo;un demi-million de t\u00e9l\u00e9spectateurs&hellip;\n","protected":false},"author":2,"featured_media":546796,"comment_status":"","ping_status":"","sticky":false,"template":"","format":"standard","meta":{"footnotes":""},"categories":[1356],"tags":[2367,58,59,1011,27,51560,252,1364],"class_list":{"0":"post-566800","1":"post","2":"type-post","3":"status-publish","4":"format-standard","5":"has-post-thumbnail","7":"category-television","8":"tag-audiences","9":"tag-divertissement","10":"tag-entertainment","11":"tag-fr","12":"tag-france","13":"tag-morandini-live","14":"tag-television","15":"tag-tv"},"share_on_mastodon":{"url":"","error":""},"_links":{"self":[{"href":"https:\/\/www.europesays.com\/fr\/wp-json\/wp\/v2\/posts\/566800","targetHints":{"allow":["GET"]}}],"collection":[{"href":"https:\/\/www.europesays.com\/fr\/wp-json\/wp\/v2\/posts"}],"about":[{"href":"https:\/\/www.europesays.com\/fr\/wp-json\/wp\/v2\/types\/post"}],"author":[{"embeddable":true,"href":"https:\/\/www.europesays.com\/fr\/wp-json\/wp\/v2\/users\/2"}],"replies":[{"embeddable":true,"href":"https:\/\/www.europesays.com\/fr\/wp-json\/wp\/v2\/comments?post=566800"}],"version-history":[{"count":0,"href":"https:\/\/www.europesays.com\/fr\/wp-json\/wp\/v2\/posts\/566800\/revisions"}],"wp:featuredmedia":[{"embeddable":true,"href":"https:\/\/www.europesays.com\/fr\/wp-json\/wp\/v2\/media\/546796"}],"wp:attachment":[{"href":"https:\/\/www.europesays.com\/fr\/wp-json\/wp\/v2\/media?parent=566800"}],"wp:term":[{"taxonomy":"category","embeddable":true,"href":"https:\/\/www.europesays.com\/fr\/wp-json\/wp\/v2\/categories?post=566800"},{"taxonomy":"post_tag","embeddable":true,"href":"https:\/\/www.europesays.com\/fr\/wp-json\/wp\/v2\/tags?post=566800"}],"curies":[{"name":"wp","href":"https:\/\/api.w.org\/{rel}","templated":true}]}}