{"id":566801,"date":"2025-11-29T14:21:12","date_gmt":"2025-11-29T14:21:12","guid":{"rendered":"https:\/\/www.europesays.com\/fr\/566801\/"},"modified":"2025-11-29T14:21:12","modified_gmt":"2025-11-29T14:21:12","slug":"les-enfoires-la-star-ac-age-tendre-et-tete-de-bois-catherine-lara-sans-filtres","status":"publish","type":"post","link":"https:\/\/www.europesays.com\/fr\/566801\/","title":{"rendered":"Les Enfoir\u00e9s, la Star Ac, \u00ab \u00c2ge tendre et t\u00eate de bois \u00bb&#8230; Catherine Lara sans filtres"},"content":{"rendered":"<p>Invit\u00e9e de l&rsquo;\u00e9mission \u00ab\u00a0On refait la t\u00e9l\u00e9 \u00bb sur RTL, la chanteuse de \u00ab Nuit magique \u00bb s&rsquo;est l\u00e2ch\u00e9e et a d\u00e9montr\u00e9 qu&rsquo;elle tenait toujours \u00e0 son franc-parler.<\/p>\n<p><a href=\"https:\/\/www.parismatch.com\/Culture\/Musique\/Catherine-Lara-rejoue-le-tourbillon-de-sa-vie-1673161\" target=\"_blank\" rel=\"noopener\">Catherine Lara, c&rsquo;est un instrument, le violon,<\/a> deux tubes iconiques, \u00ab Nuit magique \u00bb et \u00ab La rockeuse de diamants \u00bb, et un franc-parler. L&rsquo;artiste a r\u00e9agi \u00e0 l&rsquo;interpr\u00e9tation par Ambre de la Star Academy de \u00ab Nuit magique \u00bb en saluant sa performance. \u00ab Elle avait quelque chose de rocailleux, d&rsquo;authentique, c&rsquo;\u00e9tait chouette. J&rsquo;ai trouv\u00e9 la gamine formidable, a-t-elle d\u00e9clar\u00e9 sur RTL avant de trancher : Mais les t\u00e9l\u00e9-crochets, j&rsquo;aime pas \u00e7a. \u00bb<\/p>\n<p>\u00ab Dans la musique, il n&rsquo;y a pas un plus fort, un moins fort. C&rsquo;est une affaire de go\u00fbt. \u00c7a me d\u00e9range. Ceux qui ne gagnent pas sont tellement tristes (&#8230;) Je n&rsquo;ai pas confiance dans les d\u00e9cisions. La musique n&rsquo;est pas un concours, c&rsquo;est pour tout le monde \u00bb, lance-t-elle. Catherine Lara confie avoir \u00e9t\u00e9 approch\u00e9e pour \u00eatre jur\u00e9e dans un t\u00e9l\u00e9-crochet. Elle a refus\u00e9. \u00ab Je ne me vois pas dire \u00e0 quelqu&rsquo;un qu&rsquo;il chante comme un pied. Je lui dirais : T&rsquo;es formidable \u00bb, s&rsquo;amuse-t-elle.<\/p>\n<p>    La suite apr\u00e8s cette publicit\u00e9<\/p>\n<p>\u00ab Arthrose et jambes de bois\u00a0\u00bb<\/p>\n<p>Autre remarque acerbe : le spectacle des Enfoir\u00e9s. Sa derni\u00e8re r\u00e9apparition date de 2022. \u00ab C&rsquo;\u00e9tait une piq\u00fbre de rappel. J&rsquo;ai jou\u00e9 du violon \u00bb, lance-t-elle avant d&rsquo;expliquer qu&rsquo;elle ne veut plus y retourner. \u00ab J&rsquo;ai aim\u00e9 \u00e7a quand on pouvait davantage chanter, faire des duos. Je me souviens avoir interpr\u00e9t\u00e9 \u00ab\u00a0Le premier pas\u00a0\u00bb avec Jean-Jacques Goldman et Patrick Bruel. On faisait la chanson en entier. On avait le temps de d\u00e9poser une \u00e9motion en quelque sorte. Aujourd&rsquo;hui, on fait deux phrases et on sort \u00bb, regrette-t-elle. Et d&rsquo;ajouter : \u00ab Ce qui m&rsquo;ennuyait, c&rsquo;est qu&rsquo;il y avait des gens qui arrivaient le samedi et le dimanche juste pour faire la t\u00e9l\u00e9vision alors que nous, on faisait toute la semaine. Cela nous restait en travers du gosier. \u00bb \u00ab Malgr\u00e9 tout, \u00e7a nourrit des gens \u00bb, signale la chanteuse aux \u00e9ternelles lunettes noires.<\/p>\n<p>    La suite apr\u00e8s cette publicit\u00e9<\/p>\n<p>Catherine Lara est enfin revenue sur sa participation \u00e0 la tourn\u00e9e des l\u00e9gendes \u00ab \u00c2ge tendre et t\u00eate de bois \u00bb. \u00ab Arthrose et jambes de bois, corrige-t-elle. Il y a des moments o\u00f9, quand on vous propose beaucoup d&rsquo;argent, on y va. Je l&rsquo;ai fait pour \u00e7a. J&rsquo;ai rencontr\u00e9 des belles personnes, mais ce circuit-circus terrible avec un non-respect des artistes, non merci ! \u00bb<\/p>\n","protected":false},"excerpt":{"rendered":"Invit\u00e9e de l&rsquo;\u00e9mission \u00ab\u00a0On refait la t\u00e9l\u00e9 \u00bb sur RTL, la chanteuse de \u00ab Nuit magique \u00bb s&rsquo;est&hellip;\n","protected":false},"author":2,"featured_media":566802,"comment_status":"","ping_status":"","sticky":false,"template":"","format":"standard","meta":{"footnotes":""},"categories":[1355],"tags":[58,59,1011,27,1361,873],"class_list":{"0":"post-566801","1":"post","2":"type-post","3":"status-publish","4":"format-standard","5":"has-post-thumbnail","7":"category-musique","8":"tag-divertissement","9":"tag-entertainment","10":"tag-fr","11":"tag-france","12":"tag-music","13":"tag-musique"},"share_on_mastodon":{"url":"https:\/\/pubeurope.com\/@fr\/115633434445758475","error":""},"_links":{"self":[{"href":"https:\/\/www.europesays.com\/fr\/wp-json\/wp\/v2\/posts\/566801","targetHints":{"allow":["GET"]}}],"collection":[{"href":"https:\/\/www.europesays.com\/fr\/wp-json\/wp\/v2\/posts"}],"about":[{"href":"https:\/\/www.europesays.com\/fr\/wp-json\/wp\/v2\/types\/post"}],"author":[{"embeddable":true,"href":"https:\/\/www.europesays.com\/fr\/wp-json\/wp\/v2\/users\/2"}],"replies":[{"embeddable":true,"href":"https:\/\/www.europesays.com\/fr\/wp-json\/wp\/v2\/comments?post=566801"}],"version-history":[{"count":0,"href":"https:\/\/www.europesays.com\/fr\/wp-json\/wp\/v2\/posts\/566801\/revisions"}],"wp:featuredmedia":[{"embeddable":true,"href":"https:\/\/www.europesays.com\/fr\/wp-json\/wp\/v2\/media\/566802"}],"wp:attachment":[{"href":"https:\/\/www.europesays.com\/fr\/wp-json\/wp\/v2\/media?parent=566801"}],"wp:term":[{"taxonomy":"category","embeddable":true,"href":"https:\/\/www.europesays.com\/fr\/wp-json\/wp\/v2\/categories?post=566801"},{"taxonomy":"post_tag","embeddable":true,"href":"https:\/\/www.europesays.com\/fr\/wp-json\/wp\/v2\/tags?post=566801"}],"curies":[{"name":"wp","href":"https:\/\/api.w.org\/{rel}","templated":true}]}}