{"id":566803,"date":"2025-11-29T14:22:17","date_gmt":"2025-11-29T14:22:17","guid":{"rendered":"https:\/\/www.europesays.com\/fr\/566803\/"},"modified":"2025-11-29T14:22:17","modified_gmt":"2025-11-29T14:22:17","slug":"un-documentaire-qui-retrace-la-vie-de-licone-francaise-b-b-arrive-au-cinema","status":"publish","type":"post","link":"https:\/\/www.europesays.com\/fr\/566803\/","title":{"rendered":"un documentaire qui retrace la vie de l\u2019ic\u00f4ne fran\u00e7aise B.B arrive au cin\u00e9ma"},"content":{"rendered":"<p>\n    La star de 91 ans a accept\u00e9 de participer \u00e0 ce documentaire, r\u00e9pondant aux questions des r\u00e9alisateurs aux c\u00f4t\u00e9s de ses animaux dans sa r\u00e9sidence de \u00abLa Garrigue\u00bb, non loin de Saint-Tropez.<\/p>\n<p class=\"fig-paragraph\">Star plan\u00e9taire \u00e0 21 ans, ic\u00f4ne de mode, figure f\u00e9minine des ann\u00e9es 1960 et grande avocate de la cause animale&#8230;\u00a0<a href=\"https:\/\/video.lefigaro.fr\/figaro\/culture\/brigitte-bardot-a-nouveau-prise-en-charge-dans-un-hopital-de-toulon-20251125\" target=\"_blank\" data-fig-type=\"Video\" rel=\"noopener\" data-gtm-custom-categorie=\"navigation\" data-gtm-custom-action=\"crossclick\" data-gtm-custom-label=\"Contextuel\" data-gtm-event=\"customEventSPE\" data-fig-domain=\"LEFIGARO\">Brigitte Bardot<\/a>\u00a0est au centre d&rsquo;un documentaire qui sort mercredi en salles, portrait \u00e9logieux de la nonag\u00e9naire qui a depuis longtemps tourn\u00e9 le dos au cin\u00e9ma. \u00abJe me fous qu&rsquo;on se souvienne de moi. Je voudrais qu&rsquo;on se souvienne du respect qu&rsquo;on doit aux animaux\u00bb, lance Brigitte Bardot en pr\u00e9ambule de Bardot, un film r\u00e9alis\u00e9 par Elora Thevenet et Alain Berliner.<\/p>\n<p class=\"fig-paragraph\">La star de 91 ans a accept\u00e9 de participer \u00e0 ce documentaire, r\u00e9pondant aux questions des r\u00e9alisateurs aux c\u00f4t\u00e9s de ses animaux dans sa r\u00e9sidence de \u00abLa Garrigue\u00bb, non loin de Saint-Tropez, dans le sud de la France. Le film d\u00e9roule la vie de B.B., de son enfance bourgeoise \u00e0 Paris \u00e0 son combat pour le bien-\u00eatre animal.<\/p>\n<p>                                            <a class=\"fig-a11y-skip\" href=\"#fig-a11y-skip-main-inarticle\" data-module=\"a11y-skip\" data-context=\"was @visible\"><br \/>\n    Passer la publicit\u00e9<br \/>\n<\/a>            <\/p>\n<p class=\"fig-paragraph\">Elle acquiert le statut de star mondiale \u00e0 la sortie de \u00abEt Dieu&#8230; cr\u00e9a la femme\u00bb, de Roger Vadim, son premier mari, en 1956. Le film est un immense succ\u00e8s, en particulier aux \u00c9tats-Unis, o\u00f9 son incarnation de femme libre fait sensation. Une c\u00e9l\u00e9brit\u00e9 ph\u00e9nom\u00e9nale, qui sera toujours mal v\u00e9cue par l&rsquo;actrice, la qualifiant de \u00abprison agr\u00e9able, mais une prison quand m\u00eame\u00bb. \u00abLa gloire, c&rsquo;est formidable et c&rsquo;est invivable\u00bb, dit dans ce documentaire celle qui a souffert de l&rsquo;intrusion des paparazzi dans sa vie priv\u00e9e et a interrompu sa carri\u00e8re au cin\u00e9ma en 1973, \u00e0 38 ans.<\/p>\n<p>                                            Positions acerbes sur l\u2019actualit\u00e9<\/p>\n<p class=\"fig-paragraph\">Le film revient aussi sur le statut d&rsquo;ic\u00f4ne f\u00e9minine de B.B., chignon d\u00e9coiff\u00e9, en jean et marini\u00e8re, avec des chaussures plates, une nouveaut\u00e9 \u00e0 l&rsquo;\u00e9poque, copi\u00e9e par des g\u00e9n\u00e9rations de femmes. Des images d&rsquo;archives et interviews de personnalit\u00e9s tout au long du film viennent expliquer \u00abla r\u00e9volution incarn\u00e9e par B.B.\u00bb, qui a su imposer ses conditions dans un mode domin\u00e9 par les hommes.<\/p>\n<p class=\"fig-paragraph\">Il s&rsquo;attarde \u00e9galement sur son \u0153uvre \u00e0 la t\u00eate de la fondation qui porte son nom pour d\u00e9fendre les animaux, notamment son combat contre la chasse aux b\u00e9b\u00e9s phoques. \u00abPlus \u00e7a va dans ma vie et plus j&rsquo;ai peur des humains. Je suis plus animale qu&rsquo;humaine\u00bb, confie Brigitte Bardot.<\/p>\n<p class=\"fig-paragraph\">Ses prises de position acerbes de ces derni\u00e8res ann\u00e9es sur l&rsquo;immigration, le f\u00e9minisme ou les chasseurs, dont certaines lui ont valu des condamnations pour injure raciale, ne sont en revanche que bri\u00e8vement abord\u00e9es. Peu pr\u00e9sente dans les m\u00e9dias, Brigitte Bardot a pris la parole sur X le 22 octobre pour assurer aller \u00abbien\u00bb, apr\u00e8s des rumeurs sur sa sant\u00e9 suite \u00e0 une hospitalisation \u00e0 Toulon (Var).<\/p>\n","protected":false},"excerpt":{"rendered":"La star de 91 ans a accept\u00e9 de participer \u00e0 ce documentaire, r\u00e9pondant aux questions des r\u00e9alisateurs aux&hellip;\n","protected":false},"author":2,"featured_media":566804,"comment_status":"","ping_status":"","sticky":false,"template":"","format":"standard","meta":{"footnotes":""},"categories":[1354],"tags":[20224,58,1190,59,1346,1011,27,1360],"class_list":{"0":"post-566803","1":"post","2":"type-post","3":"status-publish","4":"format-standard","5":"has-post-thumbnail","7":"category-films","8":"tag-brigitte-bardot","9":"tag-divertissement","10":"tag-documentaire","11":"tag-entertainment","12":"tag-films","13":"tag-fr","14":"tag-france","15":"tag-movies"},"share_on_mastodon":{"url":"https:\/\/pubeurope.com\/@fr\/115633438337152933","error":""},"_links":{"self":[{"href":"https:\/\/www.europesays.com\/fr\/wp-json\/wp\/v2\/posts\/566803","targetHints":{"allow":["GET"]}}],"collection":[{"href":"https:\/\/www.europesays.com\/fr\/wp-json\/wp\/v2\/posts"}],"about":[{"href":"https:\/\/www.europesays.com\/fr\/wp-json\/wp\/v2\/types\/post"}],"author":[{"embeddable":true,"href":"https:\/\/www.europesays.com\/fr\/wp-json\/wp\/v2\/users\/2"}],"replies":[{"embeddable":true,"href":"https:\/\/www.europesays.com\/fr\/wp-json\/wp\/v2\/comments?post=566803"}],"version-history":[{"count":0,"href":"https:\/\/www.europesays.com\/fr\/wp-json\/wp\/v2\/posts\/566803\/revisions"}],"wp:featuredmedia":[{"embeddable":true,"href":"https:\/\/www.europesays.com\/fr\/wp-json\/wp\/v2\/media\/566804"}],"wp:attachment":[{"href":"https:\/\/www.europesays.com\/fr\/wp-json\/wp\/v2\/media?parent=566803"}],"wp:term":[{"taxonomy":"category","embeddable":true,"href":"https:\/\/www.europesays.com\/fr\/wp-json\/wp\/v2\/categories?post=566803"},{"taxonomy":"post_tag","embeddable":true,"href":"https:\/\/www.europesays.com\/fr\/wp-json\/wp\/v2\/tags?post=566803"}],"curies":[{"name":"wp","href":"https:\/\/api.w.org\/{rel}","templated":true}]}}