{"id":566813,"date":"2025-11-29T14:27:17","date_gmt":"2025-11-29T14:27:17","guid":{"rendered":"https:\/\/www.europesays.com\/fr\/566813\/"},"modified":"2025-11-29T14:27:17","modified_gmt":"2025-11-29T14:27:17","slug":"jordan-bardella-veut-faire-annuler-un-decret-de-la-honte-le-gouvernement-denonce-une-desinformation","status":"publish","type":"post","link":"https:\/\/www.europesays.com\/fr\/566813\/","title":{"rendered":"Jordan Bardella veut faire annuler \u00ab\u00a0un d\u00e9cret de la honte\u00a0\u00bb, le gouvernement d\u00e9nonce \u00ab\u00a0une d\u00e9sinformation\u00a0\u00bb"},"content":{"rendered":"<p>Il savoure ce qu\u2019il pr\u00e9sente comme \u00ab\u00a0sa\u00a0\u00bb victoire. Cette semaine, le Rassemblement national a beaucoup insist\u00e9 pour saluer <a href=\"https:\/\/www.20minutes.fr\/politique\/4188190-20251126-taxe-fonciere-lecornu-annonce-suppression-hausse-contestee\" class=\"c-link c-link--is-underlined\" target=\"_blank\" rel=\"noopener\">le recul du gouvernement sur la hausse de la taxe fonci\u00e8re<\/a>. Mais le parti d\u2019extr\u00eame droite ne veut pas s\u2019arr\u00eater l\u00e0. Dans une vid\u00e9o diffus\u00e9e sur ses r\u00e9seaux sociaux, le pr\u00e9sident du RN Jordan Bardella a appel\u00e9 ses partisans \u00e0 \u00ab\u00a0se mobiliser\u00a0\u00bb contre un d\u00e9cret. Le texte porte sur les certificats d\u2019\u00e9conomie d\u2019\u00e9nergie, qui augmenteraient, selon lui, les prix de l\u2019\u00e9nergie de deux milliards l\u2019an prochain. \u00ab\u00a0Nous pouvons et nous devons, avec votre soutien, faire annuler ce d\u00e9cret de la honte\u00a0\u00bb, qui se r\u00e9percutera \u00ab\u00a0sur le carburant, le fioul, le gaz et l\u2019\u00e9lectricit\u00e9\u00a0\u00bb, a lanc\u00e9 Jordan Bardella dans son message vid\u00e9o.<\/p>\n<\/p>\n<p>Ces certificats d\u2019\u00e9conomie d\u2019\u00e9nergie seront en fait pay\u00e9s par les fournisseurs d\u2019\u00e9nergie, <a href=\"https:\/\/www.20minutes.fr\/societe\/4139351-20250218-rhone-societes-detourne-plus-13-millions-euros-aides-renovation-energetique\" class=\"c-link c-link--is-underlined\" target=\"_blank\" rel=\"noopener\">sur le principe du pollueur-payeur<\/a>. Cette taxe vise \u00e0 financer les dispositifs d\u2019\u00e9conomies d\u2019\u00e9nergie comme les pompes \u00e0 chaleur ou les travaux d\u2019isolation. Si elle s\u2019applique aux fournisseurs, elle sera probablement r\u00e9percut\u00e9e sur la facture des consommateurs. Selon Jordan Bardella, cette \u00ab\u00a0agression fiscale\u00a0\u00bb qui fera grimper l\u2019enveloppe financi\u00e8re globale du dispositif de 6\u00a0milliards d\u2019euros en\u00a02025 \u00e0 8\u00a0milliards en\u00a02026. Pour l\u2019heure, aucune clarification n\u2019a \u00e9t\u00e9 apport\u00e9e sur le financement du dispositif, qui doit entrer en vigueur au 1er\u00a0janvier.<\/p>\n<p><a href=\"https:\/\/www.20minutes.fr\/dossier\/energie\" class=\"c-link c-btn c-btn--primary\" target=\"_blank\" rel=\"noopener\">Le dossier Energies<\/a><\/p>\n<p>Selon le lobby des p\u00e9troliers (Ufip), le d\u00e9cret <a href=\"https:\/\/www.20minutes.fr\/economie\/4188088-20251126-pourquoi-carburants-pompe-vont-augmenter-4-6-centimes-litre-1er-janvier\" class=\"c-link c-link--is-underlined\" target=\"_blank\" rel=\"noopener\">va faire ainsi augmenter les prix \u00e0 la pompe<\/a> \u00ab\u00a0de l\u2019ordre de 4 \u00e0 6 centimes par litre\u00a0\u00bb. \u00ab\u00a0Ceci n\u2019est pas un imp\u00f4t\u00a0\u00bb, a r\u00e9pondu le ministre d\u00e9l\u00e9gu\u00e9 \u00e0 la Transition \u00e9cologique, Mathieu Lef\u00e8vre fustigeant \u00ab\u00a0une d\u00e9sinformation\u00a0\u00bb car \u00ab\u00a0ce d\u00e9cret ne fixe pas le prix de l\u2019\u00e9nergie et encore moins ceux des carburants\u00a0\u00bb. Selon le ministre de l\u2019\u00c9conomie Roland Lescure, \u00ab\u00a0l\u2019impact existe, c\u2019est un fait\u00a0\u00bb, \u00ab\u00a0mais la plupart des \u00e9nerg\u00e9ticiens ne r\u00e9percutent que marginalement les CEE sur les consommateurs.\u00a0\u00bb<\/p>\n","protected":false},"excerpt":{"rendered":"Il savoure ce qu\u2019il pr\u00e9sente comme \u00ab\u00a0sa\u00a0\u00bb victoire. Cette semaine, le Rassemblement national a beaucoup insist\u00e9 pour saluer&hellip;\n","protected":false},"author":2,"featured_media":566814,"comment_status":"","ping_status":"","sticky":false,"template":"","format":"standard","meta":{"footnotes":""},"categories":[6],"tags":[47,35,33,34,893,1076,1011,27,843,1077,52,316,24524,44328,2556,2549,4426],"class_list":{"0":"post-566813","1":"post","2":"type-post","3":"status-publish","4":"format-standard","5":"has-post-thumbnail","7":"category-economie","8":"tag-actualite","9":"tag-business","10":"tag-economie","11":"tag-economy","12":"tag-energie","13":"tag-extreme-droite","14":"tag-fr","15":"tag-france","16":"tag-gaz","17":"tag-jordan-bardella","18":"tag-planete","19":"tag-politique","20":"tag-prix-de-lelectricite","21":"tag-prix-des-carburants","22":"tag-rassemblement-national-rn","23":"tag-taxe","24":"tag-transition-energetique"},"share_on_mastodon":{"url":"https:\/\/pubeurope.com\/@fr\/115633457982034047","error":""},"_links":{"self":[{"href":"https:\/\/www.europesays.com\/fr\/wp-json\/wp\/v2\/posts\/566813","targetHints":{"allow":["GET"]}}],"collection":[{"href":"https:\/\/www.europesays.com\/fr\/wp-json\/wp\/v2\/posts"}],"about":[{"href":"https:\/\/www.europesays.com\/fr\/wp-json\/wp\/v2\/types\/post"}],"author":[{"embeddable":true,"href":"https:\/\/www.europesays.com\/fr\/wp-json\/wp\/v2\/users\/2"}],"replies":[{"embeddable":true,"href":"https:\/\/www.europesays.com\/fr\/wp-json\/wp\/v2\/comments?post=566813"}],"version-history":[{"count":0,"href":"https:\/\/www.europesays.com\/fr\/wp-json\/wp\/v2\/posts\/566813\/revisions"}],"wp:featuredmedia":[{"embeddable":true,"href":"https:\/\/www.europesays.com\/fr\/wp-json\/wp\/v2\/media\/566814"}],"wp:attachment":[{"href":"https:\/\/www.europesays.com\/fr\/wp-json\/wp\/v2\/media?parent=566813"}],"wp:term":[{"taxonomy":"category","embeddable":true,"href":"https:\/\/www.europesays.com\/fr\/wp-json\/wp\/v2\/categories?post=566813"},{"taxonomy":"post_tag","embeddable":true,"href":"https:\/\/www.europesays.com\/fr\/wp-json\/wp\/v2\/tags?post=566813"}],"curies":[{"name":"wp","href":"https:\/\/api.w.org\/{rel}","templated":true}]}}