{"id":566815,"date":"2025-11-29T14:28:11","date_gmt":"2025-11-29T14:28:11","guid":{"rendered":"https:\/\/www.europesays.com\/fr\/566815\/"},"modified":"2025-11-29T14:28:11","modified_gmt":"2025-11-29T14:28:11","slug":"a-toutes-les-compagnies-aeriennes-pilotes-trafiquants-trump-affirme-que-lespace-aerien-du-venezuela-doit-etre-considere-comme-entierement-ferme","status":"publish","type":"post","link":"https:\/\/www.europesays.com\/fr\/566815\/","title":{"rendered":"\u00ab\u00c0 toutes les compagnies a\u00e9riennes, pilotes, trafiquants&#8230;\u00bb\u00a0:Trump affirme que l&rsquo;espace a\u00e9rien du Venezuela doit \u00eatre consid\u00e9r\u00e9 comme \u00abenti\u00e8rement ferm\u00e9\u00bb"},"content":{"rendered":"<p>\n    Le pr\u00e9sident am\u00e9ricain s\u2019est exprim\u00e9 ce samedi sur son r\u00e9seau Truth Social.<\/p>\n<p class=\"fig-paragraph\">Comme \u00e0 son habitude, le pr\u00e9sident am\u00e9ricain Donald Trump n\u2019a pas m\u00e2ch\u00e9 ses mots ce samedi. Dans le cadre de sa confrontation croissante\u00a0<a href=\"http:\/\/www.lefigaro.fr\/international\/venezuela-l-administration-trump-augmente-la-pression-sur-maduro-20251124\" data-fig-type=\"Article\" data-gtm-custom-categorie=\"navigation\" data-gtm-custom-action=\"crossclick\" data-gtm-custom-label=\"Contextuel\" data-gtm-event=\"customEventSPE\" data-fig-domain=\"LEFIGARO\" target=\"_blank\" rel=\"noopener\">avec le dirigeant de gauche Nicolas Maduro<\/a>, il a lanc\u00e9 un avertissement sur son r\u00e9seau Truth Social\u00a0:\u00ab\u00c0 toutes les compagnies a\u00e9riennes, pilotes, trafiquants de drogue et trafiquants d&rsquo;\u00eatres humains,\u00bb \u00abveuillez consid\u00e9rer L&rsquo;ESPACE A\u00c9RIEN AU-DESSUS ET AUTOUR DU VENEZUELA COMME ENTI\u00c8REMENT FERM\u00c9\u00bb.<\/p>\n<p class=\"fig-paragraph\">Le pr\u00e9sident am\u00e9ricain n\u2019a pas donn\u00e9 de d\u00e9tails. Cette d\u00e9claration intervient alors que l&rsquo;administration Trump, dans sa lutte contre les cartels de la drogue, intensifie la pression sur le Venezuela avec un d\u00e9ploiement militaire majeur dans les Cara\u00efbes, incluant\u00a0<a href=\"http:\/\/www.lefigaro.fr\/international\/337-metres-de-long-4-600-marins-90-aeronefs-le-gerald-r-ford-le-super-porte-avions-de-trump-contre-le-narcotrafic-20251115\" data-fig-type=\"Article\" data-gtm-custom-categorie=\"navigation\" data-gtm-custom-action=\"crossclick\" data-gtm-custom-label=\"Contextuel\" data-gtm-event=\"customEventSPE\" data-fig-domain=\"LEFIGARO\" target=\"_blank\" rel=\"noopener\">le plus grand porte-avions du monde.\u00a0<\/a>Si Washington affirme que l\u2019objectif est de r\u00e9duire le trafic de drogue, Caracas insiste sur le fait que le v\u00e9ritable but est un changement de r\u00e9gime.<\/p>\n<p>                                            <a class=\"fig-a11y-skip\" href=\"#fig-a11y-skip-main-inarticle\" data-module=\"a11y-skip\" data-context=\"was @visible\"><br \/>\n    Passer la publicit\u00e9<br \/>\n<\/a>            <\/p>\n<p>                                            Des frappes am\u00e9ricaines contre des navires soup\u00e7onn\u00e9s de trafic de drogue<\/p>\n<p class=\"fig-paragraph\">Les forces am\u00e9ricaines ont men\u00e9 des frappes contre plus de 20 navires soup\u00e7onn\u00e9s de trafic de drogue v\u00e9n\u00e9zu\u00e9liens dans la mer des Cara\u00efbes et l\u2019oc\u00e9an Pacifique Est depuis d\u00e9but septembre, tuant plus de 80 personnes.<\/p>\n<p class=\"fig-paragraph\">Washington n\u2019a pas encore fourni de preuves que les navires cibl\u00e9s \u00e9taient utilis\u00e9s pour le trafic de drogue ou repr\u00e9sentaient une menace pour les \u00c9tats-Unis. Et les tensions r\u00e9gionales se sont intensifi\u00e9es en raison de cette campagne et du renforcement militaire qui l\u2019accompagne.<\/p>\n<p class=\"fig-paragraph\">Le New York Times a rapport\u00e9 vendredi que Donald Trump et Nicolas Maduro s\u2019\u00e9taient r\u00e9cemment entretenus par t\u00e9l\u00e9phone et avaient discut\u00e9 d\u2019une possible rencontre aux \u00c9tats-Unis. La veille, le pr\u00e9sident am\u00e9ricain avait d\u00e9clar\u00e9 que ses forces allaient tr\u00e8s bient\u00f4t commencer \u00e0 cibler des \u00abtrafiquants de drogue v\u00e9n\u00e9zu\u00e9liens\u00bb lors d\u2019op\u00e9rations terrestres, accentuant encore la pression sur Caracas.<\/p>\n","protected":false},"excerpt":{"rendered":"Le pr\u00e9sident am\u00e9ricain s\u2019est exprim\u00e9 ce samedi sur son r\u00e9seau Truth Social. Comme \u00e0 son habitude, le pr\u00e9sident&hellip;\n","protected":false},"author":2,"featured_media":566816,"comment_status":"","ping_status":"","sticky":false,"template":"","format":"standard","meta":{"footnotes":""},"categories":[5],"tags":[259,11,260,1011,27,14,261,12,262,28],"class_list":{"0":"post-566815","1":"post","2":"type-post","3":"status-publish","4":"format-standard","5":"has-post-thumbnail","7":"category-international","8":"tag-actualite-internationale","9":"tag-actualites","10":"tag-affaires-etrangeres","11":"tag-fr","12":"tag-france","13":"tag-international","14":"tag-ministere-des-affaires-etrangeres","15":"tag-news","16":"tag-politique-etrangere","17":"tag-world"},"share_on_mastodon":{"url":"https:\/\/pubeurope.com\/@fr\/115633462027139409","error":""},"_links":{"self":[{"href":"https:\/\/www.europesays.com\/fr\/wp-json\/wp\/v2\/posts\/566815","targetHints":{"allow":["GET"]}}],"collection":[{"href":"https:\/\/www.europesays.com\/fr\/wp-json\/wp\/v2\/posts"}],"about":[{"href":"https:\/\/www.europesays.com\/fr\/wp-json\/wp\/v2\/types\/post"}],"author":[{"embeddable":true,"href":"https:\/\/www.europesays.com\/fr\/wp-json\/wp\/v2\/users\/2"}],"replies":[{"embeddable":true,"href":"https:\/\/www.europesays.com\/fr\/wp-json\/wp\/v2\/comments?post=566815"}],"version-history":[{"count":0,"href":"https:\/\/www.europesays.com\/fr\/wp-json\/wp\/v2\/posts\/566815\/revisions"}],"wp:featuredmedia":[{"embeddable":true,"href":"https:\/\/www.europesays.com\/fr\/wp-json\/wp\/v2\/media\/566816"}],"wp:attachment":[{"href":"https:\/\/www.europesays.com\/fr\/wp-json\/wp\/v2\/media?parent=566815"}],"wp:term":[{"taxonomy":"category","embeddable":true,"href":"https:\/\/www.europesays.com\/fr\/wp-json\/wp\/v2\/categories?post=566815"},{"taxonomy":"post_tag","embeddable":true,"href":"https:\/\/www.europesays.com\/fr\/wp-json\/wp\/v2\/tags?post=566815"}],"curies":[{"name":"wp","href":"https:\/\/api.w.org\/{rel}","templated":true}]}}