{"id":566822,"date":"2025-11-29T14:35:16","date_gmt":"2025-11-29T14:35:16","guid":{"rendered":"https:\/\/www.europesays.com\/fr\/566822\/"},"modified":"2025-11-29T14:35:16","modified_gmt":"2025-11-29T14:35:16","slug":"a-2-0-a-la-pause-on-pouvait-pretendre-a-autre-chose","status":"publish","type":"post","link":"https:\/\/www.europesays.com\/fr\/566822\/","title":{"rendered":"\u00c0 2-0 \u00e0 la pause, on pouvait pr\u00e9tendre \u00e0 autre chose"},"content":{"rendered":"<p data-start=\"128\" data-end=\"978\">Dans les matchs de Coupe de France, lorsque l&rsquo;on est la meilleure \u00e9quipe sur le papier, le plus dur c&rsquo;est d&rsquo;ouvrir le score. Alors quand vous meniez 2-0 \u00e0 la mi-temps, m\u00eame si la rencontre n&rsquo;est pas finie, vous avez fait un grand pas vers la victoire. Ce n&rsquo;est pas le cas pour Nancy. Les pensionnaires de Ligue 2, qui se d\u00e9pla\u00e7aient ce vendredi 28 novembre pour le 8e tour sur la pelouse de Sarreguemines, club de R\u00e9gional 1, ont v\u00e9cu un match tr\u00e8s compliqu\u00e9. Comme l&rsquo;explique l\u2019entra\u00eeneur nanc\u00e9ien Pablo Correa sur le compte X \u00ab\u00a0Fans of Nancy\u00a0\u00bb : \u00ab\u00a0On avait fait une diff\u00e9rence \u00e0 la mi-temps (2-0 pour Nancy). On ne croyait pas que le match \u00e9tait acquis. Ils se sont accroch\u00e9s. On voulait \u00eatre plus conqu\u00e9rants et plus justes avec le ballon m\u00eame si c\u2019\u00e9tait compliqu\u00e9 avec le terrain. On sait que dans ce type de rencontre tout peut basculer tr\u00e8s vite.\u00a0\u00bb<\/p>\n<p data-start=\"980\" data-end=\"1540\">Et pour cause, les amateurs vont revenir dans ce duel : \u00ab\u00a0Alors qu\u2019on menait 2-0 \u00e0 la pause, on pouvait pr\u00e9tendre \u00e0 autre chose. Il y a eu des d\u00e9chets qui ont permis \u00e0 notre adversaire de revenir \u00e0 chaque fois. On n\u2019a pas eu la s\u00e9r\u00e9nit\u00e9 lorsqu\u2019on avait l\u2019avantage.\u00a0\u00bb L&rsquo;Uruguayen a m\u00eame eu peur de devoir passer par une s\u00e9ance de tirs au but alors que son \u00e9quipe est \u00e0 3-3 \u00e0 la 87e minute : \u00ab\u00a0\u00c0 3-3, je me dis que \u00e7a peut basculer de n\u2019importe quel c\u00f4t\u00e9. C\u2019\u00e9tait un vrai match de Coupe de France. Je suis content pour mes joueurs qui sont all\u00e9s chercher ce 4e but.<\/p>\n<p>\u00ab\u00a0Il faut \u00eatre novice dans le football pour croire qu\u2019on allait se qualifier rien qu\u2019avec la diff\u00e9rence de niveau\u00a0\u00bb<\/p>\n<p data-start=\"1657\" data-end=\"2279\" data-is-last-node=\"\" data-is-only-node=\"\">Fort de son exp\u00e9rience de plus de 600 matchs sur le banc des Chardons (618), Correa ne s&rsquo;attendait pas \u00e0 une balade de sant\u00e9 en Moselle, comme il l&rsquo;explique au m\u00e9dia des supporters : \u00ab\u00a0\u00c7a ne me surprend pas que Sarreguemines joue de cette fa\u00e7on. Il faut \u00eatre novice dans le football pour croire qu\u2019on allait se qualifier rien qu\u2019avec la diff\u00e9rence de niveau.\u00a0\u00bb Pour le technicien de 58 ans, l&rsquo;essentiel est assur\u00e9 : \u00ab\u00a0On est pass\u00e9, c\u2019est le plus important, on va regarder les matchs de championnat d\u00e9sormais.\u00a0\u00bb Nancy se d\u00e9placera le 5 d\u00e9cembre (20h) sur la pelouse de Grenoble. Le club lorrain est actuellement 16e de Ligue 2.<\/p>\n","protected":false},"excerpt":{"rendered":"Dans les matchs de Coupe de France, lorsque l&rsquo;on est la meilleure \u00e9quipe sur le papier, le plus&hellip;\n","protected":false},"author":2,"featured_media":566823,"comment_status":"","ping_status":"","sticky":false,"template":"","format":"standard","meta":{"footnotes":""},"categories":[9635],"tags":[1111,11,61432,1777,674,1011,27,775,1702,12,25],"class_list":{"0":"post-566822","1":"post","2":"type-post","3":"status-publish","4":"format-standard","5":"has-post-thumbnail","7":"category-nancy","8":"tag-actu","9":"tag-actualites","10":"tag-coupes-coupe-de-france","11":"tag-eu","12":"tag-europe","13":"tag-fr","14":"tag-france","15":"tag-grand-est","16":"tag-nancy","17":"tag-news","18":"tag-republique-francaise"},"share_on_mastodon":{"url":"https:\/\/pubeurope.com\/@fr\/115633489364075506","error":""},"_links":{"self":[{"href":"https:\/\/www.europesays.com\/fr\/wp-json\/wp\/v2\/posts\/566822","targetHints":{"allow":["GET"]}}],"collection":[{"href":"https:\/\/www.europesays.com\/fr\/wp-json\/wp\/v2\/posts"}],"about":[{"href":"https:\/\/www.europesays.com\/fr\/wp-json\/wp\/v2\/types\/post"}],"author":[{"embeddable":true,"href":"https:\/\/www.europesays.com\/fr\/wp-json\/wp\/v2\/users\/2"}],"replies":[{"embeddable":true,"href":"https:\/\/www.europesays.com\/fr\/wp-json\/wp\/v2\/comments?post=566822"}],"version-history":[{"count":0,"href":"https:\/\/www.europesays.com\/fr\/wp-json\/wp\/v2\/posts\/566822\/revisions"}],"wp:featuredmedia":[{"embeddable":true,"href":"https:\/\/www.europesays.com\/fr\/wp-json\/wp\/v2\/media\/566823"}],"wp:attachment":[{"href":"https:\/\/www.europesays.com\/fr\/wp-json\/wp\/v2\/media?parent=566822"}],"wp:term":[{"taxonomy":"category","embeddable":true,"href":"https:\/\/www.europesays.com\/fr\/wp-json\/wp\/v2\/categories?post=566822"},{"taxonomy":"post_tag","embeddable":true,"href":"https:\/\/www.europesays.com\/fr\/wp-json\/wp\/v2\/tags?post=566822"}],"curies":[{"name":"wp","href":"https:\/\/api.w.org\/{rel}","templated":true}]}}