{"id":566824,"date":"2025-11-29T14:37:18","date_gmt":"2025-11-29T14:37:18","guid":{"rendered":"https:\/\/www.europesays.com\/fr\/566824\/"},"modified":"2025-11-29T14:37:18","modified_gmt":"2025-11-29T14:37:18","slug":"toulon-les-sapeurs-pompiers-interviennent-pour-le-sauvetage-de-deux-chiens-bloques-dans-deux-failles-a-cabasse-et-sollies-ville","status":"publish","type":"post","link":"https:\/\/www.europesays.com\/fr\/566824\/","title":{"rendered":"TOULON : Les sapeurs-pompiers interviennent pour le sauvetage de deux chiens bloqu\u00e9s dans deux failles \u00e0 Cabasse et Sollies-Ville"},"content":{"rendered":"<p><strong>Dans un secteur bois\u00e9, les sapeurs-pompiers du Var interviennent pour le sauvetage de deux chiens bloqu\u00e9s dans deux failles sur deux communes diff\u00e9rentes \u00e0 Cabasse et Sollies-Ville.<\/strong><\/p>\n<p>\ud83d\udd35 Sur la commune de Sollies-Ville, il s\u2019agit d\u2019un chien de chasse tomb\u00e9 dans une faille \u00e0 environ 5 m\u00e8tres de profondeur.\u00a0Sur la commune de Cabasse, c\u2019est un chien bloqu\u00e9 \u00e0 environ 2 m\u00e8tres de profondeur.<\/p>\n<p><img decoding=\"async\" src=\"https:\/\/www.europesays.com\/fr\/wp-content\/uploads\/2025\/11\/Photo-de-lentree-.jpg\"\/><\/p>\n<p><strong>Le dispositif de secours comprend :\u00a0<\/strong><\/p>\n<p>\u27a1 1 \u00e9quipe sp\u00e9cialis\u00e9e en intervention en site souterrain<\/p>\n<p>\u27a1 2 v\u00e9hicules de commandement<\/p>\n<p><strong>Nombre de sapeurs-pompiers engag\u00e9s sur ces deux op\u00e9rations :<\/strong> 7.<\/p>\n<p><strong>Photo SDIS du Var.<\/strong><\/p>\n","protected":false},"excerpt":{"rendered":"Dans un secteur bois\u00e9, les sapeurs-pompiers du Var interviennent pour le sauvetage de deux chiens bloqu\u00e9s dans deux&hellip;\n","protected":false},"author":2,"featured_media":566825,"comment_status":"","ping_status":"","sticky":false,"template":"","format":"standard","meta":{"footnotes":""},"categories":[9619],"tags":[1111,11,1777,674,1011,27,12,882,25,2310],"class_list":{"0":"post-566824","1":"post","2":"type-post","3":"status-publish","4":"format-standard","5":"has-post-thumbnail","7":"category-toulon","8":"tag-actu","9":"tag-actualites","10":"tag-eu","11":"tag-europe","12":"tag-fr","13":"tag-france","14":"tag-news","15":"tag-provence-alpes-cote-dazur","16":"tag-republique-francaise","17":"tag-toulon"},"share_on_mastodon":{"url":"https:\/\/pubeurope.com\/@fr\/115633498020543890","error":""},"_links":{"self":[{"href":"https:\/\/www.europesays.com\/fr\/wp-json\/wp\/v2\/posts\/566824","targetHints":{"allow":["GET"]}}],"collection":[{"href":"https:\/\/www.europesays.com\/fr\/wp-json\/wp\/v2\/posts"}],"about":[{"href":"https:\/\/www.europesays.com\/fr\/wp-json\/wp\/v2\/types\/post"}],"author":[{"embeddable":true,"href":"https:\/\/www.europesays.com\/fr\/wp-json\/wp\/v2\/users\/2"}],"replies":[{"embeddable":true,"href":"https:\/\/www.europesays.com\/fr\/wp-json\/wp\/v2\/comments?post=566824"}],"version-history":[{"count":0,"href":"https:\/\/www.europesays.com\/fr\/wp-json\/wp\/v2\/posts\/566824\/revisions"}],"wp:featuredmedia":[{"embeddable":true,"href":"https:\/\/www.europesays.com\/fr\/wp-json\/wp\/v2\/media\/566825"}],"wp:attachment":[{"href":"https:\/\/www.europesays.com\/fr\/wp-json\/wp\/v2\/media?parent=566824"}],"wp:term":[{"taxonomy":"category","embeddable":true,"href":"https:\/\/www.europesays.com\/fr\/wp-json\/wp\/v2\/categories?post=566824"},{"taxonomy":"post_tag","embeddable":true,"href":"https:\/\/www.europesays.com\/fr\/wp-json\/wp\/v2\/tags?post=566824"}],"curies":[{"name":"wp","href":"https:\/\/api.w.org\/{rel}","templated":true}]}}